{"id":9703,"date":"2023-04-11T15:10:21","date_gmt":"2023-04-11T15:10:21","guid":{"rendered":"https:\/\/www.bedigitaltogether.be\/repenser-linclusion-dans-le-nouveau-monde-du-travail-votre-guide-pour-une-culture-dinclusion-et-degalite-femmes-hommes-dans-le-monde-postpandemique\/"},"modified":"2023-04-12T07:36:52","modified_gmt":"2023-04-12T07:36:52","slug":"repenser-linclusion-dans-le-nouveau-monde-du-travail-votre-guide-pour-une-culture-dinclusion-et-degalite-femmes-hommes-dans-le-monde-postpandemique","status":"publish","type":"post","link":"https:\/\/www.bedigitaltogether.be\/fr\/repenser-linclusion-dans-le-nouveau-monde-du-travail-votre-guide-pour-une-culture-dinclusion-et-degalite-femmes-hommes-dans-le-monde-postpandemique\/","title":{"rendered":"Repenser l&rsquo;inclusion dans le nouveau monde du travail. Votre guide pour une culture d&rsquo;inclusion et d\u2019\u00e9galit\u00e9 femmes-hommes dans le monde postpand\u00e9mique."},"content":{"rendered":"\n<p>Dans ce guide pratique, nous examinons l\u2019impact des nouvelles fa\u00e7ons de travailler postpand\u00e9mie sur les in\u00e9galit\u00e9s professionnelles. Nous proposons un mod\u00e8le pour r\u00e9inventer l\u2019inclusion dans le cadre de ces nouveaux modes de travail, des cas pratiques et des conseils des experts, ainsi qu\u2019une liste de bonnes pratiques pour les dirigeant.es, manager et responsables RH \/ D&amp;I pour d\u00e9velopper une culture d\u2019inclusion et promouvoir l\u2019\u00e9galit\u00e9 professionnelle dans un contexte de t\u00e9l\u00e9travail et de travail hybride.<\/p>\n","protected":false},"excerpt":{"rendered":"<p>Dans ce guide pratique, nous examinons l\u2019impact des nouvelles fa\u00e7ons de travailler postpand\u00e9mie sur les in\u00e9galit\u00e9s professionnelles. Nous proposons un mod\u00e8le pour r\u00e9inventer l\u2019inclusion dans le cadre de ces nouveaux modes de travail, des cas pratiques et des conseils des experts, ainsi qu\u2019une liste de bonnes pratiques pour les dirigeant.es, manager et responsables RH \/ [&hellip;]<\/p>\n","protected":false},"author":1,"featured_media":9746,"comment_status":"open","ping_status":"closed","sticky":false,"template":"","format":"standard","meta":{"_acf_changed":false,"footnotes":""},"categories":[104],"tags":[116],"active":[148,150],"class_list":["post-9703","post","type-post","status-publish","format-standard","has-post-thumbnail","hentry","category-retenir-les-femmes-dans-le-numerique","tag-actualites","active-archive","active-archive-fr"],"acf":[],"yoast_head":"<!-- This site is optimized with the Yoast SEO plugin v27.5 - https:\/\/yoast.com\/product\/yoast-seo-wordpress\/ -->\n<title>Repenser l&#039;inclusion dans le nouveau monde du travail. Votre guide pour une culture d&#039;inclusion et d\u2019\u00e9galit\u00e9 femmes-hommes dans le monde postpand\u00e9mique. - BeDigitalTogether - Be Digital Together<\/title>\n<meta name=\"robots\" content=\"index, follow, max-snippet:-1, max-image-preview:large, max-video-preview:-1\" \/>\n<link rel=\"canonical\" href=\"https:\/\/www.bedigitaltogether.be\/fr\/\" \/>\n<meta property=\"og:locale\" content=\"fr_FR\" \/>\n<meta property=\"og:type\" content=\"article\" \/>\n<meta property=\"og:title\" content=\"Repenser l&#039;inclusion dans le nouveau monde du travail. Votre guide pour une culture d&#039;inclusion et d\u2019\u00e9galit\u00e9 femmes-hommes dans le monde postpand\u00e9mique. - BeDigitalTogether - Be Digital Together\" \/>\n<meta property=\"og:description\" content=\"Dans ce guide pratique, nous examinons l\u2019impact des nouvelles fa\u00e7ons de travailler postpand\u00e9mie sur les in\u00e9galit\u00e9s professionnelles. Nous proposons un mod\u00e8le pour r\u00e9inventer l\u2019inclusion dans le cadre de ces nouveaux modes de travail, des cas pratiques et des conseils des experts, ainsi qu\u2019une liste de bonnes pratiques pour les dirigeant.es, manager et responsables RH \/ [&hellip;]\" \/>\n<meta property=\"og:url\" content=\"https:\/\/www.bedigitaltogether.be\/fr\/\" \/>\n<meta property=\"og:site_name\" content=\"BeDigitalTogether\" \/>\n<meta property=\"article:published_time\" content=\"2023-04-11T15:10:21+00:00\" \/>\n<meta property=\"article:modified_time\" content=\"2023-04-12T07:36:52+00:00\" \/>\n<meta property=\"og:image\" content=\"https:\/\/www.bedigitaltogether.be\/wp-content\/uploads\/2023\/04\/114245882066_JUMP_inclusion_new_way_of_work_report_cover.png\" \/>\n\t<meta property=\"og:image:width\" content=\"960\" \/>\n\t<meta property=\"og:image:height\" content=\"640\" \/>\n\t<meta property=\"og:image:type\" content=\"image\/png\" \/>\n<meta name=\"author\" content=\"admin\" \/>\n<meta name=\"twitter:card\" content=\"summary_large_image\" \/>\n<meta name=\"twitter:label1\" content=\"\u00c9crit par\" \/>\n\t<meta name=\"twitter:data1\" content=\"admin\" \/>\n<script type=\"application\/ld+json\" class=\"yoast-schema-graph\">{\"@context\":\"https:\\\/\\\/schema.org\",\"@graph\":[{\"@type\":\"Article\",\"@id\":\"https:\\\/\\\/www.bedigitaltogether.be\\\/fr\\\/repenser-linclusion-dans-le-nouveau-monde-du-travail-votre-guide-pour-une-culture-dinclusion-et-degalite-femmes-hommes-dans-le-monde-postpandemique\\\/#article\",\"isPartOf\":{\"@id\":\"https:\\\/\\\/www.bedigitaltogether.be\\\/fr\\\/repenser-linclusion-dans-le-nouveau-monde-du-travail-votre-guide-pour-une-culture-dinclusion-et-degalite-femmes-hommes-dans-le-monde-postpandemique\\\/\"},\"author\":{\"name\":\"admin\",\"@id\":\"https:\\\/\\\/www.bedigitaltogether.be\\\/fr\\\/#\\\/schema\\\/person\\\/b56960572f725379f0873aa9fbd131c9\"},\"headline\":\"Repenser l&rsquo;inclusion dans le nouveau monde du travail. Votre guide pour une culture d&rsquo;inclusion et d\u2019\u00e9galit\u00e9 femmes-hommes dans le monde postpand\u00e9mique.\",\"datePublished\":\"2023-04-11T15:10:21+00:00\",\"dateModified\":\"2023-04-12T07:36:52+00:00\",\"mainEntityOfPage\":{\"@id\":\"https:\\\/\\\/www.bedigitaltogether.be\\\/fr\\\/repenser-linclusion-dans-le-nouveau-monde-du-travail-votre-guide-pour-une-culture-dinclusion-et-degalite-femmes-hommes-dans-le-monde-postpandemique\\\/\"},\"wordCount\":115,\"commentCount\":0,\"image\":{\"@id\":\"https:\\\/\\\/www.bedigitaltogether.be\\\/fr\\\/repenser-linclusion-dans-le-nouveau-monde-du-travail-votre-guide-pour-une-culture-dinclusion-et-degalite-femmes-hommes-dans-le-monde-postpandemique\\\/#primaryimage\"},\"thumbnailUrl\":\"https:\\\/\\\/www.bedigitaltogether.be\\\/wp-content\\\/uploads\\\/2023\\\/04\\\/114245882066_JUMP_inclusion_new_way_of_work_report_cover.png\",\"keywords\":[\"Actualit\u00e9s\"],\"articleSection\":[\"Retenir les femmes dans le num\u00e9rique\"],\"inLanguage\":\"fr-FR\",\"potentialAction\":[{\"@type\":\"CommentAction\",\"name\":\"Comment\",\"target\":[\"https:\\\/\\\/www.bedigitaltogether.be\\\/fr\\\/repenser-linclusion-dans-le-nouveau-monde-du-travail-votre-guide-pour-une-culture-dinclusion-et-degalite-femmes-hommes-dans-le-monde-postpandemique\\\/#respond\"]}]},{\"@type\":\"WebPage\",\"@id\":\"https:\\\/\\\/www.bedigitaltogether.be\\\/fr\\\/repenser-linclusion-dans-le-nouveau-monde-du-travail-votre-guide-pour-une-culture-dinclusion-et-degalite-femmes-hommes-dans-le-monde-postpandemique\\\/\",\"url\":\"https:\\\/\\\/www.bedigitaltogether.be\\\/fr\\\/repenser-linclusion-dans-le-nouveau-monde-du-travail-votre-guide-pour-une-culture-dinclusion-et-degalite-femmes-hommes-dans-le-monde-postpandemique\\\/\",\"name\":\"Repenser l'inclusion dans le nouveau monde du travail. Votre guide pour une culture d'inclusion et d\u2019\u00e9galit\u00e9 femmes-hommes dans le monde postpand\u00e9mique. - BeDigitalTogether - Be Digital Together\",\"isPartOf\":{\"@id\":\"https:\\\/\\\/www.bedigitaltogether.be\\\/fr\\\/#website\"},\"primaryImageOfPage\":{\"@id\":\"https:\\\/\\\/www.bedigitaltogether.be\\\/fr\\\/repenser-linclusion-dans-le-nouveau-monde-du-travail-votre-guide-pour-une-culture-dinclusion-et-degalite-femmes-hommes-dans-le-monde-postpandemique\\\/#primaryimage\"},\"image\":{\"@id\":\"https:\\\/\\\/www.bedigitaltogether.be\\\/fr\\\/repenser-linclusion-dans-le-nouveau-monde-du-travail-votre-guide-pour-une-culture-dinclusion-et-degalite-femmes-hommes-dans-le-monde-postpandemique\\\/#primaryimage\"},\"thumbnailUrl\":\"https:\\\/\\\/www.bedigitaltogether.be\\\/wp-content\\\/uploads\\\/2023\\\/04\\\/114245882066_JUMP_inclusion_new_way_of_work_report_cover.png\",\"datePublished\":\"2023-04-11T15:10:21+00:00\",\"dateModified\":\"2023-04-12T07:36:52+00:00\",\"author\":{\"@id\":\"https:\\\/\\\/www.bedigitaltogether.be\\\/fr\\\/#\\\/schema\\\/person\\\/b56960572f725379f0873aa9fbd131c9\"},\"breadcrumb\":{\"@id\":\"https:\\\/\\\/www.bedigitaltogether.be\\\/fr\\\/repenser-linclusion-dans-le-nouveau-monde-du-travail-votre-guide-pour-une-culture-dinclusion-et-degalite-femmes-hommes-dans-le-monde-postpandemique\\\/#breadcrumb\"},\"inLanguage\":\"fr-FR\",\"potentialAction\":[{\"@type\":\"ReadAction\",\"target\":[\"https:\\\/\\\/www.bedigitaltogether.be\\\/fr\\\/repenser-linclusion-dans-le-nouveau-monde-du-travail-votre-guide-pour-une-culture-dinclusion-et-degalite-femmes-hommes-dans-le-monde-postpandemique\\\/\"]}]},{\"@type\":\"ImageObject\",\"inLanguage\":\"fr-FR\",\"@id\":\"https:\\\/\\\/www.bedigitaltogether.be\\\/fr\\\/repenser-linclusion-dans-le-nouveau-monde-du-travail-votre-guide-pour-une-culture-dinclusion-et-degalite-femmes-hommes-dans-le-monde-postpandemique\\\/#primaryimage\",\"url\":\"https:\\\/\\\/www.bedigitaltogether.be\\\/wp-content\\\/uploads\\\/2023\\\/04\\\/114245882066_JUMP_inclusion_new_way_of_work_report_cover.png\",\"contentUrl\":\"https:\\\/\\\/www.bedigitaltogether.be\\\/wp-content\\\/uploads\\\/2023\\\/04\\\/114245882066_JUMP_inclusion_new_way_of_work_report_cover.png\",\"width\":960,\"height\":640},{\"@type\":\"BreadcrumbList\",\"@id\":\"https:\\\/\\\/www.bedigitaltogether.be\\\/fr\\\/repenser-linclusion-dans-le-nouveau-monde-du-travail-votre-guide-pour-une-culture-dinclusion-et-degalite-femmes-hommes-dans-le-monde-postpandemique\\\/#breadcrumb\",\"itemListElement\":[{\"@type\":\"ListItem\",\"position\":1,\"name\":\"Accueil\",\"item\":\"https:\\\/\\\/www.bedigitaltogether.be\\\/fr\\\/\"},{\"@type\":\"ListItem\",\"position\":2,\"name\":\"Retenir les femmes dans le num\u00e9rique\",\"item\":\"https:\\\/\\\/www.bedigitaltogether.be\\\/fr\\\/category\\\/retenir-les-femmes-dans-le-numerique\\\/\"},{\"@type\":\"ListItem\",\"position\":3,\"name\":\"Repenser l&rsquo;inclusion dans le nouveau monde du travail. Votre guide pour une culture d&rsquo;inclusion et d\u2019\u00e9galit\u00e9 femmes-hommes dans le monde postpand\u00e9mique.\"}]},{\"@type\":\"WebSite\",\"@id\":\"https:\\\/\\\/www.bedigitaltogether.be\\\/fr\\\/#website\",\"url\":\"https:\\\/\\\/www.bedigitaltogether.be\\\/fr\\\/\",\"name\":\"BeDigitalTogether\",\"description\":\"\",\"potentialAction\":[{\"@type\":\"SearchAction\",\"target\":{\"@type\":\"EntryPoint\",\"urlTemplate\":\"https:\\\/\\\/www.bedigitaltogether.be\\\/fr\\\/?s={search_term_string}\"},\"query-input\":{\"@type\":\"PropertyValueSpecification\",\"valueRequired\":true,\"valueName\":\"search_term_string\"}}],\"inLanguage\":\"fr-FR\"},{\"@type\":\"Person\",\"@id\":\"https:\\\/\\\/www.bedigitaltogether.be\\\/fr\\\/#\\\/schema\\\/person\\\/b56960572f725379f0873aa9fbd131c9\",\"name\":\"admin\",\"image\":{\"@type\":\"ImageObject\",\"inLanguage\":\"fr-FR\",\"@id\":\"https:\\\/\\\/secure.gravatar.com\\\/avatar\\\/c64dbd098148d05d0d68c4c59f1bc02d90e703757e02c60e5fa7878c6f6c4855?s=96&d=mm&r=g\",\"url\":\"https:\\\/\\\/secure.gravatar.com\\\/avatar\\\/c64dbd098148d05d0d68c4c59f1bc02d90e703757e02c60e5fa7878c6f6c4855?s=96&d=mm&r=g\",\"contentUrl\":\"https:\\\/\\\/secure.gravatar.com\\\/avatar\\\/c64dbd098148d05d0d68c4c59f1bc02d90e703757e02c60e5fa7878c6f6c4855?s=96&d=mm&r=g\",\"caption\":\"admin\"},\"sameAs\":[\"https:\\\/\\\/www.bedigitaltogether.be\"],\"url\":\"https:\\\/\\\/www.bedigitaltogether.be\\\/fr\\\/author\\\/lh_2l609ggp\\\/\"}]}<\/script>\n<!-- \/ Yoast SEO plugin. -->","yoast_head_json":{"title":"Repenser l'inclusion dans le nouveau monde du travail. Votre guide pour une culture d'inclusion et d\u2019\u00e9galit\u00e9 femmes-hommes dans le monde postpand\u00e9mique. - BeDigitalTogether - Be Digital Together","robots":{"index":"index","follow":"follow","max-snippet":"max-snippet:-1","max-image-preview":"max-image-preview:large","max-video-preview":"max-video-preview:-1"},"canonical":"https:\/\/www.bedigitaltogether.be\/fr\/","og_locale":"fr_FR","og_type":"article","og_title":"Repenser l'inclusion dans le nouveau monde du travail. Votre guide pour une culture d'inclusion et d\u2019\u00e9galit\u00e9 femmes-hommes dans le monde postpand\u00e9mique. - BeDigitalTogether - Be Digital Together","og_description":"Dans ce guide pratique, nous examinons l\u2019impact des nouvelles fa\u00e7ons de travailler postpand\u00e9mie sur les in\u00e9galit\u00e9s professionnelles. Nous proposons un mod\u00e8le pour r\u00e9inventer l\u2019inclusion dans le cadre de ces nouveaux modes de travail, des cas pratiques et des conseils des experts, ainsi qu\u2019une liste de bonnes pratiques pour les dirigeant.es, manager et responsables RH \/ [&hellip;]","og_url":"https:\/\/www.bedigitaltogether.be\/fr\/","og_site_name":"BeDigitalTogether","article_published_time":"2023-04-11T15:10:21+00:00","article_modified_time":"2023-04-12T07:36:52+00:00","og_image":[{"width":960,"height":640,"url":"https:\/\/www.bedigitaltogether.be\/wp-content\/uploads\/2023\/04\/114245882066_JUMP_inclusion_new_way_of_work_report_cover.png","type":"image\/png"}],"author":"admin","twitter_card":"summary_large_image","twitter_misc":{"\u00c9crit par":"admin"},"schema":{"@context":"https:\/\/schema.org","@graph":[{"@type":"Article","@id":"https:\/\/www.bedigitaltogether.be\/fr\/repenser-linclusion-dans-le-nouveau-monde-du-travail-votre-guide-pour-une-culture-dinclusion-et-degalite-femmes-hommes-dans-le-monde-postpandemique\/#article","isPartOf":{"@id":"https:\/\/www.bedigitaltogether.be\/fr\/repenser-linclusion-dans-le-nouveau-monde-du-travail-votre-guide-pour-une-culture-dinclusion-et-degalite-femmes-hommes-dans-le-monde-postpandemique\/"},"author":{"name":"admin","@id":"https:\/\/www.bedigitaltogether.be\/fr\/#\/schema\/person\/b56960572f725379f0873aa9fbd131c9"},"headline":"Repenser l&rsquo;inclusion dans le nouveau monde du travail. Votre guide pour une culture d&rsquo;inclusion et d\u2019\u00e9galit\u00e9 femmes-hommes dans le monde postpand\u00e9mique.","datePublished":"2023-04-11T15:10:21+00:00","dateModified":"2023-04-12T07:36:52+00:00","mainEntityOfPage":{"@id":"https:\/\/www.bedigitaltogether.be\/fr\/repenser-linclusion-dans-le-nouveau-monde-du-travail-votre-guide-pour-une-culture-dinclusion-et-degalite-femmes-hommes-dans-le-monde-postpandemique\/"},"wordCount":115,"commentCount":0,"image":{"@id":"https:\/\/www.bedigitaltogether.be\/fr\/repenser-linclusion-dans-le-nouveau-monde-du-travail-votre-guide-pour-une-culture-dinclusion-et-degalite-femmes-hommes-dans-le-monde-postpandemique\/#primaryimage"},"thumbnailUrl":"https:\/\/www.bedigitaltogether.be\/wp-content\/uploads\/2023\/04\/114245882066_JUMP_inclusion_new_way_of_work_report_cover.png","keywords":["Actualit\u00e9s"],"articleSection":["Retenir les femmes dans le num\u00e9rique"],"inLanguage":"fr-FR","potentialAction":[{"@type":"CommentAction","name":"Comment","target":["https:\/\/www.bedigitaltogether.be\/fr\/repenser-linclusion-dans-le-nouveau-monde-du-travail-votre-guide-pour-une-culture-dinclusion-et-degalite-femmes-hommes-dans-le-monde-postpandemique\/#respond"]}]},{"@type":"WebPage","@id":"https:\/\/www.bedigitaltogether.be\/fr\/repenser-linclusion-dans-le-nouveau-monde-du-travail-votre-guide-pour-une-culture-dinclusion-et-degalite-femmes-hommes-dans-le-monde-postpandemique\/","url":"https:\/\/www.bedigitaltogether.be\/fr\/repenser-linclusion-dans-le-nouveau-monde-du-travail-votre-guide-pour-une-culture-dinclusion-et-degalite-femmes-hommes-dans-le-monde-postpandemique\/","name":"Repenser l'inclusion dans le nouveau monde du travail. Votre guide pour une culture d'inclusion et d\u2019\u00e9galit\u00e9 femmes-hommes dans le monde postpand\u00e9mique. - BeDigitalTogether - Be Digital Together","isPartOf":{"@id":"https:\/\/www.bedigitaltogether.be\/fr\/#website"},"primaryImageOfPage":{"@id":"https:\/\/www.bedigitaltogether.be\/fr\/repenser-linclusion-dans-le-nouveau-monde-du-travail-votre-guide-pour-une-culture-dinclusion-et-degalite-femmes-hommes-dans-le-monde-postpandemique\/#primaryimage"},"image":{"@id":"https:\/\/www.bedigitaltogether.be\/fr\/repenser-linclusion-dans-le-nouveau-monde-du-travail-votre-guide-pour-une-culture-dinclusion-et-degalite-femmes-hommes-dans-le-monde-postpandemique\/#primaryimage"},"thumbnailUrl":"https:\/\/www.bedigitaltogether.be\/wp-content\/uploads\/2023\/04\/114245882066_JUMP_inclusion_new_way_of_work_report_cover.png","datePublished":"2023-04-11T15:10:21+00:00","dateModified":"2023-04-12T07:36:52+00:00","author":{"@id":"https:\/\/www.bedigitaltogether.be\/fr\/#\/schema\/person\/b56960572f725379f0873aa9fbd131c9"},"breadcrumb":{"@id":"https:\/\/www.bedigitaltogether.be\/fr\/repenser-linclusion-dans-le-nouveau-monde-du-travail-votre-guide-pour-une-culture-dinclusion-et-degalite-femmes-hommes-dans-le-monde-postpandemique\/#breadcrumb"},"inLanguage":"fr-FR","potentialAction":[{"@type":"ReadAction","target":["https:\/\/www.bedigitaltogether.be\/fr\/repenser-linclusion-dans-le-nouveau-monde-du-travail-votre-guide-pour-une-culture-dinclusion-et-degalite-femmes-hommes-dans-le-monde-postpandemique\/"]}]},{"@type":"ImageObject","inLanguage":"fr-FR","@id":"https:\/\/www.bedigitaltogether.be\/fr\/repenser-linclusion-dans-le-nouveau-monde-du-travail-votre-guide-pour-une-culture-dinclusion-et-degalite-femmes-hommes-dans-le-monde-postpandemique\/#primaryimage","url":"https:\/\/www.bedigitaltogether.be\/wp-content\/uploads\/2023\/04\/114245882066_JUMP_inclusion_new_way_of_work_report_cover.png","contentUrl":"https:\/\/www.bedigitaltogether.be\/wp-content\/uploads\/2023\/04\/114245882066_JUMP_inclusion_new_way_of_work_report_cover.png","width":960,"height":640},{"@type":"BreadcrumbList","@id":"https:\/\/www.bedigitaltogether.be\/fr\/repenser-linclusion-dans-le-nouveau-monde-du-travail-votre-guide-pour-une-culture-dinclusion-et-degalite-femmes-hommes-dans-le-monde-postpandemique\/#breadcrumb","itemListElement":[{"@type":"ListItem","position":1,"name":"Accueil","item":"https:\/\/www.bedigitaltogether.be\/fr\/"},{"@type":"ListItem","position":2,"name":"Retenir les femmes dans le num\u00e9rique","item":"https:\/\/www.bedigitaltogether.be\/fr\/category\/retenir-les-femmes-dans-le-numerique\/"},{"@type":"ListItem","position":3,"name":"Repenser l&rsquo;inclusion dans le nouveau monde du travail. Votre guide pour une culture d&rsquo;inclusion et d\u2019\u00e9galit\u00e9 femmes-hommes dans le monde postpand\u00e9mique."}]},{"@type":"WebSite","@id":"https:\/\/www.bedigitaltogether.be\/fr\/#website","url":"https:\/\/www.bedigitaltogether.be\/fr\/","name":"BeDigitalTogether","description":"","potentialAction":[{"@type":"SearchAction","target":{"@type":"EntryPoint","urlTemplate":"https:\/\/www.bedigitaltogether.be\/fr\/?s={search_term_string}"},"query-input":{"@type":"PropertyValueSpecification","valueRequired":true,"valueName":"search_term_string"}}],"inLanguage":"fr-FR"},{"@type":"Person","@id":"https:\/\/www.bedigitaltogether.be\/fr\/#\/schema\/person\/b56960572f725379f0873aa9fbd131c9","name":"admin","image":{"@type":"ImageObject","inLanguage":"fr-FR","@id":"https:\/\/secure.gravatar.com\/avatar\/c64dbd098148d05d0d68c4c59f1bc02d90e703757e02c60e5fa7878c6f6c4855?s=96&d=mm&r=g","url":"https:\/\/secure.gravatar.com\/avatar\/c64dbd098148d05d0d68c4c59f1bc02d90e703757e02c60e5fa7878c6f6c4855?s=96&d=mm&r=g","contentUrl":"https:\/\/secure.gravatar.com\/avatar\/c64dbd098148d05d0d68c4c59f1bc02d90e703757e02c60e5fa7878c6f6c4855?s=96&d=mm&r=g","caption":"admin"},"sameAs":["https:\/\/www.bedigitaltogether.be"],"url":"https:\/\/www.bedigitaltogether.be\/fr\/author\/lh_2l609ggp\/"}]}},"_links":{"self":[{"href":"https:\/\/www.bedigitaltogether.be\/fr\/wp-json\/wp\/v2\/posts\/9703","targetHints":{"allow":["GET"]}}],"collection":[{"href":"https:\/\/www.bedigitaltogether.be\/fr\/wp-json\/wp\/v2\/posts"}],"about":[{"href":"https:\/\/www.bedigitaltogether.be\/fr\/wp-json\/wp\/v2\/types\/post"}],"author":[{"embeddable":true,"href":"https:\/\/www.bedigitaltogether.be\/fr\/wp-json\/wp\/v2\/users\/1"}],"replies":[{"embeddable":true,"href":"https:\/\/www.bedigitaltogether.be\/fr\/wp-json\/wp\/v2\/comments?post=9703"}],"version-history":[{"count":1,"href":"https:\/\/www.bedigitaltogether.be\/fr\/wp-json\/wp\/v2\/posts\/9703\/revisions"}],"predecessor-version":[{"id":9704,"href":"https:\/\/www.bedigitaltogether.be\/fr\/wp-json\/wp\/v2\/posts\/9703\/revisions\/9704"}],"wp:featuredmedia":[{"embeddable":true,"href":"https:\/\/www.bedigitaltogether.be\/fr\/wp-json\/wp\/v2\/media\/9746"}],"wp:attachment":[{"href":"https:\/\/www.bedigitaltogether.be\/fr\/wp-json\/wp\/v2\/media?parent=9703"}],"wp:term":[{"taxonomy":"category","embeddable":true,"href":"https:\/\/www.bedigitaltogether.be\/fr\/wp-json\/wp\/v2\/categories?post=9703"},{"taxonomy":"post_tag","embeddable":true,"href":"https:\/\/www.bedigitaltogether.be\/fr\/wp-json\/wp\/v2\/tags?post=9703"},{"taxonomy":"active","embeddable":true,"href":"https:\/\/www.bedigitaltogether.be\/fr\/wp-json\/wp\/v2\/active?post=9703"}],"curies":[{"name":"wp","href":"https:\/\/api.w.org\/{rel}","templated":true}]}}