{"id":9692,"date":"2023-04-11T15:01:30","date_gmt":"2023-04-11T15:01:30","guid":{"rendered":"https:\/\/www.bedigitaltogether.be\/stimuler-la-politique-inclusive-dans-le-secteur-audiovisuel-flamand\/"},"modified":"2023-04-11T15:05:36","modified_gmt":"2023-04-11T15:05:36","slug":"stimuler-la-politique-inclusive-dans-le-secteur-audiovisuel-flamand","status":"publish","type":"post","link":"https:\/\/www.bedigitaltogether.be\/fr\/stimuler-la-politique-inclusive-dans-le-secteur-audiovisuel-flamand\/","title":{"rendered":"Stimuler la politique inclusive dans le secteur audiovisuel flamand."},"content":{"rendered":"\n<p>Dans le cadre du nouvel accord de gestion (2022-2025) entre la Communaut\u00e9 flamande et le Fonds audiovisuel de Flandre (VAF), leur mandat pr\u00e9voit que le VAF doit promouvoir l&rsquo;inclusion dans le secteur de l&rsquo;audiovisuel et des jeux. Le VAF va mener une politique qui encourage la diversit\u00e9 et l&rsquo;inclusion dans le respect du caract\u00e8re unique du processus cr\u00e9atif. En \u00e9troite collaboration avec le secteur audiovisuel, le VAF vise une image plus repr\u00e9sentative des productions soutenues par le VAF (\u00e0 la fois au premier plan, et en coulisse). Le VAF s&rsquo;engage \u00e9galement en faveur de la diversit\u00e9 au sein de son organisation. Au cours de la p\u00e9riode \u00e0 venir, le VAF se concentrera tout particuli\u00e8rement sur l&rsquo;\u00e9galit\u00e9 entre les hommes et les femmes. \u00c0 cette fin, il entreprend des actions telles que la collecte de donn\u00e9es, la sensibilisation, l&rsquo;application d&rsquo;un fonctionnement inclusif en interne (\u00e9quilibre entre les genres au sein des jurys) et la remise en question d&rsquo;une approche d&rsquo;inclusion dans les demandes.&#13;\n<\/p>\n","protected":false},"excerpt":{"rendered":"<p>Dans le cadre du nouvel accord de gestion (2022-2025) entre la Communaut\u00e9 flamande et le Fonds audiovisuel de Flandre (VAF), leur mandat pr\u00e9voit que le VAF doit promouvoir l&rsquo;inclusion dans le secteur de l&rsquo;audiovisuel et des jeux. Le VAF va mener une politique qui encourage la diversit\u00e9 et l&rsquo;inclusion dans le respect du caract\u00e8re unique [&hellip;]<\/p>\n","protected":false},"author":1,"featured_media":0,"comment_status":"open","ping_status":"closed","sticky":false,"template":"","format":"standard","meta":{"_acf_changed":false,"footnotes":""},"categories":[98],"tags":[118],"active":[150],"class_list":["post-9692","post","type-post","status-publish","format-standard","hentry","category-monde-du-travail","tag-initiative-fr","active-archive-fr"],"acf":[],"yoast_head":"<!-- This site is optimized with the Yoast SEO plugin v27.5 - https:\/\/yoast.com\/product\/yoast-seo-wordpress\/ -->\n<title>Stimuler la politique inclusive dans le secteur audiovisuel flamand. - BeDigitalTogether - Be Digital Together<\/title>\n<meta name=\"robots\" content=\"index, follow, max-snippet:-1, max-image-preview:large, max-video-preview:-1\" \/>\n<link rel=\"canonical\" href=\"https:\/\/www.bedigitaltogether.be\/fr\/\" \/>\n<meta property=\"og:locale\" content=\"fr_FR\" \/>\n<meta property=\"og:type\" content=\"article\" \/>\n<meta property=\"og:title\" content=\"Stimuler la politique inclusive dans le secteur audiovisuel flamand. - BeDigitalTogether - Be Digital Together\" \/>\n<meta property=\"og:description\" content=\"Dans le cadre du nouvel accord de gestion (2022-2025) entre la Communaut\u00e9 flamande et le Fonds audiovisuel de Flandre (VAF), leur mandat pr\u00e9voit que le VAF doit promouvoir l&rsquo;inclusion dans le secteur de l&rsquo;audiovisuel et des jeux. Le VAF va mener une politique qui encourage la diversit\u00e9 et l&rsquo;inclusion dans le respect du caract\u00e8re unique [&hellip;]\" \/>\n<meta property=\"og:url\" content=\"https:\/\/www.bedigitaltogether.be\/fr\/\" \/>\n<meta property=\"og:site_name\" content=\"BeDigitalTogether\" \/>\n<meta property=\"article:published_time\" content=\"2023-04-11T15:01:30+00:00\" \/>\n<meta property=\"article:modified_time\" content=\"2023-04-11T15:05:36+00:00\" \/>\n<meta name=\"author\" content=\"admin\" \/>\n<meta name=\"twitter:card\" content=\"summary_large_image\" \/>\n<meta name=\"twitter:label1\" content=\"\u00c9crit par\" \/>\n\t<meta name=\"twitter:data1\" content=\"admin\" \/>\n\t<meta name=\"twitter:label2\" content=\"Dur\u00e9e de lecture estim\u00e9e\" \/>\n\t<meta name=\"twitter:data2\" content=\"1 minute\" \/>\n<script type=\"application\/ld+json\" class=\"yoast-schema-graph\">{\"@context\":\"https:\\\/\\\/schema.org\",\"@graph\":[{\"@type\":\"Article\",\"@id\":\"https:\\\/\\\/www.bedigitaltogether.be\\\/fr\\\/stimuler-la-politique-inclusive-dans-le-secteur-audiovisuel-flamand\\\/#article\",\"isPartOf\":{\"@id\":\"https:\\\/\\\/www.bedigitaltogether.be\\\/fr\\\/stimuler-la-politique-inclusive-dans-le-secteur-audiovisuel-flamand\\\/\"},\"author\":{\"name\":\"admin\",\"@id\":\"https:\\\/\\\/www.bedigitaltogether.be\\\/fr\\\/#\\\/schema\\\/person\\\/b56960572f725379f0873aa9fbd131c9\"},\"headline\":\"Stimuler la politique inclusive dans le secteur audiovisuel flamand.\",\"datePublished\":\"2023-04-11T15:01:30+00:00\",\"dateModified\":\"2023-04-11T15:05:36+00:00\",\"mainEntityOfPage\":{\"@id\":\"https:\\\/\\\/www.bedigitaltogether.be\\\/fr\\\/stimuler-la-politique-inclusive-dans-le-secteur-audiovisuel-flamand\\\/\"},\"wordCount\":184,\"commentCount\":0,\"keywords\":[\"Initiative\"],\"articleSection\":[\"Monde du travail\"],\"inLanguage\":\"fr-FR\",\"potentialAction\":[{\"@type\":\"CommentAction\",\"name\":\"Comment\",\"target\":[\"https:\\\/\\\/www.bedigitaltogether.be\\\/fr\\\/stimuler-la-politique-inclusive-dans-le-secteur-audiovisuel-flamand\\\/#respond\"]}]},{\"@type\":\"WebPage\",\"@id\":\"https:\\\/\\\/www.bedigitaltogether.be\\\/fr\\\/stimuler-la-politique-inclusive-dans-le-secteur-audiovisuel-flamand\\\/\",\"url\":\"https:\\\/\\\/www.bedigitaltogether.be\\\/fr\\\/stimuler-la-politique-inclusive-dans-le-secteur-audiovisuel-flamand\\\/\",\"name\":\"Stimuler la politique inclusive dans le secteur audiovisuel flamand. - BeDigitalTogether - Be Digital Together\",\"isPartOf\":{\"@id\":\"https:\\\/\\\/www.bedigitaltogether.be\\\/fr\\\/#website\"},\"datePublished\":\"2023-04-11T15:01:30+00:00\",\"dateModified\":\"2023-04-11T15:05:36+00:00\",\"author\":{\"@id\":\"https:\\\/\\\/www.bedigitaltogether.be\\\/fr\\\/#\\\/schema\\\/person\\\/b56960572f725379f0873aa9fbd131c9\"},\"breadcrumb\":{\"@id\":\"https:\\\/\\\/www.bedigitaltogether.be\\\/fr\\\/stimuler-la-politique-inclusive-dans-le-secteur-audiovisuel-flamand\\\/#breadcrumb\"},\"inLanguage\":\"fr-FR\",\"potentialAction\":[{\"@type\":\"ReadAction\",\"target\":[\"https:\\\/\\\/www.bedigitaltogether.be\\\/fr\\\/stimuler-la-politique-inclusive-dans-le-secteur-audiovisuel-flamand\\\/\"]}]},{\"@type\":\"BreadcrumbList\",\"@id\":\"https:\\\/\\\/www.bedigitaltogether.be\\\/fr\\\/stimuler-la-politique-inclusive-dans-le-secteur-audiovisuel-flamand\\\/#breadcrumb\",\"itemListElement\":[{\"@type\":\"ListItem\",\"position\":1,\"name\":\"Accueil\",\"item\":\"https:\\\/\\\/www.bedigitaltogether.be\\\/fr\\\/\"},{\"@type\":\"ListItem\",\"position\":2,\"name\":\"Monde du travail\",\"item\":\"https:\\\/\\\/www.bedigitaltogether.be\\\/fr\\\/category\\\/monde-du-travail\\\/\"},{\"@type\":\"ListItem\",\"position\":3,\"name\":\"Stimuler la politique inclusive dans le secteur audiovisuel flamand.\"}]},{\"@type\":\"WebSite\",\"@id\":\"https:\\\/\\\/www.bedigitaltogether.be\\\/fr\\\/#website\",\"url\":\"https:\\\/\\\/www.bedigitaltogether.be\\\/fr\\\/\",\"name\":\"BeDigitalTogether\",\"description\":\"\",\"potentialAction\":[{\"@type\":\"SearchAction\",\"target\":{\"@type\":\"EntryPoint\",\"urlTemplate\":\"https:\\\/\\\/www.bedigitaltogether.be\\\/fr\\\/?s={search_term_string}\"},\"query-input\":{\"@type\":\"PropertyValueSpecification\",\"valueRequired\":true,\"valueName\":\"search_term_string\"}}],\"inLanguage\":\"fr-FR\"},{\"@type\":\"Person\",\"@id\":\"https:\\\/\\\/www.bedigitaltogether.be\\\/fr\\\/#\\\/schema\\\/person\\\/b56960572f725379f0873aa9fbd131c9\",\"name\":\"admin\",\"image\":{\"@type\":\"ImageObject\",\"inLanguage\":\"fr-FR\",\"@id\":\"https:\\\/\\\/secure.gravatar.com\\\/avatar\\\/c64dbd098148d05d0d68c4c59f1bc02d90e703757e02c60e5fa7878c6f6c4855?s=96&d=mm&r=g\",\"url\":\"https:\\\/\\\/secure.gravatar.com\\\/avatar\\\/c64dbd098148d05d0d68c4c59f1bc02d90e703757e02c60e5fa7878c6f6c4855?s=96&d=mm&r=g\",\"contentUrl\":\"https:\\\/\\\/secure.gravatar.com\\\/avatar\\\/c64dbd098148d05d0d68c4c59f1bc02d90e703757e02c60e5fa7878c6f6c4855?s=96&d=mm&r=g\",\"caption\":\"admin\"},\"sameAs\":[\"https:\\\/\\\/www.bedigitaltogether.be\"],\"url\":\"https:\\\/\\\/www.bedigitaltogether.be\\\/fr\\\/author\\\/lh_2l609ggp\\\/\"}]}<\/script>\n<!-- \/ Yoast SEO plugin. -->","yoast_head_json":{"title":"Stimuler la politique inclusive dans le secteur audiovisuel flamand. - BeDigitalTogether - Be Digital Together","robots":{"index":"index","follow":"follow","max-snippet":"max-snippet:-1","max-image-preview":"max-image-preview:large","max-video-preview":"max-video-preview:-1"},"canonical":"https:\/\/www.bedigitaltogether.be\/fr\/","og_locale":"fr_FR","og_type":"article","og_title":"Stimuler la politique inclusive dans le secteur audiovisuel flamand. - BeDigitalTogether - Be Digital Together","og_description":"Dans le cadre du nouvel accord de gestion (2022-2025) entre la Communaut\u00e9 flamande et le Fonds audiovisuel de Flandre (VAF), leur mandat pr\u00e9voit que le VAF doit promouvoir l&rsquo;inclusion dans le secteur de l&rsquo;audiovisuel et des jeux. Le VAF va mener une politique qui encourage la diversit\u00e9 et l&rsquo;inclusion dans le respect du caract\u00e8re unique [&hellip;]","og_url":"https:\/\/www.bedigitaltogether.be\/fr\/","og_site_name":"BeDigitalTogether","article_published_time":"2023-04-11T15:01:30+00:00","article_modified_time":"2023-04-11T15:05:36+00:00","author":"admin","twitter_card":"summary_large_image","twitter_misc":{"\u00c9crit par":"admin","Dur\u00e9e de lecture estim\u00e9e":"1 minute"},"schema":{"@context":"https:\/\/schema.org","@graph":[{"@type":"Article","@id":"https:\/\/www.bedigitaltogether.be\/fr\/stimuler-la-politique-inclusive-dans-le-secteur-audiovisuel-flamand\/#article","isPartOf":{"@id":"https:\/\/www.bedigitaltogether.be\/fr\/stimuler-la-politique-inclusive-dans-le-secteur-audiovisuel-flamand\/"},"author":{"name":"admin","@id":"https:\/\/www.bedigitaltogether.be\/fr\/#\/schema\/person\/b56960572f725379f0873aa9fbd131c9"},"headline":"Stimuler la politique inclusive dans le secteur audiovisuel flamand.","datePublished":"2023-04-11T15:01:30+00:00","dateModified":"2023-04-11T15:05:36+00:00","mainEntityOfPage":{"@id":"https:\/\/www.bedigitaltogether.be\/fr\/stimuler-la-politique-inclusive-dans-le-secteur-audiovisuel-flamand\/"},"wordCount":184,"commentCount":0,"keywords":["Initiative"],"articleSection":["Monde du travail"],"inLanguage":"fr-FR","potentialAction":[{"@type":"CommentAction","name":"Comment","target":["https:\/\/www.bedigitaltogether.be\/fr\/stimuler-la-politique-inclusive-dans-le-secteur-audiovisuel-flamand\/#respond"]}]},{"@type":"WebPage","@id":"https:\/\/www.bedigitaltogether.be\/fr\/stimuler-la-politique-inclusive-dans-le-secteur-audiovisuel-flamand\/","url":"https:\/\/www.bedigitaltogether.be\/fr\/stimuler-la-politique-inclusive-dans-le-secteur-audiovisuel-flamand\/","name":"Stimuler la politique inclusive dans le secteur audiovisuel flamand. - BeDigitalTogether - Be Digital Together","isPartOf":{"@id":"https:\/\/www.bedigitaltogether.be\/fr\/#website"},"datePublished":"2023-04-11T15:01:30+00:00","dateModified":"2023-04-11T15:05:36+00:00","author":{"@id":"https:\/\/www.bedigitaltogether.be\/fr\/#\/schema\/person\/b56960572f725379f0873aa9fbd131c9"},"breadcrumb":{"@id":"https:\/\/www.bedigitaltogether.be\/fr\/stimuler-la-politique-inclusive-dans-le-secteur-audiovisuel-flamand\/#breadcrumb"},"inLanguage":"fr-FR","potentialAction":[{"@type":"ReadAction","target":["https:\/\/www.bedigitaltogether.be\/fr\/stimuler-la-politique-inclusive-dans-le-secteur-audiovisuel-flamand\/"]}]},{"@type":"BreadcrumbList","@id":"https:\/\/www.bedigitaltogether.be\/fr\/stimuler-la-politique-inclusive-dans-le-secteur-audiovisuel-flamand\/#breadcrumb","itemListElement":[{"@type":"ListItem","position":1,"name":"Accueil","item":"https:\/\/www.bedigitaltogether.be\/fr\/"},{"@type":"ListItem","position":2,"name":"Monde du travail","item":"https:\/\/www.bedigitaltogether.be\/fr\/category\/monde-du-travail\/"},{"@type":"ListItem","position":3,"name":"Stimuler la politique inclusive dans le secteur audiovisuel flamand."}]},{"@type":"WebSite","@id":"https:\/\/www.bedigitaltogether.be\/fr\/#website","url":"https:\/\/www.bedigitaltogether.be\/fr\/","name":"BeDigitalTogether","description":"","potentialAction":[{"@type":"SearchAction","target":{"@type":"EntryPoint","urlTemplate":"https:\/\/www.bedigitaltogether.be\/fr\/?s={search_term_string}"},"query-input":{"@type":"PropertyValueSpecification","valueRequired":true,"valueName":"search_term_string"}}],"inLanguage":"fr-FR"},{"@type":"Person","@id":"https:\/\/www.bedigitaltogether.be\/fr\/#\/schema\/person\/b56960572f725379f0873aa9fbd131c9","name":"admin","image":{"@type":"ImageObject","inLanguage":"fr-FR","@id":"https:\/\/secure.gravatar.com\/avatar\/c64dbd098148d05d0d68c4c59f1bc02d90e703757e02c60e5fa7878c6f6c4855?s=96&d=mm&r=g","url":"https:\/\/secure.gravatar.com\/avatar\/c64dbd098148d05d0d68c4c59f1bc02d90e703757e02c60e5fa7878c6f6c4855?s=96&d=mm&r=g","contentUrl":"https:\/\/secure.gravatar.com\/avatar\/c64dbd098148d05d0d68c4c59f1bc02d90e703757e02c60e5fa7878c6f6c4855?s=96&d=mm&r=g","caption":"admin"},"sameAs":["https:\/\/www.bedigitaltogether.be"],"url":"https:\/\/www.bedigitaltogether.be\/fr\/author\/lh_2l609ggp\/"}]}},"_links":{"self":[{"href":"https:\/\/www.bedigitaltogether.be\/fr\/wp-json\/wp\/v2\/posts\/9692","targetHints":{"allow":["GET"]}}],"collection":[{"href":"https:\/\/www.bedigitaltogether.be\/fr\/wp-json\/wp\/v2\/posts"}],"about":[{"href":"https:\/\/www.bedigitaltogether.be\/fr\/wp-json\/wp\/v2\/types\/post"}],"author":[{"embeddable":true,"href":"https:\/\/www.bedigitaltogether.be\/fr\/wp-json\/wp\/v2\/users\/1"}],"replies":[{"embeddable":true,"href":"https:\/\/www.bedigitaltogether.be\/fr\/wp-json\/wp\/v2\/comments?post=9692"}],"version-history":[{"count":1,"href":"https:\/\/www.bedigitaltogether.be\/fr\/wp-json\/wp\/v2\/posts\/9692\/revisions"}],"predecessor-version":[{"id":9693,"href":"https:\/\/www.bedigitaltogether.be\/fr\/wp-json\/wp\/v2\/posts\/9692\/revisions\/9693"}],"wp:attachment":[{"href":"https:\/\/www.bedigitaltogether.be\/fr\/wp-json\/wp\/v2\/media?parent=9692"}],"wp:term":[{"taxonomy":"category","embeddable":true,"href":"https:\/\/www.bedigitaltogether.be\/fr\/wp-json\/wp\/v2\/categories?post=9692"},{"taxonomy":"post_tag","embeddable":true,"href":"https:\/\/www.bedigitaltogether.be\/fr\/wp-json\/wp\/v2\/tags?post=9692"},{"taxonomy":"active","embeddable":true,"href":"https:\/\/www.bedigitaltogether.be\/fr\/wp-json\/wp\/v2\/active?post=9692"}],"curies":[{"name":"wp","href":"https:\/\/api.w.org\/{rel}","templated":true}]}}