{"id":9668,"date":"2023-04-11T14:53:20","date_gmt":"2023-04-11T14:53:20","guid":{"rendered":"https:\/\/www.bedigitaltogether.be\/la-vrt-sefforce-de-diversifier-la-composition-de-son-effectif\/"},"modified":"2023-04-11T14:54:31","modified_gmt":"2023-04-11T14:54:31","slug":"la-vrt-sefforce-de-diversifier-la-composition-de-son-effectif","status":"publish","type":"post","link":"https:\/\/www.bedigitaltogether.be\/fr\/la-vrt-sefforce-de-diversifier-la-composition-de-son-effectif\/","title":{"rendered":"La VRT s&rsquo;efforce de diversifier la composition de son effectif."},"content":{"rendered":"\n<p>En fonction de l&rsquo;afflux qui pourra \u00eatre r\u00e9alis\u00e9, la VRT vise \u00e0 atteindre au moins 40 % de femmes dans l&rsquo;ensemble de l&rsquo;effectif et un \u00e9quilibre entre les genres aux postes de cadres sup\u00e9rieurs d&rsquo;ici \u00e0 2025. La VRT vise \u00e0 accro\u00eetre la diversit\u00e9 de son personnel. Elle souhaite, en tant qu\u2019organisation, mieux refl\u00e9ter la soci\u00e9t\u00e9 flamande mais aussi accro\u00eetre sa cr\u00e9ativit\u00e9 et son impact. &#8211; Fin 2021, 42,1 % du personnel \u00e9tait compos\u00e9 de femmes (contre 41,1 % \u00e0 la fin de l&rsquo;ann\u00e9e 2020). Au niveau des cadres sup\u00e9rieurs, la proportion de femmes \u00e9tait de 48,8 % \u00e0 la fin de 2021 (contre 42,9 % \u00e0 la fin de 2020).<\/p>\n","protected":false},"excerpt":{"rendered":"<p>En fonction de l&rsquo;afflux qui pourra \u00eatre r\u00e9alis\u00e9, la VRT vise \u00e0 atteindre au moins 40 % de femmes dans l&rsquo;ensemble de l&rsquo;effectif et un \u00e9quilibre entre les genres aux postes de cadres sup\u00e9rieurs d&rsquo;ici \u00e0 2025. La VRT vise \u00e0 accro\u00eetre la diversit\u00e9 de son personnel. Elle souhaite, en tant qu\u2019organisation, mieux refl\u00e9ter la [&hellip;]<\/p>\n","protected":false},"author":1,"featured_media":0,"comment_status":"open","ping_status":"closed","sticky":false,"template":"","format":"standard","meta":{"_acf_changed":false,"footnotes":""},"categories":[98],"tags":[116],"active":[150],"class_list":["post-9668","post","type-post","status-publish","format-standard","hentry","category-monde-du-travail","tag-actualites","active-archive-fr"],"acf":[],"yoast_head":"<!-- This site is optimized with the Yoast SEO plugin v27.5 - https:\/\/yoast.com\/product\/yoast-seo-wordpress\/ -->\n<title>La VRT s&#039;efforce de diversifier la composition de son effectif. - BeDigitalTogether - Be Digital Together<\/title>\n<meta name=\"robots\" content=\"index, follow, max-snippet:-1, max-image-preview:large, max-video-preview:-1\" \/>\n<link rel=\"canonical\" href=\"https:\/\/www.bedigitaltogether.be\/fr\/\" \/>\n<meta property=\"og:locale\" content=\"fr_FR\" \/>\n<meta property=\"og:type\" content=\"article\" \/>\n<meta property=\"og:title\" content=\"La VRT s&#039;efforce de diversifier la composition de son effectif. - BeDigitalTogether - Be Digital Together\" \/>\n<meta property=\"og:description\" content=\"En fonction de l&rsquo;afflux qui pourra \u00eatre r\u00e9alis\u00e9, la VRT vise \u00e0 atteindre au moins 40 % de femmes dans l&rsquo;ensemble de l&rsquo;effectif et un \u00e9quilibre entre les genres aux postes de cadres sup\u00e9rieurs d&rsquo;ici \u00e0 2025. La VRT vise \u00e0 accro\u00eetre la diversit\u00e9 de son personnel. Elle souhaite, en tant qu\u2019organisation, mieux refl\u00e9ter la [&hellip;]\" \/>\n<meta property=\"og:url\" content=\"https:\/\/www.bedigitaltogether.be\/fr\/\" \/>\n<meta property=\"og:site_name\" content=\"BeDigitalTogether\" \/>\n<meta property=\"article:published_time\" content=\"2023-04-11T14:53:20+00:00\" \/>\n<meta property=\"article:modified_time\" content=\"2023-04-11T14:54:31+00:00\" \/>\n<meta name=\"author\" content=\"admin\" \/>\n<meta name=\"twitter:card\" content=\"summary_large_image\" \/>\n<meta name=\"twitter:label1\" content=\"\u00c9crit par\" \/>\n\t<meta name=\"twitter:data1\" content=\"admin\" \/>\n\t<meta name=\"twitter:label2\" content=\"Dur\u00e9e de lecture estim\u00e9e\" \/>\n\t<meta name=\"twitter:data2\" content=\"1 minute\" \/>\n<script type=\"application\/ld+json\" class=\"yoast-schema-graph\">{\"@context\":\"https:\\\/\\\/schema.org\",\"@graph\":[{\"@type\":\"Article\",\"@id\":\"https:\\\/\\\/www.bedigitaltogether.be\\\/fr\\\/la-vrt-sefforce-de-diversifier-la-composition-de-son-effectif\\\/#article\",\"isPartOf\":{\"@id\":\"https:\\\/\\\/www.bedigitaltogether.be\\\/fr\\\/la-vrt-sefforce-de-diversifier-la-composition-de-son-effectif\\\/\"},\"author\":{\"name\":\"admin\",\"@id\":\"https:\\\/\\\/www.bedigitaltogether.be\\\/fr\\\/#\\\/schema\\\/person\\\/b56960572f725379f0873aa9fbd131c9\"},\"headline\":\"La VRT s&rsquo;efforce de diversifier la composition de son effectif.\",\"datePublished\":\"2023-04-11T14:53:20+00:00\",\"dateModified\":\"2023-04-11T14:54:31+00:00\",\"mainEntityOfPage\":{\"@id\":\"https:\\\/\\\/www.bedigitaltogether.be\\\/fr\\\/la-vrt-sefforce-de-diversifier-la-composition-de-son-effectif\\\/\"},\"wordCount\":116,\"commentCount\":0,\"keywords\":[\"Actualit\u00e9s\"],\"articleSection\":[\"Monde du travail\"],\"inLanguage\":\"fr-FR\",\"potentialAction\":[{\"@type\":\"CommentAction\",\"name\":\"Comment\",\"target\":[\"https:\\\/\\\/www.bedigitaltogether.be\\\/fr\\\/la-vrt-sefforce-de-diversifier-la-composition-de-son-effectif\\\/#respond\"]}]},{\"@type\":\"WebPage\",\"@id\":\"https:\\\/\\\/www.bedigitaltogether.be\\\/fr\\\/la-vrt-sefforce-de-diversifier-la-composition-de-son-effectif\\\/\",\"url\":\"https:\\\/\\\/www.bedigitaltogether.be\\\/fr\\\/la-vrt-sefforce-de-diversifier-la-composition-de-son-effectif\\\/\",\"name\":\"La VRT s'efforce de diversifier la composition de son effectif. - BeDigitalTogether - Be Digital Together\",\"isPartOf\":{\"@id\":\"https:\\\/\\\/www.bedigitaltogether.be\\\/fr\\\/#website\"},\"datePublished\":\"2023-04-11T14:53:20+00:00\",\"dateModified\":\"2023-04-11T14:54:31+00:00\",\"author\":{\"@id\":\"https:\\\/\\\/www.bedigitaltogether.be\\\/fr\\\/#\\\/schema\\\/person\\\/b56960572f725379f0873aa9fbd131c9\"},\"breadcrumb\":{\"@id\":\"https:\\\/\\\/www.bedigitaltogether.be\\\/fr\\\/la-vrt-sefforce-de-diversifier-la-composition-de-son-effectif\\\/#breadcrumb\"},\"inLanguage\":\"fr-FR\",\"potentialAction\":[{\"@type\":\"ReadAction\",\"target\":[\"https:\\\/\\\/www.bedigitaltogether.be\\\/fr\\\/la-vrt-sefforce-de-diversifier-la-composition-de-son-effectif\\\/\"]}]},{\"@type\":\"BreadcrumbList\",\"@id\":\"https:\\\/\\\/www.bedigitaltogether.be\\\/fr\\\/la-vrt-sefforce-de-diversifier-la-composition-de-son-effectif\\\/#breadcrumb\",\"itemListElement\":[{\"@type\":\"ListItem\",\"position\":1,\"name\":\"Accueil\",\"item\":\"https:\\\/\\\/www.bedigitaltogether.be\\\/fr\\\/\"},{\"@type\":\"ListItem\",\"position\":2,\"name\":\"Monde du travail\",\"item\":\"https:\\\/\\\/www.bedigitaltogether.be\\\/fr\\\/category\\\/monde-du-travail\\\/\"},{\"@type\":\"ListItem\",\"position\":3,\"name\":\"La VRT s&rsquo;efforce de diversifier la composition de son effectif.\"}]},{\"@type\":\"WebSite\",\"@id\":\"https:\\\/\\\/www.bedigitaltogether.be\\\/fr\\\/#website\",\"url\":\"https:\\\/\\\/www.bedigitaltogether.be\\\/fr\\\/\",\"name\":\"BeDigitalTogether\",\"description\":\"\",\"potentialAction\":[{\"@type\":\"SearchAction\",\"target\":{\"@type\":\"EntryPoint\",\"urlTemplate\":\"https:\\\/\\\/www.bedigitaltogether.be\\\/fr\\\/?s={search_term_string}\"},\"query-input\":{\"@type\":\"PropertyValueSpecification\",\"valueRequired\":true,\"valueName\":\"search_term_string\"}}],\"inLanguage\":\"fr-FR\"},{\"@type\":\"Person\",\"@id\":\"https:\\\/\\\/www.bedigitaltogether.be\\\/fr\\\/#\\\/schema\\\/person\\\/b56960572f725379f0873aa9fbd131c9\",\"name\":\"admin\",\"image\":{\"@type\":\"ImageObject\",\"inLanguage\":\"fr-FR\",\"@id\":\"https:\\\/\\\/secure.gravatar.com\\\/avatar\\\/c64dbd098148d05d0d68c4c59f1bc02d90e703757e02c60e5fa7878c6f6c4855?s=96&d=mm&r=g\",\"url\":\"https:\\\/\\\/secure.gravatar.com\\\/avatar\\\/c64dbd098148d05d0d68c4c59f1bc02d90e703757e02c60e5fa7878c6f6c4855?s=96&d=mm&r=g\",\"contentUrl\":\"https:\\\/\\\/secure.gravatar.com\\\/avatar\\\/c64dbd098148d05d0d68c4c59f1bc02d90e703757e02c60e5fa7878c6f6c4855?s=96&d=mm&r=g\",\"caption\":\"admin\"},\"sameAs\":[\"https:\\\/\\\/www.bedigitaltogether.be\"],\"url\":\"https:\\\/\\\/www.bedigitaltogether.be\\\/fr\\\/author\\\/lh_2l609ggp\\\/\"}]}<\/script>\n<!-- \/ Yoast SEO plugin. -->","yoast_head_json":{"title":"La VRT s'efforce de diversifier la composition de son effectif. - BeDigitalTogether - Be Digital Together","robots":{"index":"index","follow":"follow","max-snippet":"max-snippet:-1","max-image-preview":"max-image-preview:large","max-video-preview":"max-video-preview:-1"},"canonical":"https:\/\/www.bedigitaltogether.be\/fr\/","og_locale":"fr_FR","og_type":"article","og_title":"La VRT s'efforce de diversifier la composition de son effectif. - BeDigitalTogether - Be Digital Together","og_description":"En fonction de l&rsquo;afflux qui pourra \u00eatre r\u00e9alis\u00e9, la VRT vise \u00e0 atteindre au moins 40 % de femmes dans l&rsquo;ensemble de l&rsquo;effectif et un \u00e9quilibre entre les genres aux postes de cadres sup\u00e9rieurs d&rsquo;ici \u00e0 2025. La VRT vise \u00e0 accro\u00eetre la diversit\u00e9 de son personnel. Elle souhaite, en tant qu\u2019organisation, mieux refl\u00e9ter la [&hellip;]","og_url":"https:\/\/www.bedigitaltogether.be\/fr\/","og_site_name":"BeDigitalTogether","article_published_time":"2023-04-11T14:53:20+00:00","article_modified_time":"2023-04-11T14:54:31+00:00","author":"admin","twitter_card":"summary_large_image","twitter_misc":{"\u00c9crit par":"admin","Dur\u00e9e de lecture estim\u00e9e":"1 minute"},"schema":{"@context":"https:\/\/schema.org","@graph":[{"@type":"Article","@id":"https:\/\/www.bedigitaltogether.be\/fr\/la-vrt-sefforce-de-diversifier-la-composition-de-son-effectif\/#article","isPartOf":{"@id":"https:\/\/www.bedigitaltogether.be\/fr\/la-vrt-sefforce-de-diversifier-la-composition-de-son-effectif\/"},"author":{"name":"admin","@id":"https:\/\/www.bedigitaltogether.be\/fr\/#\/schema\/person\/b56960572f725379f0873aa9fbd131c9"},"headline":"La VRT s&rsquo;efforce de diversifier la composition de son effectif.","datePublished":"2023-04-11T14:53:20+00:00","dateModified":"2023-04-11T14:54:31+00:00","mainEntityOfPage":{"@id":"https:\/\/www.bedigitaltogether.be\/fr\/la-vrt-sefforce-de-diversifier-la-composition-de-son-effectif\/"},"wordCount":116,"commentCount":0,"keywords":["Actualit\u00e9s"],"articleSection":["Monde du travail"],"inLanguage":"fr-FR","potentialAction":[{"@type":"CommentAction","name":"Comment","target":["https:\/\/www.bedigitaltogether.be\/fr\/la-vrt-sefforce-de-diversifier-la-composition-de-son-effectif\/#respond"]}]},{"@type":"WebPage","@id":"https:\/\/www.bedigitaltogether.be\/fr\/la-vrt-sefforce-de-diversifier-la-composition-de-son-effectif\/","url":"https:\/\/www.bedigitaltogether.be\/fr\/la-vrt-sefforce-de-diversifier-la-composition-de-son-effectif\/","name":"La VRT s'efforce de diversifier la composition de son effectif. - BeDigitalTogether - Be Digital Together","isPartOf":{"@id":"https:\/\/www.bedigitaltogether.be\/fr\/#website"},"datePublished":"2023-04-11T14:53:20+00:00","dateModified":"2023-04-11T14:54:31+00:00","author":{"@id":"https:\/\/www.bedigitaltogether.be\/fr\/#\/schema\/person\/b56960572f725379f0873aa9fbd131c9"},"breadcrumb":{"@id":"https:\/\/www.bedigitaltogether.be\/fr\/la-vrt-sefforce-de-diversifier-la-composition-de-son-effectif\/#breadcrumb"},"inLanguage":"fr-FR","potentialAction":[{"@type":"ReadAction","target":["https:\/\/www.bedigitaltogether.be\/fr\/la-vrt-sefforce-de-diversifier-la-composition-de-son-effectif\/"]}]},{"@type":"BreadcrumbList","@id":"https:\/\/www.bedigitaltogether.be\/fr\/la-vrt-sefforce-de-diversifier-la-composition-de-son-effectif\/#breadcrumb","itemListElement":[{"@type":"ListItem","position":1,"name":"Accueil","item":"https:\/\/www.bedigitaltogether.be\/fr\/"},{"@type":"ListItem","position":2,"name":"Monde du travail","item":"https:\/\/www.bedigitaltogether.be\/fr\/category\/monde-du-travail\/"},{"@type":"ListItem","position":3,"name":"La VRT s&rsquo;efforce de diversifier la composition de son effectif."}]},{"@type":"WebSite","@id":"https:\/\/www.bedigitaltogether.be\/fr\/#website","url":"https:\/\/www.bedigitaltogether.be\/fr\/","name":"BeDigitalTogether","description":"","potentialAction":[{"@type":"SearchAction","target":{"@type":"EntryPoint","urlTemplate":"https:\/\/www.bedigitaltogether.be\/fr\/?s={search_term_string}"},"query-input":{"@type":"PropertyValueSpecification","valueRequired":true,"valueName":"search_term_string"}}],"inLanguage":"fr-FR"},{"@type":"Person","@id":"https:\/\/www.bedigitaltogether.be\/fr\/#\/schema\/person\/b56960572f725379f0873aa9fbd131c9","name":"admin","image":{"@type":"ImageObject","inLanguage":"fr-FR","@id":"https:\/\/secure.gravatar.com\/avatar\/c64dbd098148d05d0d68c4c59f1bc02d90e703757e02c60e5fa7878c6f6c4855?s=96&d=mm&r=g","url":"https:\/\/secure.gravatar.com\/avatar\/c64dbd098148d05d0d68c4c59f1bc02d90e703757e02c60e5fa7878c6f6c4855?s=96&d=mm&r=g","contentUrl":"https:\/\/secure.gravatar.com\/avatar\/c64dbd098148d05d0d68c4c59f1bc02d90e703757e02c60e5fa7878c6f6c4855?s=96&d=mm&r=g","caption":"admin"},"sameAs":["https:\/\/www.bedigitaltogether.be"],"url":"https:\/\/www.bedigitaltogether.be\/fr\/author\/lh_2l609ggp\/"}]}},"_links":{"self":[{"href":"https:\/\/www.bedigitaltogether.be\/fr\/wp-json\/wp\/v2\/posts\/9668","targetHints":{"allow":["GET"]}}],"collection":[{"href":"https:\/\/www.bedigitaltogether.be\/fr\/wp-json\/wp\/v2\/posts"}],"about":[{"href":"https:\/\/www.bedigitaltogether.be\/fr\/wp-json\/wp\/v2\/types\/post"}],"author":[{"embeddable":true,"href":"https:\/\/www.bedigitaltogether.be\/fr\/wp-json\/wp\/v2\/users\/1"}],"replies":[{"embeddable":true,"href":"https:\/\/www.bedigitaltogether.be\/fr\/wp-json\/wp\/v2\/comments?post=9668"}],"version-history":[{"count":1,"href":"https:\/\/www.bedigitaltogether.be\/fr\/wp-json\/wp\/v2\/posts\/9668\/revisions"}],"predecessor-version":[{"id":9669,"href":"https:\/\/www.bedigitaltogether.be\/fr\/wp-json\/wp\/v2\/posts\/9668\/revisions\/9669"}],"wp:attachment":[{"href":"https:\/\/www.bedigitaltogether.be\/fr\/wp-json\/wp\/v2\/media?parent=9668"}],"wp:term":[{"taxonomy":"category","embeddable":true,"href":"https:\/\/www.bedigitaltogether.be\/fr\/wp-json\/wp\/v2\/categories?post=9668"},{"taxonomy":"post_tag","embeddable":true,"href":"https:\/\/www.bedigitaltogether.be\/fr\/wp-json\/wp\/v2\/tags?post=9668"},{"taxonomy":"active","embeddable":true,"href":"https:\/\/www.bedigitaltogether.be\/fr\/wp-json\/wp\/v2\/active?post=9668"}],"curies":[{"name":"wp","href":"https:\/\/api.w.org\/{rel}","templated":true}]}}