{"id":9644,"date":"2023-04-11T14:36:36","date_gmt":"2023-04-11T14:36:36","guid":{"rendered":"https:\/\/www.bedigitaltogether.be\/la-vrt-sefforce-de-diversifier-la-representation-dans-ses-offres-videos-produites-en-interne-et-en-externe\/"},"modified":"2023-04-11T14:38:07","modified_gmt":"2023-04-11T14:38:07","slug":"la-vrt-sefforce-de-diversifier-la-representation-dans-ses-offres-videos-produites-en-interne-et-en-externe","status":"publish","type":"post","link":"https:\/\/www.bedigitaltogether.be\/fr\/la-vrt-sefforce-de-diversifier-la-representation-dans-ses-offres-videos-produites-en-interne-et-en-externe\/","title":{"rendered":"La VRT s&rsquo;efforce de diversifier la repr\u00e9sentation dans ses offres vid\u00e9os produites en interne et en externe."},"content":{"rendered":"\n<p>Pour atteindre le plus grand nombre de Flamands possible, la VRT vise une image plus repr\u00e9sentative et plus nuanc\u00e9e de ses productions sur l\u2019ensemble de ses plateformes. De cette mani\u00e8re, la cha\u00eene publique entend mieux refl\u00e9ter la soci\u00e9t\u00e9 flamande. La VRT a pour objectif de faire passer le pourcentage d&rsquo;actrices dans son offre vid\u00e9o de 40 % \u00e0 48 % d&rsquo;ici \u00e0 2025.<\/p>\n","protected":false},"excerpt":{"rendered":"<p>Pour atteindre le plus grand nombre de Flamands possible, la VRT vise une image plus repr\u00e9sentative et plus nuanc\u00e9e de ses productions sur l\u2019ensemble de ses plateformes. De cette mani\u00e8re, la cha\u00eene publique entend mieux refl\u00e9ter la soci\u00e9t\u00e9 flamande. La VRT a pour objectif de faire passer le pourcentage d&rsquo;actrices dans son offre vid\u00e9o de [&hellip;]<\/p>\n","protected":false},"author":1,"featured_media":0,"comment_status":"open","ping_status":"closed","sticky":false,"template":"","format":"standard","meta":{"_acf_changed":false,"footnotes":""},"categories":[107],"tags":[116],"active":[150],"class_list":["post-9644","post","type-post","status-publish","format-standard","hentry","category-images-fr","tag-actualites","active-archive-fr"],"acf":[],"yoast_head":"<!-- This site is optimized with the Yoast SEO plugin v27.5 - https:\/\/yoast.com\/product\/yoast-seo-wordpress\/ -->\n<title>La VRT s&#039;efforce de diversifier la repr\u00e9sentation dans ses offres vid\u00e9os produites en interne et en externe. - BeDigitalTogether - Be Digital Together<\/title>\n<meta name=\"robots\" content=\"index, follow, max-snippet:-1, max-image-preview:large, max-video-preview:-1\" \/>\n<link rel=\"canonical\" href=\"https:\/\/www.bedigitaltogether.be\/fr\/\" \/>\n<meta property=\"og:locale\" content=\"fr_FR\" \/>\n<meta property=\"og:type\" content=\"article\" \/>\n<meta property=\"og:title\" content=\"La VRT s&#039;efforce de diversifier la repr\u00e9sentation dans ses offres vid\u00e9os produites en interne et en externe. - BeDigitalTogether - Be Digital Together\" \/>\n<meta property=\"og:description\" content=\"Pour atteindre le plus grand nombre de Flamands possible, la VRT vise une image plus repr\u00e9sentative et plus nuanc\u00e9e de ses productions sur l\u2019ensemble de ses plateformes. De cette mani\u00e8re, la cha\u00eene publique entend mieux refl\u00e9ter la soci\u00e9t\u00e9 flamande. La VRT a pour objectif de faire passer le pourcentage d&rsquo;actrices dans son offre vid\u00e9o de [&hellip;]\" \/>\n<meta property=\"og:url\" content=\"https:\/\/www.bedigitaltogether.be\/fr\/\" \/>\n<meta property=\"og:site_name\" content=\"BeDigitalTogether\" \/>\n<meta property=\"article:published_time\" content=\"2023-04-11T14:36:36+00:00\" \/>\n<meta property=\"article:modified_time\" content=\"2023-04-11T14:38:07+00:00\" \/>\n<meta name=\"author\" content=\"admin\" \/>\n<meta name=\"twitter:card\" content=\"summary_large_image\" \/>\n<meta name=\"twitter:label1\" content=\"\u00c9crit par\" \/>\n\t<meta name=\"twitter:data1\" content=\"admin\" \/>\n<script type=\"application\/ld+json\" class=\"yoast-schema-graph\">{\"@context\":\"https:\\\/\\\/schema.org\",\"@graph\":[{\"@type\":\"Article\",\"@id\":\"https:\\\/\\\/www.bedigitaltogether.be\\\/fr\\\/la-vrt-sefforce-de-diversifier-la-representation-dans-ses-offres-videos-produites-en-interne-et-en-externe\\\/#article\",\"isPartOf\":{\"@id\":\"https:\\\/\\\/www.bedigitaltogether.be\\\/fr\\\/la-vrt-sefforce-de-diversifier-la-representation-dans-ses-offres-videos-produites-en-interne-et-en-externe\\\/\"},\"author\":{\"name\":\"admin\",\"@id\":\"https:\\\/\\\/www.bedigitaltogether.be\\\/fr\\\/#\\\/schema\\\/person\\\/b56960572f725379f0873aa9fbd131c9\"},\"headline\":\"La VRT s&rsquo;efforce de diversifier la repr\u00e9sentation dans ses offres vid\u00e9os produites en interne et en externe.\",\"datePublished\":\"2023-04-11T14:36:36+00:00\",\"dateModified\":\"2023-04-11T14:38:07+00:00\",\"mainEntityOfPage\":{\"@id\":\"https:\\\/\\\/www.bedigitaltogether.be\\\/fr\\\/la-vrt-sefforce-de-diversifier-la-representation-dans-ses-offres-videos-produites-en-interne-et-en-externe\\\/\"},\"wordCount\":86,\"commentCount\":0,\"keywords\":[\"Actualit\u00e9s\"],\"articleSection\":[\"Images\"],\"inLanguage\":\"fr-FR\",\"potentialAction\":[{\"@type\":\"CommentAction\",\"name\":\"Comment\",\"target\":[\"https:\\\/\\\/www.bedigitaltogether.be\\\/fr\\\/la-vrt-sefforce-de-diversifier-la-representation-dans-ses-offres-videos-produites-en-interne-et-en-externe\\\/#respond\"]}]},{\"@type\":\"WebPage\",\"@id\":\"https:\\\/\\\/www.bedigitaltogether.be\\\/fr\\\/la-vrt-sefforce-de-diversifier-la-representation-dans-ses-offres-videos-produites-en-interne-et-en-externe\\\/\",\"url\":\"https:\\\/\\\/www.bedigitaltogether.be\\\/fr\\\/la-vrt-sefforce-de-diversifier-la-representation-dans-ses-offres-videos-produites-en-interne-et-en-externe\\\/\",\"name\":\"La VRT s'efforce de diversifier la repr\u00e9sentation dans ses offres vid\u00e9os produites en interne et en externe. - BeDigitalTogether - Be Digital Together\",\"isPartOf\":{\"@id\":\"https:\\\/\\\/www.bedigitaltogether.be\\\/fr\\\/#website\"},\"datePublished\":\"2023-04-11T14:36:36+00:00\",\"dateModified\":\"2023-04-11T14:38:07+00:00\",\"author\":{\"@id\":\"https:\\\/\\\/www.bedigitaltogether.be\\\/fr\\\/#\\\/schema\\\/person\\\/b56960572f725379f0873aa9fbd131c9\"},\"breadcrumb\":{\"@id\":\"https:\\\/\\\/www.bedigitaltogether.be\\\/fr\\\/la-vrt-sefforce-de-diversifier-la-representation-dans-ses-offres-videos-produites-en-interne-et-en-externe\\\/#breadcrumb\"},\"inLanguage\":\"fr-FR\",\"potentialAction\":[{\"@type\":\"ReadAction\",\"target\":[\"https:\\\/\\\/www.bedigitaltogether.be\\\/fr\\\/la-vrt-sefforce-de-diversifier-la-representation-dans-ses-offres-videos-produites-en-interne-et-en-externe\\\/\"]}]},{\"@type\":\"BreadcrumbList\",\"@id\":\"https:\\\/\\\/www.bedigitaltogether.be\\\/fr\\\/la-vrt-sefforce-de-diversifier-la-representation-dans-ses-offres-videos-produites-en-interne-et-en-externe\\\/#breadcrumb\",\"itemListElement\":[{\"@type\":\"ListItem\",\"position\":1,\"name\":\"Accueil\",\"item\":\"https:\\\/\\\/www.bedigitaltogether.be\\\/fr\\\/\"},{\"@type\":\"ListItem\",\"position\":2,\"name\":\"Images\",\"item\":\"https:\\\/\\\/www.bedigitaltogether.be\\\/fr\\\/category\\\/images-fr\\\/\"},{\"@type\":\"ListItem\",\"position\":3,\"name\":\"La VRT s&rsquo;efforce de diversifier la repr\u00e9sentation dans ses offres vid\u00e9os produites en interne et en externe.\"}]},{\"@type\":\"WebSite\",\"@id\":\"https:\\\/\\\/www.bedigitaltogether.be\\\/fr\\\/#website\",\"url\":\"https:\\\/\\\/www.bedigitaltogether.be\\\/fr\\\/\",\"name\":\"BeDigitalTogether\",\"description\":\"\",\"potentialAction\":[{\"@type\":\"SearchAction\",\"target\":{\"@type\":\"EntryPoint\",\"urlTemplate\":\"https:\\\/\\\/www.bedigitaltogether.be\\\/fr\\\/?s={search_term_string}\"},\"query-input\":{\"@type\":\"PropertyValueSpecification\",\"valueRequired\":true,\"valueName\":\"search_term_string\"}}],\"inLanguage\":\"fr-FR\"},{\"@type\":\"Person\",\"@id\":\"https:\\\/\\\/www.bedigitaltogether.be\\\/fr\\\/#\\\/schema\\\/person\\\/b56960572f725379f0873aa9fbd131c9\",\"name\":\"admin\",\"image\":{\"@type\":\"ImageObject\",\"inLanguage\":\"fr-FR\",\"@id\":\"https:\\\/\\\/secure.gravatar.com\\\/avatar\\\/c64dbd098148d05d0d68c4c59f1bc02d90e703757e02c60e5fa7878c6f6c4855?s=96&d=mm&r=g\",\"url\":\"https:\\\/\\\/secure.gravatar.com\\\/avatar\\\/c64dbd098148d05d0d68c4c59f1bc02d90e703757e02c60e5fa7878c6f6c4855?s=96&d=mm&r=g\",\"contentUrl\":\"https:\\\/\\\/secure.gravatar.com\\\/avatar\\\/c64dbd098148d05d0d68c4c59f1bc02d90e703757e02c60e5fa7878c6f6c4855?s=96&d=mm&r=g\",\"caption\":\"admin\"},\"sameAs\":[\"https:\\\/\\\/www.bedigitaltogether.be\"],\"url\":\"https:\\\/\\\/www.bedigitaltogether.be\\\/fr\\\/author\\\/lh_2l609ggp\\\/\"}]}<\/script>\n<!-- \/ Yoast SEO plugin. -->","yoast_head_json":{"title":"La VRT s'efforce de diversifier la repr\u00e9sentation dans ses offres vid\u00e9os produites en interne et en externe. - BeDigitalTogether - Be Digital Together","robots":{"index":"index","follow":"follow","max-snippet":"max-snippet:-1","max-image-preview":"max-image-preview:large","max-video-preview":"max-video-preview:-1"},"canonical":"https:\/\/www.bedigitaltogether.be\/fr\/","og_locale":"fr_FR","og_type":"article","og_title":"La VRT s'efforce de diversifier la repr\u00e9sentation dans ses offres vid\u00e9os produites en interne et en externe. - BeDigitalTogether - Be Digital Together","og_description":"Pour atteindre le plus grand nombre de Flamands possible, la VRT vise une image plus repr\u00e9sentative et plus nuanc\u00e9e de ses productions sur l\u2019ensemble de ses plateformes. De cette mani\u00e8re, la cha\u00eene publique entend mieux refl\u00e9ter la soci\u00e9t\u00e9 flamande. La VRT a pour objectif de faire passer le pourcentage d&rsquo;actrices dans son offre vid\u00e9o de [&hellip;]","og_url":"https:\/\/www.bedigitaltogether.be\/fr\/","og_site_name":"BeDigitalTogether","article_published_time":"2023-04-11T14:36:36+00:00","article_modified_time":"2023-04-11T14:38:07+00:00","author":"admin","twitter_card":"summary_large_image","twitter_misc":{"\u00c9crit par":"admin"},"schema":{"@context":"https:\/\/schema.org","@graph":[{"@type":"Article","@id":"https:\/\/www.bedigitaltogether.be\/fr\/la-vrt-sefforce-de-diversifier-la-representation-dans-ses-offres-videos-produites-en-interne-et-en-externe\/#article","isPartOf":{"@id":"https:\/\/www.bedigitaltogether.be\/fr\/la-vrt-sefforce-de-diversifier-la-representation-dans-ses-offres-videos-produites-en-interne-et-en-externe\/"},"author":{"name":"admin","@id":"https:\/\/www.bedigitaltogether.be\/fr\/#\/schema\/person\/b56960572f725379f0873aa9fbd131c9"},"headline":"La VRT s&rsquo;efforce de diversifier la repr\u00e9sentation dans ses offres vid\u00e9os produites en interne et en externe.","datePublished":"2023-04-11T14:36:36+00:00","dateModified":"2023-04-11T14:38:07+00:00","mainEntityOfPage":{"@id":"https:\/\/www.bedigitaltogether.be\/fr\/la-vrt-sefforce-de-diversifier-la-representation-dans-ses-offres-videos-produites-en-interne-et-en-externe\/"},"wordCount":86,"commentCount":0,"keywords":["Actualit\u00e9s"],"articleSection":["Images"],"inLanguage":"fr-FR","potentialAction":[{"@type":"CommentAction","name":"Comment","target":["https:\/\/www.bedigitaltogether.be\/fr\/la-vrt-sefforce-de-diversifier-la-representation-dans-ses-offres-videos-produites-en-interne-et-en-externe\/#respond"]}]},{"@type":"WebPage","@id":"https:\/\/www.bedigitaltogether.be\/fr\/la-vrt-sefforce-de-diversifier-la-representation-dans-ses-offres-videos-produites-en-interne-et-en-externe\/","url":"https:\/\/www.bedigitaltogether.be\/fr\/la-vrt-sefforce-de-diversifier-la-representation-dans-ses-offres-videos-produites-en-interne-et-en-externe\/","name":"La VRT s'efforce de diversifier la repr\u00e9sentation dans ses offres vid\u00e9os produites en interne et en externe. - BeDigitalTogether - Be Digital Together","isPartOf":{"@id":"https:\/\/www.bedigitaltogether.be\/fr\/#website"},"datePublished":"2023-04-11T14:36:36+00:00","dateModified":"2023-04-11T14:38:07+00:00","author":{"@id":"https:\/\/www.bedigitaltogether.be\/fr\/#\/schema\/person\/b56960572f725379f0873aa9fbd131c9"},"breadcrumb":{"@id":"https:\/\/www.bedigitaltogether.be\/fr\/la-vrt-sefforce-de-diversifier-la-representation-dans-ses-offres-videos-produites-en-interne-et-en-externe\/#breadcrumb"},"inLanguage":"fr-FR","potentialAction":[{"@type":"ReadAction","target":["https:\/\/www.bedigitaltogether.be\/fr\/la-vrt-sefforce-de-diversifier-la-representation-dans-ses-offres-videos-produites-en-interne-et-en-externe\/"]}]},{"@type":"BreadcrumbList","@id":"https:\/\/www.bedigitaltogether.be\/fr\/la-vrt-sefforce-de-diversifier-la-representation-dans-ses-offres-videos-produites-en-interne-et-en-externe\/#breadcrumb","itemListElement":[{"@type":"ListItem","position":1,"name":"Accueil","item":"https:\/\/www.bedigitaltogether.be\/fr\/"},{"@type":"ListItem","position":2,"name":"Images","item":"https:\/\/www.bedigitaltogether.be\/fr\/category\/images-fr\/"},{"@type":"ListItem","position":3,"name":"La VRT s&rsquo;efforce de diversifier la repr\u00e9sentation dans ses offres vid\u00e9os produites en interne et en externe."}]},{"@type":"WebSite","@id":"https:\/\/www.bedigitaltogether.be\/fr\/#website","url":"https:\/\/www.bedigitaltogether.be\/fr\/","name":"BeDigitalTogether","description":"","potentialAction":[{"@type":"SearchAction","target":{"@type":"EntryPoint","urlTemplate":"https:\/\/www.bedigitaltogether.be\/fr\/?s={search_term_string}"},"query-input":{"@type":"PropertyValueSpecification","valueRequired":true,"valueName":"search_term_string"}}],"inLanguage":"fr-FR"},{"@type":"Person","@id":"https:\/\/www.bedigitaltogether.be\/fr\/#\/schema\/person\/b56960572f725379f0873aa9fbd131c9","name":"admin","image":{"@type":"ImageObject","inLanguage":"fr-FR","@id":"https:\/\/secure.gravatar.com\/avatar\/c64dbd098148d05d0d68c4c59f1bc02d90e703757e02c60e5fa7878c6f6c4855?s=96&d=mm&r=g","url":"https:\/\/secure.gravatar.com\/avatar\/c64dbd098148d05d0d68c4c59f1bc02d90e703757e02c60e5fa7878c6f6c4855?s=96&d=mm&r=g","contentUrl":"https:\/\/secure.gravatar.com\/avatar\/c64dbd098148d05d0d68c4c59f1bc02d90e703757e02c60e5fa7878c6f6c4855?s=96&d=mm&r=g","caption":"admin"},"sameAs":["https:\/\/www.bedigitaltogether.be"],"url":"https:\/\/www.bedigitaltogether.be\/fr\/author\/lh_2l609ggp\/"}]}},"_links":{"self":[{"href":"https:\/\/www.bedigitaltogether.be\/fr\/wp-json\/wp\/v2\/posts\/9644","targetHints":{"allow":["GET"]}}],"collection":[{"href":"https:\/\/www.bedigitaltogether.be\/fr\/wp-json\/wp\/v2\/posts"}],"about":[{"href":"https:\/\/www.bedigitaltogether.be\/fr\/wp-json\/wp\/v2\/types\/post"}],"author":[{"embeddable":true,"href":"https:\/\/www.bedigitaltogether.be\/fr\/wp-json\/wp\/v2\/users\/1"}],"replies":[{"embeddable":true,"href":"https:\/\/www.bedigitaltogether.be\/fr\/wp-json\/wp\/v2\/comments?post=9644"}],"version-history":[{"count":1,"href":"https:\/\/www.bedigitaltogether.be\/fr\/wp-json\/wp\/v2\/posts\/9644\/revisions"}],"predecessor-version":[{"id":9645,"href":"https:\/\/www.bedigitaltogether.be\/fr\/wp-json\/wp\/v2\/posts\/9644\/revisions\/9645"}],"wp:attachment":[{"href":"https:\/\/www.bedigitaltogether.be\/fr\/wp-json\/wp\/v2\/media?parent=9644"}],"wp:term":[{"taxonomy":"category","embeddable":true,"href":"https:\/\/www.bedigitaltogether.be\/fr\/wp-json\/wp\/v2\/categories?post=9644"},{"taxonomy":"post_tag","embeddable":true,"href":"https:\/\/www.bedigitaltogether.be\/fr\/wp-json\/wp\/v2\/tags?post=9644"},{"taxonomy":"active","embeddable":true,"href":"https:\/\/www.bedigitaltogether.be\/fr\/wp-json\/wp\/v2\/active?post=9644"}],"curies":[{"name":"wp","href":"https:\/\/api.w.org\/{rel}","templated":true}]}}