{"id":8180,"date":"2022-04-21T13:17:16","date_gmt":"2022-04-21T13:17:16","guid":{"rendered":"https:\/\/www.bedigitaltogether.be\/plan-dinclusion-des-femmes-dans-le-numerique-en-wallonie\/"},"modified":"2024-09-13T10:14:57","modified_gmt":"2024-09-13T10:14:57","slug":"plan-dinclusion-des-femmes-dans-le-numerique-en-wallonie","status":"publish","type":"post","link":"https:\/\/www.bedigitaltogether.be\/fr\/plan-dinclusion-des-femmes-dans-le-numerique-en-wallonie\/","title":{"rendered":"Plan d&rsquo;inclusion des femmes dans le num\u00e9rique en Wallonie"},"content":{"rendered":"<p>Le plan d&rsquo;inclusion num\u00e9rique de tous les Wallons.  Particuli\u00e8rement l&rsquo;action de \u00ab\u00a0MOBILISER ET SOUTENIR LES ACTEURS DE PROXIMITE POUR COMPLETER LES ACTIONS D\u2019ACCOMPAGNEMENT ET DE FORMATION DE PUBLICS FRAGILISES SPECIFIQUES\u00a0\u00bb Il s&rsquo;agira de soutenir les initiatives d\u2019accompagnement et de d\u00e9veloppement des comp\u00e9tences num\u00e9riques \u00e0 destination particuli\u00e8rement de publics cibles fragilis\u00e9s dont les femmes.  Le soutien passera par des appels \u00e0 projets et\/ou des conventionnements.<\/p>\n","protected":false},"excerpt":{"rendered":"<p>Le plan d&rsquo;inclusion num\u00e9rique de tous les Wallons. Particuli\u00e8rement l&rsquo;action de \u00ab\u00a0MOBILISER ET SOUTENIR LES ACTEURS DE PROXIMITE POUR COMPLETER LES ACTIONS D\u2019ACCOMPAGNEMENT ET DE FORMATION DE PUBLICS FRAGILISES SPECIFIQUES\u00a0\u00bb Il s&rsquo;agira de soutenir les initiatives d\u2019accompagnement et de d\u00e9veloppement des comp\u00e9tences num\u00e9riques \u00e0 destination particuli\u00e8rement de publics cibles fragilis\u00e9s dont les femmes. Le soutien [&hellip;]<\/p>\n","protected":false},"author":1,"featured_media":0,"comment_status":"open","ping_status":"closed","sticky":false,"template":"","format":"standard","meta":{"_acf_changed":false,"footnotes":""},"categories":[110],"tags":[118],"active":[150],"class_list":["post-8180","post","type-post","status-publish","format-standard","hentry","category-ecart-entre-les-sexes","tag-initiative-fr","active-archive-fr"],"acf":[],"yoast_head":"<!-- This site is optimized with the Yoast SEO plugin v27.5 - https:\/\/yoast.com\/product\/yoast-seo-wordpress\/ -->\n<title>Plan d&#039;inclusion des femmes dans le num\u00e9rique en Wallonie - BeDigitalTogether - Be Digital Together<\/title>\n<meta name=\"robots\" content=\"index, follow, max-snippet:-1, max-image-preview:large, max-video-preview:-1\" \/>\n<link rel=\"canonical\" href=\"https:\/\/www.bedigitaltogether.be\/fr\/\" \/>\n<meta property=\"og:locale\" content=\"fr_FR\" \/>\n<meta property=\"og:type\" content=\"article\" \/>\n<meta property=\"og:title\" content=\"Plan d&#039;inclusion des femmes dans le num\u00e9rique en Wallonie - BeDigitalTogether - Be Digital Together\" \/>\n<meta property=\"og:description\" content=\"Le plan d&rsquo;inclusion num\u00e9rique de tous les Wallons. Particuli\u00e8rement l&rsquo;action de \u00ab\u00a0MOBILISER ET SOUTENIR LES ACTEURS DE PROXIMITE POUR COMPLETER LES ACTIONS D\u2019ACCOMPAGNEMENT ET DE FORMATION DE PUBLICS FRAGILISES SPECIFIQUES\u00a0\u00bb Il s&rsquo;agira de soutenir les initiatives d\u2019accompagnement et de d\u00e9veloppement des comp\u00e9tences num\u00e9riques \u00e0 destination particuli\u00e8rement de publics cibles fragilis\u00e9s dont les femmes. Le soutien [&hellip;]\" \/>\n<meta property=\"og:url\" content=\"https:\/\/www.bedigitaltogether.be\/fr\/\" \/>\n<meta property=\"og:site_name\" content=\"BeDigitalTogether\" \/>\n<meta property=\"article:published_time\" content=\"2022-04-21T13:17:16+00:00\" \/>\n<meta property=\"article:modified_time\" content=\"2024-09-13T10:14:57+00:00\" \/>\n<meta name=\"author\" content=\"admin\" \/>\n<meta name=\"twitter:card\" content=\"summary_large_image\" \/>\n<meta name=\"twitter:label1\" content=\"\u00c9crit par\" \/>\n\t<meta name=\"twitter:data1\" content=\"admin\" \/>\n\t<meta name=\"twitter:label2\" content=\"Dur\u00e9e de lecture estim\u00e9e\" \/>\n\t<meta name=\"twitter:data2\" content=\"1 minute\" \/>\n<script type=\"application\/ld+json\" class=\"yoast-schema-graph\">{\"@context\":\"https:\\\/\\\/schema.org\",\"@graph\":[{\"@type\":\"Article\",\"@id\":\"https:\\\/\\\/www.bedigitaltogether.be\\\/fr\\\/plan-dinclusion-des-femmes-dans-le-numerique-en-wallonie\\\/#article\",\"isPartOf\":{\"@id\":\"https:\\\/\\\/www.bedigitaltogether.be\\\/fr\\\/plan-dinclusion-des-femmes-dans-le-numerique-en-wallonie\\\/\"},\"author\":{\"name\":\"admin\",\"@id\":\"https:\\\/\\\/www.bedigitaltogether.be\\\/fr\\\/#\\\/schema\\\/person\\\/b56960572f725379f0873aa9fbd131c9\"},\"headline\":\"Plan d&rsquo;inclusion des femmes dans le num\u00e9rique en Wallonie\",\"datePublished\":\"2022-04-21T13:17:16+00:00\",\"dateModified\":\"2024-09-13T10:14:57+00:00\",\"mainEntityOfPage\":{\"@id\":\"https:\\\/\\\/www.bedigitaltogether.be\\\/fr\\\/plan-dinclusion-des-femmes-dans-le-numerique-en-wallonie\\\/\"},\"wordCount\":86,\"commentCount\":0,\"keywords\":[\"Initiative\"],\"articleSection\":[\"\u00c9cart entre les sexes\"],\"inLanguage\":\"fr-FR\",\"potentialAction\":[{\"@type\":\"CommentAction\",\"name\":\"Comment\",\"target\":[\"https:\\\/\\\/www.bedigitaltogether.be\\\/fr\\\/plan-dinclusion-des-femmes-dans-le-numerique-en-wallonie\\\/#respond\"]}]},{\"@type\":\"WebPage\",\"@id\":\"https:\\\/\\\/www.bedigitaltogether.be\\\/fr\\\/plan-dinclusion-des-femmes-dans-le-numerique-en-wallonie\\\/\",\"url\":\"https:\\\/\\\/www.bedigitaltogether.be\\\/fr\\\/plan-dinclusion-des-femmes-dans-le-numerique-en-wallonie\\\/\",\"name\":\"Plan d'inclusion des femmes dans le num\u00e9rique en Wallonie - BeDigitalTogether - Be Digital Together\",\"isPartOf\":{\"@id\":\"https:\\\/\\\/www.bedigitaltogether.be\\\/fr\\\/#website\"},\"datePublished\":\"2022-04-21T13:17:16+00:00\",\"dateModified\":\"2024-09-13T10:14:57+00:00\",\"author\":{\"@id\":\"https:\\\/\\\/www.bedigitaltogether.be\\\/fr\\\/#\\\/schema\\\/person\\\/b56960572f725379f0873aa9fbd131c9\"},\"breadcrumb\":{\"@id\":\"https:\\\/\\\/www.bedigitaltogether.be\\\/fr\\\/plan-dinclusion-des-femmes-dans-le-numerique-en-wallonie\\\/#breadcrumb\"},\"inLanguage\":\"fr-FR\",\"potentialAction\":[{\"@type\":\"ReadAction\",\"target\":[\"https:\\\/\\\/www.bedigitaltogether.be\\\/fr\\\/plan-dinclusion-des-femmes-dans-le-numerique-en-wallonie\\\/\"]}]},{\"@type\":\"BreadcrumbList\",\"@id\":\"https:\\\/\\\/www.bedigitaltogether.be\\\/fr\\\/plan-dinclusion-des-femmes-dans-le-numerique-en-wallonie\\\/#breadcrumb\",\"itemListElement\":[{\"@type\":\"ListItem\",\"position\":1,\"name\":\"Accueil\",\"item\":\"https:\\\/\\\/www.bedigitaltogether.be\\\/fr\\\/\"},{\"@type\":\"ListItem\",\"position\":2,\"name\":\"\u00c9cart entre les sexes\",\"item\":\"https:\\\/\\\/www.bedigitaltogether.be\\\/fr\\\/category\\\/ecart-entre-les-sexes\\\/\"},{\"@type\":\"ListItem\",\"position\":3,\"name\":\"Plan d&rsquo;inclusion des femmes dans le num\u00e9rique en Wallonie\"}]},{\"@type\":\"WebSite\",\"@id\":\"https:\\\/\\\/www.bedigitaltogether.be\\\/fr\\\/#website\",\"url\":\"https:\\\/\\\/www.bedigitaltogether.be\\\/fr\\\/\",\"name\":\"BeDigitalTogether\",\"description\":\"\",\"potentialAction\":[{\"@type\":\"SearchAction\",\"target\":{\"@type\":\"EntryPoint\",\"urlTemplate\":\"https:\\\/\\\/www.bedigitaltogether.be\\\/fr\\\/?s={search_term_string}\"},\"query-input\":{\"@type\":\"PropertyValueSpecification\",\"valueRequired\":true,\"valueName\":\"search_term_string\"}}],\"inLanguage\":\"fr-FR\"},{\"@type\":\"Person\",\"@id\":\"https:\\\/\\\/www.bedigitaltogether.be\\\/fr\\\/#\\\/schema\\\/person\\\/b56960572f725379f0873aa9fbd131c9\",\"name\":\"admin\",\"image\":{\"@type\":\"ImageObject\",\"inLanguage\":\"fr-FR\",\"@id\":\"https:\\\/\\\/secure.gravatar.com\\\/avatar\\\/c64dbd098148d05d0d68c4c59f1bc02d90e703757e02c60e5fa7878c6f6c4855?s=96&d=mm&r=g\",\"url\":\"https:\\\/\\\/secure.gravatar.com\\\/avatar\\\/c64dbd098148d05d0d68c4c59f1bc02d90e703757e02c60e5fa7878c6f6c4855?s=96&d=mm&r=g\",\"contentUrl\":\"https:\\\/\\\/secure.gravatar.com\\\/avatar\\\/c64dbd098148d05d0d68c4c59f1bc02d90e703757e02c60e5fa7878c6f6c4855?s=96&d=mm&r=g\",\"caption\":\"admin\"},\"sameAs\":[\"https:\\\/\\\/www.bedigitaltogether.be\"],\"url\":\"https:\\\/\\\/www.bedigitaltogether.be\\\/fr\\\/author\\\/lh_2l609ggp\\\/\"}]}<\/script>\n<!-- \/ Yoast SEO plugin. -->","yoast_head_json":{"title":"Plan d'inclusion des femmes dans le num\u00e9rique en Wallonie - BeDigitalTogether - Be Digital Together","robots":{"index":"index","follow":"follow","max-snippet":"max-snippet:-1","max-image-preview":"max-image-preview:large","max-video-preview":"max-video-preview:-1"},"canonical":"https:\/\/www.bedigitaltogether.be\/fr\/","og_locale":"fr_FR","og_type":"article","og_title":"Plan d'inclusion des femmes dans le num\u00e9rique en Wallonie - BeDigitalTogether - Be Digital Together","og_description":"Le plan d&rsquo;inclusion num\u00e9rique de tous les Wallons. Particuli\u00e8rement l&rsquo;action de \u00ab\u00a0MOBILISER ET SOUTENIR LES ACTEURS DE PROXIMITE POUR COMPLETER LES ACTIONS D\u2019ACCOMPAGNEMENT ET DE FORMATION DE PUBLICS FRAGILISES SPECIFIQUES\u00a0\u00bb Il s&rsquo;agira de soutenir les initiatives d\u2019accompagnement et de d\u00e9veloppement des comp\u00e9tences num\u00e9riques \u00e0 destination particuli\u00e8rement de publics cibles fragilis\u00e9s dont les femmes. Le soutien [&hellip;]","og_url":"https:\/\/www.bedigitaltogether.be\/fr\/","og_site_name":"BeDigitalTogether","article_published_time":"2022-04-21T13:17:16+00:00","article_modified_time":"2024-09-13T10:14:57+00:00","author":"admin","twitter_card":"summary_large_image","twitter_misc":{"\u00c9crit par":"admin","Dur\u00e9e de lecture estim\u00e9e":"1 minute"},"schema":{"@context":"https:\/\/schema.org","@graph":[{"@type":"Article","@id":"https:\/\/www.bedigitaltogether.be\/fr\/plan-dinclusion-des-femmes-dans-le-numerique-en-wallonie\/#article","isPartOf":{"@id":"https:\/\/www.bedigitaltogether.be\/fr\/plan-dinclusion-des-femmes-dans-le-numerique-en-wallonie\/"},"author":{"name":"admin","@id":"https:\/\/www.bedigitaltogether.be\/fr\/#\/schema\/person\/b56960572f725379f0873aa9fbd131c9"},"headline":"Plan d&rsquo;inclusion des femmes dans le num\u00e9rique en Wallonie","datePublished":"2022-04-21T13:17:16+00:00","dateModified":"2024-09-13T10:14:57+00:00","mainEntityOfPage":{"@id":"https:\/\/www.bedigitaltogether.be\/fr\/plan-dinclusion-des-femmes-dans-le-numerique-en-wallonie\/"},"wordCount":86,"commentCount":0,"keywords":["Initiative"],"articleSection":["\u00c9cart entre les sexes"],"inLanguage":"fr-FR","potentialAction":[{"@type":"CommentAction","name":"Comment","target":["https:\/\/www.bedigitaltogether.be\/fr\/plan-dinclusion-des-femmes-dans-le-numerique-en-wallonie\/#respond"]}]},{"@type":"WebPage","@id":"https:\/\/www.bedigitaltogether.be\/fr\/plan-dinclusion-des-femmes-dans-le-numerique-en-wallonie\/","url":"https:\/\/www.bedigitaltogether.be\/fr\/plan-dinclusion-des-femmes-dans-le-numerique-en-wallonie\/","name":"Plan d'inclusion des femmes dans le num\u00e9rique en Wallonie - BeDigitalTogether - Be Digital Together","isPartOf":{"@id":"https:\/\/www.bedigitaltogether.be\/fr\/#website"},"datePublished":"2022-04-21T13:17:16+00:00","dateModified":"2024-09-13T10:14:57+00:00","author":{"@id":"https:\/\/www.bedigitaltogether.be\/fr\/#\/schema\/person\/b56960572f725379f0873aa9fbd131c9"},"breadcrumb":{"@id":"https:\/\/www.bedigitaltogether.be\/fr\/plan-dinclusion-des-femmes-dans-le-numerique-en-wallonie\/#breadcrumb"},"inLanguage":"fr-FR","potentialAction":[{"@type":"ReadAction","target":["https:\/\/www.bedigitaltogether.be\/fr\/plan-dinclusion-des-femmes-dans-le-numerique-en-wallonie\/"]}]},{"@type":"BreadcrumbList","@id":"https:\/\/www.bedigitaltogether.be\/fr\/plan-dinclusion-des-femmes-dans-le-numerique-en-wallonie\/#breadcrumb","itemListElement":[{"@type":"ListItem","position":1,"name":"Accueil","item":"https:\/\/www.bedigitaltogether.be\/fr\/"},{"@type":"ListItem","position":2,"name":"\u00c9cart entre les sexes","item":"https:\/\/www.bedigitaltogether.be\/fr\/category\/ecart-entre-les-sexes\/"},{"@type":"ListItem","position":3,"name":"Plan d&rsquo;inclusion des femmes dans le num\u00e9rique en Wallonie"}]},{"@type":"WebSite","@id":"https:\/\/www.bedigitaltogether.be\/fr\/#website","url":"https:\/\/www.bedigitaltogether.be\/fr\/","name":"BeDigitalTogether","description":"","potentialAction":[{"@type":"SearchAction","target":{"@type":"EntryPoint","urlTemplate":"https:\/\/www.bedigitaltogether.be\/fr\/?s={search_term_string}"},"query-input":{"@type":"PropertyValueSpecification","valueRequired":true,"valueName":"search_term_string"}}],"inLanguage":"fr-FR"},{"@type":"Person","@id":"https:\/\/www.bedigitaltogether.be\/fr\/#\/schema\/person\/b56960572f725379f0873aa9fbd131c9","name":"admin","image":{"@type":"ImageObject","inLanguage":"fr-FR","@id":"https:\/\/secure.gravatar.com\/avatar\/c64dbd098148d05d0d68c4c59f1bc02d90e703757e02c60e5fa7878c6f6c4855?s=96&d=mm&r=g","url":"https:\/\/secure.gravatar.com\/avatar\/c64dbd098148d05d0d68c4c59f1bc02d90e703757e02c60e5fa7878c6f6c4855?s=96&d=mm&r=g","contentUrl":"https:\/\/secure.gravatar.com\/avatar\/c64dbd098148d05d0d68c4c59f1bc02d90e703757e02c60e5fa7878c6f6c4855?s=96&d=mm&r=g","caption":"admin"},"sameAs":["https:\/\/www.bedigitaltogether.be"],"url":"https:\/\/www.bedigitaltogether.be\/fr\/author\/lh_2l609ggp\/"}]}},"_links":{"self":[{"href":"https:\/\/www.bedigitaltogether.be\/fr\/wp-json\/wp\/v2\/posts\/8180","targetHints":{"allow":["GET"]}}],"collection":[{"href":"https:\/\/www.bedigitaltogether.be\/fr\/wp-json\/wp\/v2\/posts"}],"about":[{"href":"https:\/\/www.bedigitaltogether.be\/fr\/wp-json\/wp\/v2\/types\/post"}],"author":[{"embeddable":true,"href":"https:\/\/www.bedigitaltogether.be\/fr\/wp-json\/wp\/v2\/users\/1"}],"replies":[{"embeddable":true,"href":"https:\/\/www.bedigitaltogether.be\/fr\/wp-json\/wp\/v2\/comments?post=8180"}],"version-history":[{"count":1,"href":"https:\/\/www.bedigitaltogether.be\/fr\/wp-json\/wp\/v2\/posts\/8180\/revisions"}],"predecessor-version":[{"id":10380,"href":"https:\/\/www.bedigitaltogether.be\/fr\/wp-json\/wp\/v2\/posts\/8180\/revisions\/10380"}],"wp:attachment":[{"href":"https:\/\/www.bedigitaltogether.be\/fr\/wp-json\/wp\/v2\/media?parent=8180"}],"wp:term":[{"taxonomy":"category","embeddable":true,"href":"https:\/\/www.bedigitaltogether.be\/fr\/wp-json\/wp\/v2\/categories?post=8180"},{"taxonomy":"post_tag","embeddable":true,"href":"https:\/\/www.bedigitaltogether.be\/fr\/wp-json\/wp\/v2\/tags?post=8180"},{"taxonomy":"active","embeddable":true,"href":"https:\/\/www.bedigitaltogether.be\/fr\/wp-json\/wp\/v2\/active?post=8180"}],"curies":[{"name":"wp","href":"https:\/\/api.w.org\/{rel}","templated":true}]}}