{"id":8178,"date":"2022-04-21T13:17:16","date_gmt":"2022-04-21T13:17:16","guid":{"rendered":"https:\/\/www.bedigitaltogether.be\/recherche-pour-promouvoir-linclusion-des-femmes-dans-les-metiers-numerique-it\/"},"modified":"2024-09-13T10:15:20","modified_gmt":"2024-09-13T10:15:20","slug":"recherche-pour-promouvoir-linclusion-des-femmes-dans-les-metiers-numerique-it","status":"publish","type":"post","link":"https:\/\/www.bedigitaltogether.be\/fr\/recherche-pour-promouvoir-linclusion-des-femmes-dans-les-metiers-numerique-it\/","title":{"rendered":"Recherche pour promouvoir l&rsquo;inclusion des femmes dans les m\u00e9tiers num\u00e9rique\/IT"},"content":{"rendered":"<p>La recherche porte sur l\u2019analyse des trajectoires de vie des femmes dans le num\u00e9rique, cela couvre les trajectoires professionnelles mais aussi les trajectoires scolaires.<br \/>\nLes objectifs g\u00e9n\u00e9raux de l\u2019\u00e9tude sont de :<br \/>\nComprendre les causes de la sous-repr\u00e9sentation des femmes et des filles dans les fili\u00e8res d\u2019\u00e9tude et les m\u00e9tiers li\u00e9es \u00e0 l\u2019informatique, aux IT et au num\u00e9rique.<br \/>\nIdentifier les pratiques des entreprises et des organisations en regard de ces m\u00e9tiers et identifier des bonnes pratiques, \u00e0 partir d\u2019\u00e9tudes de cas belges mais aussi des exp\u00e9riences \u00e0 l\u2019\u00e9tranger.<br \/>\nProposer un outil pour que les entreprises puissent se positionner sur ces questions d\u2019\u00e9galit\u00e9 F\/H dans le num\u00e9rique.<br \/>\nRemettre des propositions d\u2019action pour les pouvoirs publics.<\/p>\n","protected":false},"excerpt":{"rendered":"<p>La recherche porte sur l\u2019analyse des trajectoires de vie des femmes dans le num\u00e9rique, cela couvre les trajectoires professionnelles mais aussi les trajectoires scolaires. Les objectifs g\u00e9n\u00e9raux de l\u2019\u00e9tude sont de : Comprendre les causes de la sous-repr\u00e9sentation des femmes et des filles dans les fili\u00e8res d\u2019\u00e9tude et les m\u00e9tiers li\u00e9es \u00e0 l\u2019informatique, aux IT [&hellip;]<\/p>\n","protected":false},"author":1,"featured_media":0,"comment_status":"open","ping_status":"closed","sticky":false,"template":"","format":"standard","meta":{"_acf_changed":false,"footnotes":""},"categories":[98,104],"tags":[131],"active":[144,150],"class_list":["post-8178","post","type-post","status-publish","format-standard","hentry","category-monde-du-travail","category-retenir-les-femmes-dans-le-numerique","tag-recherche-initiative","active-active","active-archive-fr"],"acf":[],"yoast_head":"<!-- This site is optimized with the Yoast SEO plugin v27.5 - https:\/\/yoast.com\/product\/yoast-seo-wordpress\/ -->\n<title>Recherche pour promouvoir l&#039;inclusion des femmes dans les m\u00e9tiers num\u00e9rique\/IT - BeDigitalTogether - Be Digital Together<\/title>\n<meta name=\"robots\" content=\"index, follow, max-snippet:-1, max-image-preview:large, max-video-preview:-1\" \/>\n<link rel=\"canonical\" href=\"https:\/\/www.bedigitaltogether.be\/fr\/\" \/>\n<meta property=\"og:locale\" content=\"fr_FR\" \/>\n<meta property=\"og:type\" content=\"article\" \/>\n<meta property=\"og:title\" content=\"Recherche pour promouvoir l&#039;inclusion des femmes dans les m\u00e9tiers num\u00e9rique\/IT - BeDigitalTogether - Be Digital Together\" \/>\n<meta property=\"og:description\" content=\"La recherche porte sur l\u2019analyse des trajectoires de vie des femmes dans le num\u00e9rique, cela couvre les trajectoires professionnelles mais aussi les trajectoires scolaires. Les objectifs g\u00e9n\u00e9raux de l\u2019\u00e9tude sont de : Comprendre les causes de la sous-repr\u00e9sentation des femmes et des filles dans les fili\u00e8res d\u2019\u00e9tude et les m\u00e9tiers li\u00e9es \u00e0 l\u2019informatique, aux IT [&hellip;]\" \/>\n<meta property=\"og:url\" content=\"https:\/\/www.bedigitaltogether.be\/fr\/\" \/>\n<meta property=\"og:site_name\" content=\"BeDigitalTogether\" \/>\n<meta property=\"article:published_time\" content=\"2022-04-21T13:17:16+00:00\" \/>\n<meta property=\"article:modified_time\" content=\"2024-09-13T10:15:20+00:00\" \/>\n<meta name=\"author\" content=\"admin\" \/>\n<meta name=\"twitter:card\" content=\"summary_large_image\" \/>\n<meta name=\"twitter:label1\" content=\"\u00c9crit par\" \/>\n\t<meta name=\"twitter:data1\" content=\"admin\" \/>\n\t<meta name=\"twitter:label2\" content=\"Dur\u00e9e de lecture estim\u00e9e\" \/>\n\t<meta name=\"twitter:data2\" content=\"1 minute\" \/>\n<script type=\"application\/ld+json\" class=\"yoast-schema-graph\">{\"@context\":\"https:\\\/\\\/schema.org\",\"@graph\":[{\"@type\":\"Article\",\"@id\":\"https:\\\/\\\/www.bedigitaltogether.be\\\/fr\\\/recherche-pour-promouvoir-linclusion-des-femmes-dans-les-metiers-numerique-it\\\/#article\",\"isPartOf\":{\"@id\":\"https:\\\/\\\/www.bedigitaltogether.be\\\/fr\\\/recherche-pour-promouvoir-linclusion-des-femmes-dans-les-metiers-numerique-it\\\/\"},\"author\":{\"name\":\"admin\",\"@id\":\"https:\\\/\\\/www.bedigitaltogether.be\\\/fr\\\/#\\\/schema\\\/person\\\/b56960572f725379f0873aa9fbd131c9\"},\"headline\":\"Recherche pour promouvoir l&rsquo;inclusion des femmes dans les m\u00e9tiers num\u00e9rique\\\/IT\",\"datePublished\":\"2022-04-21T13:17:16+00:00\",\"dateModified\":\"2024-09-13T10:15:20+00:00\",\"mainEntityOfPage\":{\"@id\":\"https:\\\/\\\/www.bedigitaltogether.be\\\/fr\\\/recherche-pour-promouvoir-linclusion-des-femmes-dans-les-metiers-numerique-it\\\/\"},\"wordCount\":144,\"commentCount\":0,\"keywords\":[\"Recherche\\\/Initiative\"],\"articleSection\":[\"Monde du travail\",\"Retenir les femmes dans le num\u00e9rique\"],\"inLanguage\":\"fr-FR\",\"potentialAction\":[{\"@type\":\"CommentAction\",\"name\":\"Comment\",\"target\":[\"https:\\\/\\\/www.bedigitaltogether.be\\\/fr\\\/recherche-pour-promouvoir-linclusion-des-femmes-dans-les-metiers-numerique-it\\\/#respond\"]}]},{\"@type\":\"WebPage\",\"@id\":\"https:\\\/\\\/www.bedigitaltogether.be\\\/fr\\\/recherche-pour-promouvoir-linclusion-des-femmes-dans-les-metiers-numerique-it\\\/\",\"url\":\"https:\\\/\\\/www.bedigitaltogether.be\\\/fr\\\/recherche-pour-promouvoir-linclusion-des-femmes-dans-les-metiers-numerique-it\\\/\",\"name\":\"Recherche pour promouvoir l'inclusion des femmes dans les m\u00e9tiers num\u00e9rique\\\/IT - BeDigitalTogether - Be Digital Together\",\"isPartOf\":{\"@id\":\"https:\\\/\\\/www.bedigitaltogether.be\\\/fr\\\/#website\"},\"datePublished\":\"2022-04-21T13:17:16+00:00\",\"dateModified\":\"2024-09-13T10:15:20+00:00\",\"author\":{\"@id\":\"https:\\\/\\\/www.bedigitaltogether.be\\\/fr\\\/#\\\/schema\\\/person\\\/b56960572f725379f0873aa9fbd131c9\"},\"breadcrumb\":{\"@id\":\"https:\\\/\\\/www.bedigitaltogether.be\\\/fr\\\/recherche-pour-promouvoir-linclusion-des-femmes-dans-les-metiers-numerique-it\\\/#breadcrumb\"},\"inLanguage\":\"fr-FR\",\"potentialAction\":[{\"@type\":\"ReadAction\",\"target\":[\"https:\\\/\\\/www.bedigitaltogether.be\\\/fr\\\/recherche-pour-promouvoir-linclusion-des-femmes-dans-les-metiers-numerique-it\\\/\"]}]},{\"@type\":\"BreadcrumbList\",\"@id\":\"https:\\\/\\\/www.bedigitaltogether.be\\\/fr\\\/recherche-pour-promouvoir-linclusion-des-femmes-dans-les-metiers-numerique-it\\\/#breadcrumb\",\"itemListElement\":[{\"@type\":\"ListItem\",\"position\":1,\"name\":\"Accueil\",\"item\":\"https:\\\/\\\/www.bedigitaltogether.be\\\/fr\\\/\"},{\"@type\":\"ListItem\",\"position\":2,\"name\":\"Monde du travail\",\"item\":\"https:\\\/\\\/www.bedigitaltogether.be\\\/fr\\\/category\\\/monde-du-travail\\\/\"},{\"@type\":\"ListItem\",\"position\":3,\"name\":\"Recherche pour promouvoir l&rsquo;inclusion des femmes dans les m\u00e9tiers num\u00e9rique\\\/IT\"}]},{\"@type\":\"WebSite\",\"@id\":\"https:\\\/\\\/www.bedigitaltogether.be\\\/fr\\\/#website\",\"url\":\"https:\\\/\\\/www.bedigitaltogether.be\\\/fr\\\/\",\"name\":\"BeDigitalTogether\",\"description\":\"\",\"potentialAction\":[{\"@type\":\"SearchAction\",\"target\":{\"@type\":\"EntryPoint\",\"urlTemplate\":\"https:\\\/\\\/www.bedigitaltogether.be\\\/fr\\\/?s={search_term_string}\"},\"query-input\":{\"@type\":\"PropertyValueSpecification\",\"valueRequired\":true,\"valueName\":\"search_term_string\"}}],\"inLanguage\":\"fr-FR\"},{\"@type\":\"Person\",\"@id\":\"https:\\\/\\\/www.bedigitaltogether.be\\\/fr\\\/#\\\/schema\\\/person\\\/b56960572f725379f0873aa9fbd131c9\",\"name\":\"admin\",\"image\":{\"@type\":\"ImageObject\",\"inLanguage\":\"fr-FR\",\"@id\":\"https:\\\/\\\/secure.gravatar.com\\\/avatar\\\/c64dbd098148d05d0d68c4c59f1bc02d90e703757e02c60e5fa7878c6f6c4855?s=96&d=mm&r=g\",\"url\":\"https:\\\/\\\/secure.gravatar.com\\\/avatar\\\/c64dbd098148d05d0d68c4c59f1bc02d90e703757e02c60e5fa7878c6f6c4855?s=96&d=mm&r=g\",\"contentUrl\":\"https:\\\/\\\/secure.gravatar.com\\\/avatar\\\/c64dbd098148d05d0d68c4c59f1bc02d90e703757e02c60e5fa7878c6f6c4855?s=96&d=mm&r=g\",\"caption\":\"admin\"},\"sameAs\":[\"https:\\\/\\\/www.bedigitaltogether.be\"],\"url\":\"https:\\\/\\\/www.bedigitaltogether.be\\\/fr\\\/author\\\/lh_2l609ggp\\\/\"}]}<\/script>\n<!-- \/ Yoast SEO plugin. -->","yoast_head_json":{"title":"Recherche pour promouvoir l'inclusion des femmes dans les m\u00e9tiers num\u00e9rique\/IT - BeDigitalTogether - Be Digital Together","robots":{"index":"index","follow":"follow","max-snippet":"max-snippet:-1","max-image-preview":"max-image-preview:large","max-video-preview":"max-video-preview:-1"},"canonical":"https:\/\/www.bedigitaltogether.be\/fr\/","og_locale":"fr_FR","og_type":"article","og_title":"Recherche pour promouvoir l'inclusion des femmes dans les m\u00e9tiers num\u00e9rique\/IT - BeDigitalTogether - Be Digital Together","og_description":"La recherche porte sur l\u2019analyse des trajectoires de vie des femmes dans le num\u00e9rique, cela couvre les trajectoires professionnelles mais aussi les trajectoires scolaires. Les objectifs g\u00e9n\u00e9raux de l\u2019\u00e9tude sont de : Comprendre les causes de la sous-repr\u00e9sentation des femmes et des filles dans les fili\u00e8res d\u2019\u00e9tude et les m\u00e9tiers li\u00e9es \u00e0 l\u2019informatique, aux IT [&hellip;]","og_url":"https:\/\/www.bedigitaltogether.be\/fr\/","og_site_name":"BeDigitalTogether","article_published_time":"2022-04-21T13:17:16+00:00","article_modified_time":"2024-09-13T10:15:20+00:00","author":"admin","twitter_card":"summary_large_image","twitter_misc":{"\u00c9crit par":"admin","Dur\u00e9e de lecture estim\u00e9e":"1 minute"},"schema":{"@context":"https:\/\/schema.org","@graph":[{"@type":"Article","@id":"https:\/\/www.bedigitaltogether.be\/fr\/recherche-pour-promouvoir-linclusion-des-femmes-dans-les-metiers-numerique-it\/#article","isPartOf":{"@id":"https:\/\/www.bedigitaltogether.be\/fr\/recherche-pour-promouvoir-linclusion-des-femmes-dans-les-metiers-numerique-it\/"},"author":{"name":"admin","@id":"https:\/\/www.bedigitaltogether.be\/fr\/#\/schema\/person\/b56960572f725379f0873aa9fbd131c9"},"headline":"Recherche pour promouvoir l&rsquo;inclusion des femmes dans les m\u00e9tiers num\u00e9rique\/IT","datePublished":"2022-04-21T13:17:16+00:00","dateModified":"2024-09-13T10:15:20+00:00","mainEntityOfPage":{"@id":"https:\/\/www.bedigitaltogether.be\/fr\/recherche-pour-promouvoir-linclusion-des-femmes-dans-les-metiers-numerique-it\/"},"wordCount":144,"commentCount":0,"keywords":["Recherche\/Initiative"],"articleSection":["Monde du travail","Retenir les femmes dans le num\u00e9rique"],"inLanguage":"fr-FR","potentialAction":[{"@type":"CommentAction","name":"Comment","target":["https:\/\/www.bedigitaltogether.be\/fr\/recherche-pour-promouvoir-linclusion-des-femmes-dans-les-metiers-numerique-it\/#respond"]}]},{"@type":"WebPage","@id":"https:\/\/www.bedigitaltogether.be\/fr\/recherche-pour-promouvoir-linclusion-des-femmes-dans-les-metiers-numerique-it\/","url":"https:\/\/www.bedigitaltogether.be\/fr\/recherche-pour-promouvoir-linclusion-des-femmes-dans-les-metiers-numerique-it\/","name":"Recherche pour promouvoir l'inclusion des femmes dans les m\u00e9tiers num\u00e9rique\/IT - BeDigitalTogether - Be Digital Together","isPartOf":{"@id":"https:\/\/www.bedigitaltogether.be\/fr\/#website"},"datePublished":"2022-04-21T13:17:16+00:00","dateModified":"2024-09-13T10:15:20+00:00","author":{"@id":"https:\/\/www.bedigitaltogether.be\/fr\/#\/schema\/person\/b56960572f725379f0873aa9fbd131c9"},"breadcrumb":{"@id":"https:\/\/www.bedigitaltogether.be\/fr\/recherche-pour-promouvoir-linclusion-des-femmes-dans-les-metiers-numerique-it\/#breadcrumb"},"inLanguage":"fr-FR","potentialAction":[{"@type":"ReadAction","target":["https:\/\/www.bedigitaltogether.be\/fr\/recherche-pour-promouvoir-linclusion-des-femmes-dans-les-metiers-numerique-it\/"]}]},{"@type":"BreadcrumbList","@id":"https:\/\/www.bedigitaltogether.be\/fr\/recherche-pour-promouvoir-linclusion-des-femmes-dans-les-metiers-numerique-it\/#breadcrumb","itemListElement":[{"@type":"ListItem","position":1,"name":"Accueil","item":"https:\/\/www.bedigitaltogether.be\/fr\/"},{"@type":"ListItem","position":2,"name":"Monde du travail","item":"https:\/\/www.bedigitaltogether.be\/fr\/category\/monde-du-travail\/"},{"@type":"ListItem","position":3,"name":"Recherche pour promouvoir l&rsquo;inclusion des femmes dans les m\u00e9tiers num\u00e9rique\/IT"}]},{"@type":"WebSite","@id":"https:\/\/www.bedigitaltogether.be\/fr\/#website","url":"https:\/\/www.bedigitaltogether.be\/fr\/","name":"BeDigitalTogether","description":"","potentialAction":[{"@type":"SearchAction","target":{"@type":"EntryPoint","urlTemplate":"https:\/\/www.bedigitaltogether.be\/fr\/?s={search_term_string}"},"query-input":{"@type":"PropertyValueSpecification","valueRequired":true,"valueName":"search_term_string"}}],"inLanguage":"fr-FR"},{"@type":"Person","@id":"https:\/\/www.bedigitaltogether.be\/fr\/#\/schema\/person\/b56960572f725379f0873aa9fbd131c9","name":"admin","image":{"@type":"ImageObject","inLanguage":"fr-FR","@id":"https:\/\/secure.gravatar.com\/avatar\/c64dbd098148d05d0d68c4c59f1bc02d90e703757e02c60e5fa7878c6f6c4855?s=96&d=mm&r=g","url":"https:\/\/secure.gravatar.com\/avatar\/c64dbd098148d05d0d68c4c59f1bc02d90e703757e02c60e5fa7878c6f6c4855?s=96&d=mm&r=g","contentUrl":"https:\/\/secure.gravatar.com\/avatar\/c64dbd098148d05d0d68c4c59f1bc02d90e703757e02c60e5fa7878c6f6c4855?s=96&d=mm&r=g","caption":"admin"},"sameAs":["https:\/\/www.bedigitaltogether.be"],"url":"https:\/\/www.bedigitaltogether.be\/fr\/author\/lh_2l609ggp\/"}]}},"_links":{"self":[{"href":"https:\/\/www.bedigitaltogether.be\/fr\/wp-json\/wp\/v2\/posts\/8178","targetHints":{"allow":["GET"]}}],"collection":[{"href":"https:\/\/www.bedigitaltogether.be\/fr\/wp-json\/wp\/v2\/posts"}],"about":[{"href":"https:\/\/www.bedigitaltogether.be\/fr\/wp-json\/wp\/v2\/types\/post"}],"author":[{"embeddable":true,"href":"https:\/\/www.bedigitaltogether.be\/fr\/wp-json\/wp\/v2\/users\/1"}],"replies":[{"embeddable":true,"href":"https:\/\/www.bedigitaltogether.be\/fr\/wp-json\/wp\/v2\/comments?post=8178"}],"version-history":[{"count":4,"href":"https:\/\/www.bedigitaltogether.be\/fr\/wp-json\/wp\/v2\/posts\/8178\/revisions"}],"predecessor-version":[{"id":8314,"href":"https:\/\/www.bedigitaltogether.be\/fr\/wp-json\/wp\/v2\/posts\/8178\/revisions\/8314"}],"wp:attachment":[{"href":"https:\/\/www.bedigitaltogether.be\/fr\/wp-json\/wp\/v2\/media?parent=8178"}],"wp:term":[{"taxonomy":"category","embeddable":true,"href":"https:\/\/www.bedigitaltogether.be\/fr\/wp-json\/wp\/v2\/categories?post=8178"},{"taxonomy":"post_tag","embeddable":true,"href":"https:\/\/www.bedigitaltogether.be\/fr\/wp-json\/wp\/v2\/tags?post=8178"},{"taxonomy":"active","embeddable":true,"href":"https:\/\/www.bedigitaltogether.be\/fr\/wp-json\/wp\/v2\/active?post=8178"}],"curies":[{"name":"wp","href":"https:\/\/api.w.org\/{rel}","templated":true}]}}