{"id":8165,"date":"2022-04-21T13:17:16","date_gmt":"2022-04-21T13:17:16","guid":{"rendered":"https:\/\/www.bedigitaltogether.be\/entrepreneuriat-feminin\/"},"modified":"2024-09-13T10:12:44","modified_gmt":"2024-09-13T10:12:44","slug":"entrepreneuriat-feminin","status":"publish","type":"post","link":"https:\/\/www.bedigitaltogether.be\/fr\/entrepreneuriat-feminin\/","title":{"rendered":"Entrepreneuriat f\u00e9minin"},"content":{"rendered":"<p>Mise en avant de nos alumnae ayant cr\u00e9ees une soci\u00e9t\u00e9 suite \u00e0 la formation. Ev\u00e8nements autour de l\u2019entrepreneuriat f\u00e9minin (panel de discussion sur le sujet).<\/p>\n","protected":false},"excerpt":{"rendered":"<p>Mise en avant de nos alumnae ayant cr\u00e9ees une soci\u00e9t\u00e9 suite \u00e0 la formation. Ev\u00e8nements autour de l\u2019entrepreneuriat f\u00e9minin (panel de discussion sur le sujet).<\/p>\n","protected":false},"author":1,"featured_media":0,"comment_status":"open","ping_status":"closed","sticky":false,"template":"","format":"standard","meta":{"_acf_changed":false,"footnotes":""},"categories":[98],"tags":[118],"active":[146],"class_list":["post-8165","post","type-post","status-publish","format-standard","hentry","category-monde-du-travail","tag-initiative-fr","active-active-fr"],"acf":[],"yoast_head":"<!-- This site is optimized with the Yoast SEO plugin v27.5 - https:\/\/yoast.com\/product\/yoast-seo-wordpress\/ -->\n<title>Entrepreneuriat f\u00e9minin - BeDigitalTogether - Be Digital Together<\/title>\n<meta name=\"robots\" content=\"index, follow, max-snippet:-1, max-image-preview:large, max-video-preview:-1\" \/>\n<link rel=\"canonical\" href=\"https:\/\/www.bedigitaltogether.be\/fr\/\" \/>\n<meta property=\"og:locale\" content=\"fr_FR\" \/>\n<meta property=\"og:type\" content=\"article\" \/>\n<meta property=\"og:title\" content=\"Entrepreneuriat f\u00e9minin - BeDigitalTogether - Be Digital Together\" \/>\n<meta property=\"og:description\" content=\"Mise en avant de nos alumnae ayant cr\u00e9ees une soci\u00e9t\u00e9 suite \u00e0 la formation. Ev\u00e8nements autour de l\u2019entrepreneuriat f\u00e9minin (panel de discussion sur le sujet).\" \/>\n<meta property=\"og:url\" content=\"https:\/\/www.bedigitaltogether.be\/fr\/\" \/>\n<meta property=\"og:site_name\" content=\"BeDigitalTogether\" \/>\n<meta property=\"article:published_time\" content=\"2022-04-21T13:17:16+00:00\" \/>\n<meta property=\"article:modified_time\" content=\"2024-09-13T10:12:44+00:00\" \/>\n<meta name=\"author\" content=\"admin\" \/>\n<meta name=\"twitter:card\" content=\"summary_large_image\" \/>\n<meta name=\"twitter:label1\" content=\"\u00c9crit par\" \/>\n\t<meta name=\"twitter:data1\" content=\"admin\" \/>\n\t<meta name=\"twitter:label2\" content=\"Dur\u00e9e de lecture estim\u00e9e\" \/>\n\t<meta name=\"twitter:data2\" content=\"1 minute\" \/>\n<script type=\"application\/ld+json\" class=\"yoast-schema-graph\">{\"@context\":\"https:\\\/\\\/schema.org\",\"@graph\":[{\"@type\":\"Article\",\"@id\":\"https:\\\/\\\/www.bedigitaltogether.be\\\/fr\\\/entrepreneuriat-feminin\\\/#article\",\"isPartOf\":{\"@id\":\"https:\\\/\\\/www.bedigitaltogether.be\\\/fr\\\/entrepreneuriat-feminin\\\/\"},\"author\":{\"name\":\"admin\",\"@id\":\"https:\\\/\\\/www.bedigitaltogether.be\\\/fr\\\/#\\\/schema\\\/person\\\/b56960572f725379f0873aa9fbd131c9\"},\"headline\":\"Entrepreneuriat f\u00e9minin\",\"datePublished\":\"2022-04-21T13:17:16+00:00\",\"dateModified\":\"2024-09-13T10:12:44+00:00\",\"mainEntityOfPage\":{\"@id\":\"https:\\\/\\\/www.bedigitaltogether.be\\\/fr\\\/entrepreneuriat-feminin\\\/\"},\"wordCount\":32,\"commentCount\":0,\"keywords\":[\"Initiative\"],\"articleSection\":[\"Monde du travail\"],\"inLanguage\":\"fr-FR\",\"potentialAction\":[{\"@type\":\"CommentAction\",\"name\":\"Comment\",\"target\":[\"https:\\\/\\\/www.bedigitaltogether.be\\\/fr\\\/entrepreneuriat-feminin\\\/#respond\"]}]},{\"@type\":\"WebPage\",\"@id\":\"https:\\\/\\\/www.bedigitaltogether.be\\\/fr\\\/entrepreneuriat-feminin\\\/\",\"url\":\"https:\\\/\\\/www.bedigitaltogether.be\\\/fr\\\/entrepreneuriat-feminin\\\/\",\"name\":\"Entrepreneuriat f\u00e9minin - BeDigitalTogether - Be Digital Together\",\"isPartOf\":{\"@id\":\"https:\\\/\\\/www.bedigitaltogether.be\\\/fr\\\/#website\"},\"datePublished\":\"2022-04-21T13:17:16+00:00\",\"dateModified\":\"2024-09-13T10:12:44+00:00\",\"author\":{\"@id\":\"https:\\\/\\\/www.bedigitaltogether.be\\\/fr\\\/#\\\/schema\\\/person\\\/b56960572f725379f0873aa9fbd131c9\"},\"breadcrumb\":{\"@id\":\"https:\\\/\\\/www.bedigitaltogether.be\\\/fr\\\/entrepreneuriat-feminin\\\/#breadcrumb\"},\"inLanguage\":\"fr-FR\",\"potentialAction\":[{\"@type\":\"ReadAction\",\"target\":[\"https:\\\/\\\/www.bedigitaltogether.be\\\/fr\\\/entrepreneuriat-feminin\\\/\"]}]},{\"@type\":\"BreadcrumbList\",\"@id\":\"https:\\\/\\\/www.bedigitaltogether.be\\\/fr\\\/entrepreneuriat-feminin\\\/#breadcrumb\",\"itemListElement\":[{\"@type\":\"ListItem\",\"position\":1,\"name\":\"Accueil\",\"item\":\"https:\\\/\\\/www.bedigitaltogether.be\\\/fr\\\/\"},{\"@type\":\"ListItem\",\"position\":2,\"name\":\"Monde du travail\",\"item\":\"https:\\\/\\\/www.bedigitaltogether.be\\\/fr\\\/category\\\/monde-du-travail\\\/\"},{\"@type\":\"ListItem\",\"position\":3,\"name\":\"Entrepreneuriat f\u00e9minin\"}]},{\"@type\":\"WebSite\",\"@id\":\"https:\\\/\\\/www.bedigitaltogether.be\\\/fr\\\/#website\",\"url\":\"https:\\\/\\\/www.bedigitaltogether.be\\\/fr\\\/\",\"name\":\"BeDigitalTogether\",\"description\":\"\",\"potentialAction\":[{\"@type\":\"SearchAction\",\"target\":{\"@type\":\"EntryPoint\",\"urlTemplate\":\"https:\\\/\\\/www.bedigitaltogether.be\\\/fr\\\/?s={search_term_string}\"},\"query-input\":{\"@type\":\"PropertyValueSpecification\",\"valueRequired\":true,\"valueName\":\"search_term_string\"}}],\"inLanguage\":\"fr-FR\"},{\"@type\":\"Person\",\"@id\":\"https:\\\/\\\/www.bedigitaltogether.be\\\/fr\\\/#\\\/schema\\\/person\\\/b56960572f725379f0873aa9fbd131c9\",\"name\":\"admin\",\"image\":{\"@type\":\"ImageObject\",\"inLanguage\":\"fr-FR\",\"@id\":\"https:\\\/\\\/secure.gravatar.com\\\/avatar\\\/c64dbd098148d05d0d68c4c59f1bc02d90e703757e02c60e5fa7878c6f6c4855?s=96&d=mm&r=g\",\"url\":\"https:\\\/\\\/secure.gravatar.com\\\/avatar\\\/c64dbd098148d05d0d68c4c59f1bc02d90e703757e02c60e5fa7878c6f6c4855?s=96&d=mm&r=g\",\"contentUrl\":\"https:\\\/\\\/secure.gravatar.com\\\/avatar\\\/c64dbd098148d05d0d68c4c59f1bc02d90e703757e02c60e5fa7878c6f6c4855?s=96&d=mm&r=g\",\"caption\":\"admin\"},\"sameAs\":[\"https:\\\/\\\/www.bedigitaltogether.be\"],\"url\":\"https:\\\/\\\/www.bedigitaltogether.be\\\/fr\\\/author\\\/lh_2l609ggp\\\/\"}]}<\/script>\n<!-- \/ Yoast SEO plugin. -->","yoast_head_json":{"title":"Entrepreneuriat f\u00e9minin - BeDigitalTogether - Be Digital Together","robots":{"index":"index","follow":"follow","max-snippet":"max-snippet:-1","max-image-preview":"max-image-preview:large","max-video-preview":"max-video-preview:-1"},"canonical":"https:\/\/www.bedigitaltogether.be\/fr\/","og_locale":"fr_FR","og_type":"article","og_title":"Entrepreneuriat f\u00e9minin - BeDigitalTogether - Be Digital Together","og_description":"Mise en avant de nos alumnae ayant cr\u00e9ees une soci\u00e9t\u00e9 suite \u00e0 la formation. Ev\u00e8nements autour de l\u2019entrepreneuriat f\u00e9minin (panel de discussion sur le sujet).","og_url":"https:\/\/www.bedigitaltogether.be\/fr\/","og_site_name":"BeDigitalTogether","article_published_time":"2022-04-21T13:17:16+00:00","article_modified_time":"2024-09-13T10:12:44+00:00","author":"admin","twitter_card":"summary_large_image","twitter_misc":{"\u00c9crit par":"admin","Dur\u00e9e de lecture estim\u00e9e":"1 minute"},"schema":{"@context":"https:\/\/schema.org","@graph":[{"@type":"Article","@id":"https:\/\/www.bedigitaltogether.be\/fr\/entrepreneuriat-feminin\/#article","isPartOf":{"@id":"https:\/\/www.bedigitaltogether.be\/fr\/entrepreneuriat-feminin\/"},"author":{"name":"admin","@id":"https:\/\/www.bedigitaltogether.be\/fr\/#\/schema\/person\/b56960572f725379f0873aa9fbd131c9"},"headline":"Entrepreneuriat f\u00e9minin","datePublished":"2022-04-21T13:17:16+00:00","dateModified":"2024-09-13T10:12:44+00:00","mainEntityOfPage":{"@id":"https:\/\/www.bedigitaltogether.be\/fr\/entrepreneuriat-feminin\/"},"wordCount":32,"commentCount":0,"keywords":["Initiative"],"articleSection":["Monde du travail"],"inLanguage":"fr-FR","potentialAction":[{"@type":"CommentAction","name":"Comment","target":["https:\/\/www.bedigitaltogether.be\/fr\/entrepreneuriat-feminin\/#respond"]}]},{"@type":"WebPage","@id":"https:\/\/www.bedigitaltogether.be\/fr\/entrepreneuriat-feminin\/","url":"https:\/\/www.bedigitaltogether.be\/fr\/entrepreneuriat-feminin\/","name":"Entrepreneuriat f\u00e9minin - BeDigitalTogether - Be Digital Together","isPartOf":{"@id":"https:\/\/www.bedigitaltogether.be\/fr\/#website"},"datePublished":"2022-04-21T13:17:16+00:00","dateModified":"2024-09-13T10:12:44+00:00","author":{"@id":"https:\/\/www.bedigitaltogether.be\/fr\/#\/schema\/person\/b56960572f725379f0873aa9fbd131c9"},"breadcrumb":{"@id":"https:\/\/www.bedigitaltogether.be\/fr\/entrepreneuriat-feminin\/#breadcrumb"},"inLanguage":"fr-FR","potentialAction":[{"@type":"ReadAction","target":["https:\/\/www.bedigitaltogether.be\/fr\/entrepreneuriat-feminin\/"]}]},{"@type":"BreadcrumbList","@id":"https:\/\/www.bedigitaltogether.be\/fr\/entrepreneuriat-feminin\/#breadcrumb","itemListElement":[{"@type":"ListItem","position":1,"name":"Accueil","item":"https:\/\/www.bedigitaltogether.be\/fr\/"},{"@type":"ListItem","position":2,"name":"Monde du travail","item":"https:\/\/www.bedigitaltogether.be\/fr\/category\/monde-du-travail\/"},{"@type":"ListItem","position":3,"name":"Entrepreneuriat f\u00e9minin"}]},{"@type":"WebSite","@id":"https:\/\/www.bedigitaltogether.be\/fr\/#website","url":"https:\/\/www.bedigitaltogether.be\/fr\/","name":"BeDigitalTogether","description":"","potentialAction":[{"@type":"SearchAction","target":{"@type":"EntryPoint","urlTemplate":"https:\/\/www.bedigitaltogether.be\/fr\/?s={search_term_string}"},"query-input":{"@type":"PropertyValueSpecification","valueRequired":true,"valueName":"search_term_string"}}],"inLanguage":"fr-FR"},{"@type":"Person","@id":"https:\/\/www.bedigitaltogether.be\/fr\/#\/schema\/person\/b56960572f725379f0873aa9fbd131c9","name":"admin","image":{"@type":"ImageObject","inLanguage":"fr-FR","@id":"https:\/\/secure.gravatar.com\/avatar\/c64dbd098148d05d0d68c4c59f1bc02d90e703757e02c60e5fa7878c6f6c4855?s=96&d=mm&r=g","url":"https:\/\/secure.gravatar.com\/avatar\/c64dbd098148d05d0d68c4c59f1bc02d90e703757e02c60e5fa7878c6f6c4855?s=96&d=mm&r=g","contentUrl":"https:\/\/secure.gravatar.com\/avatar\/c64dbd098148d05d0d68c4c59f1bc02d90e703757e02c60e5fa7878c6f6c4855?s=96&d=mm&r=g","caption":"admin"},"sameAs":["https:\/\/www.bedigitaltogether.be"],"url":"https:\/\/www.bedigitaltogether.be\/fr\/author\/lh_2l609ggp\/"}]}},"_links":{"self":[{"href":"https:\/\/www.bedigitaltogether.be\/fr\/wp-json\/wp\/v2\/posts\/8165","targetHints":{"allow":["GET"]}}],"collection":[{"href":"https:\/\/www.bedigitaltogether.be\/fr\/wp-json\/wp\/v2\/posts"}],"about":[{"href":"https:\/\/www.bedigitaltogether.be\/fr\/wp-json\/wp\/v2\/types\/post"}],"author":[{"embeddable":true,"href":"https:\/\/www.bedigitaltogether.be\/fr\/wp-json\/wp\/v2\/users\/1"}],"replies":[{"embeddable":true,"href":"https:\/\/www.bedigitaltogether.be\/fr\/wp-json\/wp\/v2\/comments?post=8165"}],"version-history":[{"count":1,"href":"https:\/\/www.bedigitaltogether.be\/fr\/wp-json\/wp\/v2\/posts\/8165\/revisions"}],"predecessor-version":[{"id":10375,"href":"https:\/\/www.bedigitaltogether.be\/fr\/wp-json\/wp\/v2\/posts\/8165\/revisions\/10375"}],"wp:attachment":[{"href":"https:\/\/www.bedigitaltogether.be\/fr\/wp-json\/wp\/v2\/media?parent=8165"}],"wp:term":[{"taxonomy":"category","embeddable":true,"href":"https:\/\/www.bedigitaltogether.be\/fr\/wp-json\/wp\/v2\/categories?post=8165"},{"taxonomy":"post_tag","embeddable":true,"href":"https:\/\/www.bedigitaltogether.be\/fr\/wp-json\/wp\/v2\/tags?post=8165"},{"taxonomy":"active","embeddable":true,"href":"https:\/\/www.bedigitaltogether.be\/fr\/wp-json\/wp\/v2\/active?post=8165"}],"curies":[{"name":"wp","href":"https:\/\/api.w.org\/{rel}","templated":true}]}}