{"id":6935,"date":"2022-03-31T12:49:53","date_gmt":"2022-03-31T12:49:53","guid":{"rendered":"https:\/\/godigitall.artwhere.co\/recruitering-en-vorming\/"},"modified":"2022-04-05T09:52:04","modified_gmt":"2022-04-05T09:52:04","slug":"recruitering-en-vorming","status":"publish","type":"post","link":"https:\/\/www.bedigitaltogether.be\/fr\/recruitering-en-vorming\/","title":{"rendered":"Recrutement et formation"},"content":{"rendered":"\n<p>Le VDAB a d\u00e9j\u00e0 commenc\u00e9 en 2018 un plan d\u2019action pour soutenir les demandeurs d\u2019emploi, travailleurs et employeurs dans l\u2019acquisition d\u2019aptitudes orient\u00e9es sur le march\u00e9 de l\u2019emploi dans les domaines de l\u2019IT et de la num\u00e9risation. Dans ce plan d\u2019action, diff\u00e9rentes actions sont d\u00e9ploy\u00e9es, comme des sessions d&rsquo;information num\u00e9riques sur l\u2019IT et l\u2019offre en num\u00e9risation. L\u2019offre du VDAB contient diff\u00e9rents ateliers sur la num\u00e9risation (par ex. pens\u00e9e informatique, infographie, \u00e9ducation aux m\u00e9dias, etc.) et il y a une int\u00e9gration marqu\u00e9e des aptitudes num\u00e9riques dans l\u2019ensemble des formations et modules en ligne.&#13;\n<\/p>\n","protected":false},"excerpt":{"rendered":"<p>Le VDAB a d\u00e9j\u00e0 commenc\u00e9 en 2018 un plan d\u2019action pour soutenir les demandeurs d\u2019emploi, travailleurs et employeurs dans l\u2019acquisition d\u2019aptitudes orient\u00e9es sur le march\u00e9 de l\u2019emploi dans les domaines de l\u2019IT et de la num\u00e9risation. Dans ce plan d\u2019action, diff\u00e9rentes actions sont d\u00e9ploy\u00e9es, comme des sessions d&rsquo;information num\u00e9riques sur l\u2019IT et l\u2019offre en num\u00e9risation. [&hellip;]<\/p>\n","protected":false},"author":1,"featured_media":0,"comment_status":"open","ping_status":"closed","sticky":false,"template":"","format":"standard","meta":{"_acf_changed":false,"footnotes":""},"categories":[98],"tags":[118],"active":[148,150],"class_list":["post-6935","post","type-post","status-publish","format-standard","hentry","category-monde-du-travail","tag-initiative-fr","active-archive","active-archive-fr"],"acf":[],"yoast_head":"<!-- This site is optimized with the Yoast SEO plugin v27.4 - https:\/\/yoast.com\/product\/yoast-seo-wordpress\/ -->\n<title>Recrutement et formation - BeDigitalTogether - Be Digital Together<\/title>\n<meta name=\"robots\" content=\"index, follow, max-snippet:-1, max-image-preview:large, max-video-preview:-1\" \/>\n<link rel=\"canonical\" href=\"https:\/\/www.bedigitaltogether.be\/fr\/\" \/>\n<meta property=\"og:locale\" content=\"fr_FR\" \/>\n<meta property=\"og:type\" content=\"article\" \/>\n<meta property=\"og:title\" content=\"Recrutement et formation - BeDigitalTogether - Be Digital Together\" \/>\n<meta property=\"og:description\" content=\"Le VDAB a d\u00e9j\u00e0 commenc\u00e9 en 2018 un plan d\u2019action pour soutenir les demandeurs d\u2019emploi, travailleurs et employeurs dans l\u2019acquisition d\u2019aptitudes orient\u00e9es sur le march\u00e9 de l\u2019emploi dans les domaines de l\u2019IT et de la num\u00e9risation. Dans ce plan d\u2019action, diff\u00e9rentes actions sont d\u00e9ploy\u00e9es, comme des sessions d&rsquo;information num\u00e9riques sur l\u2019IT et l\u2019offre en num\u00e9risation. [&hellip;]\" \/>\n<meta property=\"og:url\" content=\"https:\/\/www.bedigitaltogether.be\/fr\/\" \/>\n<meta property=\"og:site_name\" content=\"BeDigitalTogether\" \/>\n<meta property=\"article:published_time\" content=\"2022-03-31T12:49:53+00:00\" \/>\n<meta property=\"article:modified_time\" content=\"2022-04-05T09:52:04+00:00\" \/>\n<meta name=\"author\" content=\"admin\" \/>\n<meta name=\"twitter:card\" content=\"summary_large_image\" \/>\n<meta name=\"twitter:label1\" content=\"\u00c9crit par\" \/>\n\t<meta name=\"twitter:data1\" content=\"admin\" \/>\n\t<meta name=\"twitter:label2\" content=\"Dur\u00e9e de lecture estim\u00e9e\" \/>\n\t<meta name=\"twitter:data2\" content=\"1 minute\" \/>\n<script type=\"application\/ld+json\" class=\"yoast-schema-graph\">{\"@context\":\"https:\\\/\\\/schema.org\",\"@graph\":[{\"@type\":\"Article\",\"@id\":\"https:\\\/\\\/www.bedigitaltogether.be\\\/fr\\\/recruitering-en-vorming\\\/#article\",\"isPartOf\":{\"@id\":\"https:\\\/\\\/www.bedigitaltogether.be\\\/fr\\\/recruitering-en-vorming\\\/\"},\"author\":{\"name\":\"admin\",\"@id\":\"https:\\\/\\\/www.bedigitaltogether.be\\\/fr\\\/#\\\/schema\\\/person\\\/b56960572f725379f0873aa9fbd131c9\"},\"headline\":\"Recrutement et formation\",\"datePublished\":\"2022-03-31T12:49:53+00:00\",\"dateModified\":\"2022-04-05T09:52:04+00:00\",\"mainEntityOfPage\":{\"@id\":\"https:\\\/\\\/www.bedigitaltogether.be\\\/fr\\\/recruitering-en-vorming\\\/\"},\"wordCount\":120,\"commentCount\":0,\"keywords\":[\"Initiative\"],\"articleSection\":[\"Monde du travail\"],\"inLanguage\":\"fr-FR\",\"potentialAction\":[{\"@type\":\"CommentAction\",\"name\":\"Comment\",\"target\":[\"https:\\\/\\\/www.bedigitaltogether.be\\\/fr\\\/recruitering-en-vorming\\\/#respond\"]}]},{\"@type\":\"WebPage\",\"@id\":\"https:\\\/\\\/www.bedigitaltogether.be\\\/fr\\\/recruitering-en-vorming\\\/\",\"url\":\"https:\\\/\\\/www.bedigitaltogether.be\\\/fr\\\/recruitering-en-vorming\\\/\",\"name\":\"Recrutement et formation - BeDigitalTogether - Be Digital Together\",\"isPartOf\":{\"@id\":\"https:\\\/\\\/www.bedigitaltogether.be\\\/fr\\\/#website\"},\"datePublished\":\"2022-03-31T12:49:53+00:00\",\"dateModified\":\"2022-04-05T09:52:04+00:00\",\"author\":{\"@id\":\"https:\\\/\\\/www.bedigitaltogether.be\\\/fr\\\/#\\\/schema\\\/person\\\/b56960572f725379f0873aa9fbd131c9\"},\"breadcrumb\":{\"@id\":\"https:\\\/\\\/www.bedigitaltogether.be\\\/fr\\\/recruitering-en-vorming\\\/#breadcrumb\"},\"inLanguage\":\"fr-FR\",\"potentialAction\":[{\"@type\":\"ReadAction\",\"target\":[\"https:\\\/\\\/www.bedigitaltogether.be\\\/fr\\\/recruitering-en-vorming\\\/\"]}]},{\"@type\":\"BreadcrumbList\",\"@id\":\"https:\\\/\\\/www.bedigitaltogether.be\\\/fr\\\/recruitering-en-vorming\\\/#breadcrumb\",\"itemListElement\":[{\"@type\":\"ListItem\",\"position\":1,\"name\":\"Accueil\",\"item\":\"https:\\\/\\\/www.bedigitaltogether.be\\\/fr\\\/\"},{\"@type\":\"ListItem\",\"position\":2,\"name\":\"Monde du travail\",\"item\":\"https:\\\/\\\/www.bedigitaltogether.be\\\/fr\\\/category\\\/monde-du-travail\\\/\"},{\"@type\":\"ListItem\",\"position\":3,\"name\":\"Recrutement et formation\"}]},{\"@type\":\"WebSite\",\"@id\":\"https:\\\/\\\/www.bedigitaltogether.be\\\/fr\\\/#website\",\"url\":\"https:\\\/\\\/www.bedigitaltogether.be\\\/fr\\\/\",\"name\":\"BeDigitalTogether\",\"description\":\"\",\"potentialAction\":[{\"@type\":\"SearchAction\",\"target\":{\"@type\":\"EntryPoint\",\"urlTemplate\":\"https:\\\/\\\/www.bedigitaltogether.be\\\/fr\\\/?s={search_term_string}\"},\"query-input\":{\"@type\":\"PropertyValueSpecification\",\"valueRequired\":true,\"valueName\":\"search_term_string\"}}],\"inLanguage\":\"fr-FR\"},{\"@type\":\"Person\",\"@id\":\"https:\\\/\\\/www.bedigitaltogether.be\\\/fr\\\/#\\\/schema\\\/person\\\/b56960572f725379f0873aa9fbd131c9\",\"name\":\"admin\",\"image\":{\"@type\":\"ImageObject\",\"inLanguage\":\"fr-FR\",\"@id\":\"https:\\\/\\\/secure.gravatar.com\\\/avatar\\\/c64dbd098148d05d0d68c4c59f1bc02d90e703757e02c60e5fa7878c6f6c4855?s=96&d=mm&r=g\",\"url\":\"https:\\\/\\\/secure.gravatar.com\\\/avatar\\\/c64dbd098148d05d0d68c4c59f1bc02d90e703757e02c60e5fa7878c6f6c4855?s=96&d=mm&r=g\",\"contentUrl\":\"https:\\\/\\\/secure.gravatar.com\\\/avatar\\\/c64dbd098148d05d0d68c4c59f1bc02d90e703757e02c60e5fa7878c6f6c4855?s=96&d=mm&r=g\",\"caption\":\"admin\"},\"sameAs\":[\"https:\\\/\\\/www.bedigitaltogether.be\"],\"url\":\"https:\\\/\\\/www.bedigitaltogether.be\\\/fr\\\/author\\\/lh_2l609ggp\\\/\"}]}<\/script>\n<!-- \/ Yoast SEO plugin. -->","yoast_head_json":{"title":"Recrutement et formation - BeDigitalTogether - Be Digital Together","robots":{"index":"index","follow":"follow","max-snippet":"max-snippet:-1","max-image-preview":"max-image-preview:large","max-video-preview":"max-video-preview:-1"},"canonical":"https:\/\/www.bedigitaltogether.be\/fr\/","og_locale":"fr_FR","og_type":"article","og_title":"Recrutement et formation - BeDigitalTogether - Be Digital Together","og_description":"Le VDAB a d\u00e9j\u00e0 commenc\u00e9 en 2018 un plan d\u2019action pour soutenir les demandeurs d\u2019emploi, travailleurs et employeurs dans l\u2019acquisition d\u2019aptitudes orient\u00e9es sur le march\u00e9 de l\u2019emploi dans les domaines de l\u2019IT et de la num\u00e9risation. Dans ce plan d\u2019action, diff\u00e9rentes actions sont d\u00e9ploy\u00e9es, comme des sessions d&rsquo;information num\u00e9riques sur l\u2019IT et l\u2019offre en num\u00e9risation. [&hellip;]","og_url":"https:\/\/www.bedigitaltogether.be\/fr\/","og_site_name":"BeDigitalTogether","article_published_time":"2022-03-31T12:49:53+00:00","article_modified_time":"2022-04-05T09:52:04+00:00","author":"admin","twitter_card":"summary_large_image","twitter_misc":{"\u00c9crit par":"admin","Dur\u00e9e de lecture estim\u00e9e":"1 minute"},"schema":{"@context":"https:\/\/schema.org","@graph":[{"@type":"Article","@id":"https:\/\/www.bedigitaltogether.be\/fr\/recruitering-en-vorming\/#article","isPartOf":{"@id":"https:\/\/www.bedigitaltogether.be\/fr\/recruitering-en-vorming\/"},"author":{"name":"admin","@id":"https:\/\/www.bedigitaltogether.be\/fr\/#\/schema\/person\/b56960572f725379f0873aa9fbd131c9"},"headline":"Recrutement et formation","datePublished":"2022-03-31T12:49:53+00:00","dateModified":"2022-04-05T09:52:04+00:00","mainEntityOfPage":{"@id":"https:\/\/www.bedigitaltogether.be\/fr\/recruitering-en-vorming\/"},"wordCount":120,"commentCount":0,"keywords":["Initiative"],"articleSection":["Monde du travail"],"inLanguage":"fr-FR","potentialAction":[{"@type":"CommentAction","name":"Comment","target":["https:\/\/www.bedigitaltogether.be\/fr\/recruitering-en-vorming\/#respond"]}]},{"@type":"WebPage","@id":"https:\/\/www.bedigitaltogether.be\/fr\/recruitering-en-vorming\/","url":"https:\/\/www.bedigitaltogether.be\/fr\/recruitering-en-vorming\/","name":"Recrutement et formation - BeDigitalTogether - Be Digital Together","isPartOf":{"@id":"https:\/\/www.bedigitaltogether.be\/fr\/#website"},"datePublished":"2022-03-31T12:49:53+00:00","dateModified":"2022-04-05T09:52:04+00:00","author":{"@id":"https:\/\/www.bedigitaltogether.be\/fr\/#\/schema\/person\/b56960572f725379f0873aa9fbd131c9"},"breadcrumb":{"@id":"https:\/\/www.bedigitaltogether.be\/fr\/recruitering-en-vorming\/#breadcrumb"},"inLanguage":"fr-FR","potentialAction":[{"@type":"ReadAction","target":["https:\/\/www.bedigitaltogether.be\/fr\/recruitering-en-vorming\/"]}]},{"@type":"BreadcrumbList","@id":"https:\/\/www.bedigitaltogether.be\/fr\/recruitering-en-vorming\/#breadcrumb","itemListElement":[{"@type":"ListItem","position":1,"name":"Accueil","item":"https:\/\/www.bedigitaltogether.be\/fr\/"},{"@type":"ListItem","position":2,"name":"Monde du travail","item":"https:\/\/www.bedigitaltogether.be\/fr\/category\/monde-du-travail\/"},{"@type":"ListItem","position":3,"name":"Recrutement et formation"}]},{"@type":"WebSite","@id":"https:\/\/www.bedigitaltogether.be\/fr\/#website","url":"https:\/\/www.bedigitaltogether.be\/fr\/","name":"BeDigitalTogether","description":"","potentialAction":[{"@type":"SearchAction","target":{"@type":"EntryPoint","urlTemplate":"https:\/\/www.bedigitaltogether.be\/fr\/?s={search_term_string}"},"query-input":{"@type":"PropertyValueSpecification","valueRequired":true,"valueName":"search_term_string"}}],"inLanguage":"fr-FR"},{"@type":"Person","@id":"https:\/\/www.bedigitaltogether.be\/fr\/#\/schema\/person\/b56960572f725379f0873aa9fbd131c9","name":"admin","image":{"@type":"ImageObject","inLanguage":"fr-FR","@id":"https:\/\/secure.gravatar.com\/avatar\/c64dbd098148d05d0d68c4c59f1bc02d90e703757e02c60e5fa7878c6f6c4855?s=96&d=mm&r=g","url":"https:\/\/secure.gravatar.com\/avatar\/c64dbd098148d05d0d68c4c59f1bc02d90e703757e02c60e5fa7878c6f6c4855?s=96&d=mm&r=g","contentUrl":"https:\/\/secure.gravatar.com\/avatar\/c64dbd098148d05d0d68c4c59f1bc02d90e703757e02c60e5fa7878c6f6c4855?s=96&d=mm&r=g","caption":"admin"},"sameAs":["https:\/\/www.bedigitaltogether.be"],"url":"https:\/\/www.bedigitaltogether.be\/fr\/author\/lh_2l609ggp\/"}]}},"_links":{"self":[{"href":"https:\/\/www.bedigitaltogether.be\/fr\/wp-json\/wp\/v2\/posts\/6935","targetHints":{"allow":["GET"]}}],"collection":[{"href":"https:\/\/www.bedigitaltogether.be\/fr\/wp-json\/wp\/v2\/posts"}],"about":[{"href":"https:\/\/www.bedigitaltogether.be\/fr\/wp-json\/wp\/v2\/types\/post"}],"author":[{"embeddable":true,"href":"https:\/\/www.bedigitaltogether.be\/fr\/wp-json\/wp\/v2\/users\/1"}],"replies":[{"embeddable":true,"href":"https:\/\/www.bedigitaltogether.be\/fr\/wp-json\/wp\/v2\/comments?post=6935"}],"version-history":[{"count":3,"href":"https:\/\/www.bedigitaltogether.be\/fr\/wp-json\/wp\/v2\/posts\/6935\/revisions"}],"predecessor-version":[{"id":7618,"href":"https:\/\/www.bedigitaltogether.be\/fr\/wp-json\/wp\/v2\/posts\/6935\/revisions\/7618"}],"wp:attachment":[{"href":"https:\/\/www.bedigitaltogether.be\/fr\/wp-json\/wp\/v2\/media?parent=6935"}],"wp:term":[{"taxonomy":"category","embeddable":true,"href":"https:\/\/www.bedigitaltogether.be\/fr\/wp-json\/wp\/v2\/categories?post=6935"},{"taxonomy":"post_tag","embeddable":true,"href":"https:\/\/www.bedigitaltogether.be\/fr\/wp-json\/wp\/v2\/tags?post=6935"},{"taxonomy":"active","embeddable":true,"href":"https:\/\/www.bedigitaltogether.be\/fr\/wp-json\/wp\/v2\/active?post=6935"}],"curies":[{"name":"wp","href":"https:\/\/api.w.org\/{rel}","templated":true}]}}