{"id":6826,"date":"2022-03-31T09:40:19","date_gmt":"2022-03-31T09:40:19","guid":{"rendered":"https:\/\/godigitall.artwhere.co\/investeringen-in-de-ict-infrastructuur-binnen-de-schoolmuren\/"},"modified":"2022-03-31T11:55:44","modified_gmt":"2022-03-31T11:55:44","slug":"investeringen-in-de-ict-infrastructuur-binnen-de-schoolmuren","status":"publish","type":"post","link":"https:\/\/www.bedigitaltogether.be\/fr\/investeringen-in-de-ict-infrastructuur-binnen-de-schoolmuren\/","title":{"rendered":"Investeringen in de ICT-infrastructuur binnen de schoolmuren"},"content":{"rendered":"\n<p>Des investissements dans l&rsquo;infrastructure TIC des \u00e9coles et dans des appareils TIC destin\u00e9s \u00e0 un usage partag\u00e9 dans toutes les classes, de la premi\u00e8re \u00e0 la quatri\u00e8me primaire incluses. Nous pr\u00e9voyons \u00e9galement des ressources pour la mise \u00e0 disposition d&rsquo;un appareil TIC propre pour les \u00e9l\u00e8ves de cinqui\u00e8me et sixi\u00e8me primaires.<\/p>\n\n<p>Nous pr\u00e9voyons \u00e9galement l\u2019encadrement n\u00e9cessaire pour les \u00e9coles primaires, notamment en consolidant le statut du coordinateur TIC de l\u2019\u00e9cole, en construisant une prestation de services num\u00e9riques aux \u00e9coles et un centre de connaissances et de conseils pour le terrain. Des formations TIC adapt\u00e9es sont pr\u00e9vues pour les enseignants, et les formations pour les enseignants misent sur les comp\u00e9tences num\u00e9riques. Nous fournissons du mat\u00e9riel TIC aux enseignants.<\/p>\n\n<p>Diff\u00e9rentes actions se concentrent sur un mat\u00e9riel didactique num\u00e9rique de qualit\u00e9 et stimulent la cr\u00e9ativit\u00e9. La construction de KlasCement, plateforme unique pour un mat\u00e9riel de cours \u00e9ducatif \u00ab ouvert \u00bb, et le d\u00e9veloppement de l\u2019Archief voor Onderwijs afin d\u2019enrichir les moyens d\u2019apprentissage avec du mat\u00e9riel audiovisuel. \u00c0 c\u00f4t\u00e9 de cela, une attention sp\u00e9cifique est accord\u00e9e au d\u00e9veloppement de mat\u00e9riel didactique num\u00e9rique dans l\u2019enseignement technique et l\u2019enseignement professionnel. Pour terminer, nous misons \u00e9galement sur la cybers\u00e9curit\u00e9.<\/p>\n","protected":false},"excerpt":{"rendered":"<p>Des investissements dans l&rsquo;infrastructure TIC des \u00e9coles et dans des appareils TIC destin\u00e9s \u00e0 un usage partag\u00e9 dans toutes les classes, de la premi\u00e8re \u00e0 la quatri\u00e8me primaire incluses. Nous pr\u00e9voyons \u00e9galement des ressources pour la mise \u00e0 disposition d&rsquo;un appareil TIC propre pour les \u00e9l\u00e8ves de cinqui\u00e8me et sixi\u00e8me primaires. Nous pr\u00e9voyons \u00e9galement l\u2019encadrement [&hellip;]<\/p>\n","protected":false},"author":1,"featured_media":0,"comment_status":"open","ping_status":"closed","sticky":false,"template":"","format":"standard","meta":{"_acf_changed":false,"footnotes":""},"categories":[101],"tags":[118],"active":[146],"class_list":["post-6826","post","type-post","status-publish","format-standard","hentry","category-etudes","tag-initiative-fr","active-active-fr"],"acf":[],"yoast_head":"<!-- This site is optimized with the Yoast SEO plugin v27.5 - https:\/\/yoast.com\/product\/yoast-seo-wordpress\/ -->\n<title>Investeringen in de ICT-infrastructuur binnen de schoolmuren - BeDigitalTogether - Be Digital Together<\/title>\n<meta name=\"robots\" content=\"index, follow, max-snippet:-1, max-image-preview:large, max-video-preview:-1\" \/>\n<link rel=\"canonical\" href=\"https:\/\/www.bedigitaltogether.be\/fr\/\" \/>\n<meta property=\"og:locale\" content=\"fr_FR\" \/>\n<meta property=\"og:type\" content=\"article\" \/>\n<meta property=\"og:title\" content=\"Investeringen in de ICT-infrastructuur binnen de schoolmuren - BeDigitalTogether - Be Digital Together\" \/>\n<meta property=\"og:description\" content=\"Des investissements dans l&rsquo;infrastructure TIC des \u00e9coles et dans des appareils TIC destin\u00e9s \u00e0 un usage partag\u00e9 dans toutes les classes, de la premi\u00e8re \u00e0 la quatri\u00e8me primaire incluses. Nous pr\u00e9voyons \u00e9galement des ressources pour la mise \u00e0 disposition d&rsquo;un appareil TIC propre pour les \u00e9l\u00e8ves de cinqui\u00e8me et sixi\u00e8me primaires. Nous pr\u00e9voyons \u00e9galement l\u2019encadrement [&hellip;]\" \/>\n<meta property=\"og:url\" content=\"https:\/\/www.bedigitaltogether.be\/fr\/\" \/>\n<meta property=\"og:site_name\" content=\"BeDigitalTogether\" \/>\n<meta property=\"article:published_time\" content=\"2022-03-31T09:40:19+00:00\" \/>\n<meta property=\"article:modified_time\" content=\"2022-03-31T11:55:44+00:00\" \/>\n<meta name=\"author\" content=\"admin\" \/>\n<meta name=\"twitter:card\" content=\"summary_large_image\" \/>\n<meta name=\"twitter:label1\" content=\"\u00c9crit par\" \/>\n\t<meta name=\"twitter:data1\" content=\"admin\" \/>\n\t<meta name=\"twitter:label2\" content=\"Dur\u00e9e de lecture estim\u00e9e\" \/>\n\t<meta name=\"twitter:data2\" content=\"1 minute\" \/>\n<script type=\"application\/ld+json\" class=\"yoast-schema-graph\">{\"@context\":\"https:\\\/\\\/schema.org\",\"@graph\":[{\"@type\":\"Article\",\"@id\":\"https:\\\/\\\/www.bedigitaltogether.be\\\/fr\\\/investeringen-in-de-ict-infrastructuur-binnen-de-schoolmuren\\\/#article\",\"isPartOf\":{\"@id\":\"https:\\\/\\\/www.bedigitaltogether.be\\\/fr\\\/investeringen-in-de-ict-infrastructuur-binnen-de-schoolmuren\\\/\"},\"author\":{\"name\":\"admin\",\"@id\":\"https:\\\/\\\/www.bedigitaltogether.be\\\/fr\\\/#\\\/schema\\\/person\\\/b56960572f725379f0873aa9fbd131c9\"},\"headline\":\"Investeringen in de ICT-infrastructuur binnen de schoolmuren\",\"datePublished\":\"2022-03-31T09:40:19+00:00\",\"dateModified\":\"2022-03-31T11:55:44+00:00\",\"mainEntityOfPage\":{\"@id\":\"https:\\\/\\\/www.bedigitaltogether.be\\\/fr\\\/investeringen-in-de-ict-infrastructuur-binnen-de-schoolmuren\\\/\"},\"wordCount\":231,\"commentCount\":0,\"keywords\":[\"Initiative\"],\"articleSection\":[\"\u00c9tudes\"],\"inLanguage\":\"fr-FR\",\"potentialAction\":[{\"@type\":\"CommentAction\",\"name\":\"Comment\",\"target\":[\"https:\\\/\\\/www.bedigitaltogether.be\\\/fr\\\/investeringen-in-de-ict-infrastructuur-binnen-de-schoolmuren\\\/#respond\"]}]},{\"@type\":\"WebPage\",\"@id\":\"https:\\\/\\\/www.bedigitaltogether.be\\\/fr\\\/investeringen-in-de-ict-infrastructuur-binnen-de-schoolmuren\\\/\",\"url\":\"https:\\\/\\\/www.bedigitaltogether.be\\\/fr\\\/investeringen-in-de-ict-infrastructuur-binnen-de-schoolmuren\\\/\",\"name\":\"Investeringen in de ICT-infrastructuur binnen de schoolmuren - BeDigitalTogether - Be Digital Together\",\"isPartOf\":{\"@id\":\"https:\\\/\\\/www.bedigitaltogether.be\\\/fr\\\/#website\"},\"datePublished\":\"2022-03-31T09:40:19+00:00\",\"dateModified\":\"2022-03-31T11:55:44+00:00\",\"author\":{\"@id\":\"https:\\\/\\\/www.bedigitaltogether.be\\\/fr\\\/#\\\/schema\\\/person\\\/b56960572f725379f0873aa9fbd131c9\"},\"breadcrumb\":{\"@id\":\"https:\\\/\\\/www.bedigitaltogether.be\\\/fr\\\/investeringen-in-de-ict-infrastructuur-binnen-de-schoolmuren\\\/#breadcrumb\"},\"inLanguage\":\"fr-FR\",\"potentialAction\":[{\"@type\":\"ReadAction\",\"target\":[\"https:\\\/\\\/www.bedigitaltogether.be\\\/fr\\\/investeringen-in-de-ict-infrastructuur-binnen-de-schoolmuren\\\/\"]}]},{\"@type\":\"BreadcrumbList\",\"@id\":\"https:\\\/\\\/www.bedigitaltogether.be\\\/fr\\\/investeringen-in-de-ict-infrastructuur-binnen-de-schoolmuren\\\/#breadcrumb\",\"itemListElement\":[{\"@type\":\"ListItem\",\"position\":1,\"name\":\"Accueil\",\"item\":\"https:\\\/\\\/www.bedigitaltogether.be\\\/fr\\\/\"},{\"@type\":\"ListItem\",\"position\":2,\"name\":\"\u00c9tudes\",\"item\":\"https:\\\/\\\/www.bedigitaltogether.be\\\/fr\\\/category\\\/etudes\\\/\"},{\"@type\":\"ListItem\",\"position\":3,\"name\":\"Investeringen in de ICT-infrastructuur binnen de schoolmuren\"}]},{\"@type\":\"WebSite\",\"@id\":\"https:\\\/\\\/www.bedigitaltogether.be\\\/fr\\\/#website\",\"url\":\"https:\\\/\\\/www.bedigitaltogether.be\\\/fr\\\/\",\"name\":\"BeDigitalTogether\",\"description\":\"\",\"potentialAction\":[{\"@type\":\"SearchAction\",\"target\":{\"@type\":\"EntryPoint\",\"urlTemplate\":\"https:\\\/\\\/www.bedigitaltogether.be\\\/fr\\\/?s={search_term_string}\"},\"query-input\":{\"@type\":\"PropertyValueSpecification\",\"valueRequired\":true,\"valueName\":\"search_term_string\"}}],\"inLanguage\":\"fr-FR\"},{\"@type\":\"Person\",\"@id\":\"https:\\\/\\\/www.bedigitaltogether.be\\\/fr\\\/#\\\/schema\\\/person\\\/b56960572f725379f0873aa9fbd131c9\",\"name\":\"admin\",\"image\":{\"@type\":\"ImageObject\",\"inLanguage\":\"fr-FR\",\"@id\":\"https:\\\/\\\/secure.gravatar.com\\\/avatar\\\/c64dbd098148d05d0d68c4c59f1bc02d90e703757e02c60e5fa7878c6f6c4855?s=96&d=mm&r=g\",\"url\":\"https:\\\/\\\/secure.gravatar.com\\\/avatar\\\/c64dbd098148d05d0d68c4c59f1bc02d90e703757e02c60e5fa7878c6f6c4855?s=96&d=mm&r=g\",\"contentUrl\":\"https:\\\/\\\/secure.gravatar.com\\\/avatar\\\/c64dbd098148d05d0d68c4c59f1bc02d90e703757e02c60e5fa7878c6f6c4855?s=96&d=mm&r=g\",\"caption\":\"admin\"},\"sameAs\":[\"https:\\\/\\\/www.bedigitaltogether.be\"],\"url\":\"https:\\\/\\\/www.bedigitaltogether.be\\\/fr\\\/author\\\/lh_2l609ggp\\\/\"}]}<\/script>\n<!-- \/ Yoast SEO plugin. -->","yoast_head_json":{"title":"Investeringen in de ICT-infrastructuur binnen de schoolmuren - BeDigitalTogether - Be Digital Together","robots":{"index":"index","follow":"follow","max-snippet":"max-snippet:-1","max-image-preview":"max-image-preview:large","max-video-preview":"max-video-preview:-1"},"canonical":"https:\/\/www.bedigitaltogether.be\/fr\/","og_locale":"fr_FR","og_type":"article","og_title":"Investeringen in de ICT-infrastructuur binnen de schoolmuren - BeDigitalTogether - Be Digital Together","og_description":"Des investissements dans l&rsquo;infrastructure TIC des \u00e9coles et dans des appareils TIC destin\u00e9s \u00e0 un usage partag\u00e9 dans toutes les classes, de la premi\u00e8re \u00e0 la quatri\u00e8me primaire incluses. Nous pr\u00e9voyons \u00e9galement des ressources pour la mise \u00e0 disposition d&rsquo;un appareil TIC propre pour les \u00e9l\u00e8ves de cinqui\u00e8me et sixi\u00e8me primaires. Nous pr\u00e9voyons \u00e9galement l\u2019encadrement [&hellip;]","og_url":"https:\/\/www.bedigitaltogether.be\/fr\/","og_site_name":"BeDigitalTogether","article_published_time":"2022-03-31T09:40:19+00:00","article_modified_time":"2022-03-31T11:55:44+00:00","author":"admin","twitter_card":"summary_large_image","twitter_misc":{"\u00c9crit par":"admin","Dur\u00e9e de lecture estim\u00e9e":"1 minute"},"schema":{"@context":"https:\/\/schema.org","@graph":[{"@type":"Article","@id":"https:\/\/www.bedigitaltogether.be\/fr\/investeringen-in-de-ict-infrastructuur-binnen-de-schoolmuren\/#article","isPartOf":{"@id":"https:\/\/www.bedigitaltogether.be\/fr\/investeringen-in-de-ict-infrastructuur-binnen-de-schoolmuren\/"},"author":{"name":"admin","@id":"https:\/\/www.bedigitaltogether.be\/fr\/#\/schema\/person\/b56960572f725379f0873aa9fbd131c9"},"headline":"Investeringen in de ICT-infrastructuur binnen de schoolmuren","datePublished":"2022-03-31T09:40:19+00:00","dateModified":"2022-03-31T11:55:44+00:00","mainEntityOfPage":{"@id":"https:\/\/www.bedigitaltogether.be\/fr\/investeringen-in-de-ict-infrastructuur-binnen-de-schoolmuren\/"},"wordCount":231,"commentCount":0,"keywords":["Initiative"],"articleSection":["\u00c9tudes"],"inLanguage":"fr-FR","potentialAction":[{"@type":"CommentAction","name":"Comment","target":["https:\/\/www.bedigitaltogether.be\/fr\/investeringen-in-de-ict-infrastructuur-binnen-de-schoolmuren\/#respond"]}]},{"@type":"WebPage","@id":"https:\/\/www.bedigitaltogether.be\/fr\/investeringen-in-de-ict-infrastructuur-binnen-de-schoolmuren\/","url":"https:\/\/www.bedigitaltogether.be\/fr\/investeringen-in-de-ict-infrastructuur-binnen-de-schoolmuren\/","name":"Investeringen in de ICT-infrastructuur binnen de schoolmuren - BeDigitalTogether - Be Digital Together","isPartOf":{"@id":"https:\/\/www.bedigitaltogether.be\/fr\/#website"},"datePublished":"2022-03-31T09:40:19+00:00","dateModified":"2022-03-31T11:55:44+00:00","author":{"@id":"https:\/\/www.bedigitaltogether.be\/fr\/#\/schema\/person\/b56960572f725379f0873aa9fbd131c9"},"breadcrumb":{"@id":"https:\/\/www.bedigitaltogether.be\/fr\/investeringen-in-de-ict-infrastructuur-binnen-de-schoolmuren\/#breadcrumb"},"inLanguage":"fr-FR","potentialAction":[{"@type":"ReadAction","target":["https:\/\/www.bedigitaltogether.be\/fr\/investeringen-in-de-ict-infrastructuur-binnen-de-schoolmuren\/"]}]},{"@type":"BreadcrumbList","@id":"https:\/\/www.bedigitaltogether.be\/fr\/investeringen-in-de-ict-infrastructuur-binnen-de-schoolmuren\/#breadcrumb","itemListElement":[{"@type":"ListItem","position":1,"name":"Accueil","item":"https:\/\/www.bedigitaltogether.be\/fr\/"},{"@type":"ListItem","position":2,"name":"\u00c9tudes","item":"https:\/\/www.bedigitaltogether.be\/fr\/category\/etudes\/"},{"@type":"ListItem","position":3,"name":"Investeringen in de ICT-infrastructuur binnen de schoolmuren"}]},{"@type":"WebSite","@id":"https:\/\/www.bedigitaltogether.be\/fr\/#website","url":"https:\/\/www.bedigitaltogether.be\/fr\/","name":"BeDigitalTogether","description":"","potentialAction":[{"@type":"SearchAction","target":{"@type":"EntryPoint","urlTemplate":"https:\/\/www.bedigitaltogether.be\/fr\/?s={search_term_string}"},"query-input":{"@type":"PropertyValueSpecification","valueRequired":true,"valueName":"search_term_string"}}],"inLanguage":"fr-FR"},{"@type":"Person","@id":"https:\/\/www.bedigitaltogether.be\/fr\/#\/schema\/person\/b56960572f725379f0873aa9fbd131c9","name":"admin","image":{"@type":"ImageObject","inLanguage":"fr-FR","@id":"https:\/\/secure.gravatar.com\/avatar\/c64dbd098148d05d0d68c4c59f1bc02d90e703757e02c60e5fa7878c6f6c4855?s=96&d=mm&r=g","url":"https:\/\/secure.gravatar.com\/avatar\/c64dbd098148d05d0d68c4c59f1bc02d90e703757e02c60e5fa7878c6f6c4855?s=96&d=mm&r=g","contentUrl":"https:\/\/secure.gravatar.com\/avatar\/c64dbd098148d05d0d68c4c59f1bc02d90e703757e02c60e5fa7878c6f6c4855?s=96&d=mm&r=g","caption":"admin"},"sameAs":["https:\/\/www.bedigitaltogether.be"],"url":"https:\/\/www.bedigitaltogether.be\/fr\/author\/lh_2l609ggp\/"}]}},"_links":{"self":[{"href":"https:\/\/www.bedigitaltogether.be\/fr\/wp-json\/wp\/v2\/posts\/6826","targetHints":{"allow":["GET"]}}],"collection":[{"href":"https:\/\/www.bedigitaltogether.be\/fr\/wp-json\/wp\/v2\/posts"}],"about":[{"href":"https:\/\/www.bedigitaltogether.be\/fr\/wp-json\/wp\/v2\/types\/post"}],"author":[{"embeddable":true,"href":"https:\/\/www.bedigitaltogether.be\/fr\/wp-json\/wp\/v2\/users\/1"}],"replies":[{"embeddable":true,"href":"https:\/\/www.bedigitaltogether.be\/fr\/wp-json\/wp\/v2\/comments?post=6826"}],"version-history":[{"count":1,"href":"https:\/\/www.bedigitaltogether.be\/fr\/wp-json\/wp\/v2\/posts\/6826\/revisions"}],"predecessor-version":[{"id":6827,"href":"https:\/\/www.bedigitaltogether.be\/fr\/wp-json\/wp\/v2\/posts\/6826\/revisions\/6827"}],"wp:attachment":[{"href":"https:\/\/www.bedigitaltogether.be\/fr\/wp-json\/wp\/v2\/media?parent=6826"}],"wp:term":[{"taxonomy":"category","embeddable":true,"href":"https:\/\/www.bedigitaltogether.be\/fr\/wp-json\/wp\/v2\/categories?post=6826"},{"taxonomy":"post_tag","embeddable":true,"href":"https:\/\/www.bedigitaltogether.be\/fr\/wp-json\/wp\/v2\/tags?post=6826"},{"taxonomy":"active","embeddable":true,"href":"https:\/\/www.bedigitaltogether.be\/fr\/wp-json\/wp\/v2\/active?post=6826"}],"curies":[{"name":"wp","href":"https:\/\/api.w.org\/{rel}","templated":true}]}}