{"id":6808,"date":"2022-03-31T09:08:15","date_gmt":"2022-03-31T09:08:15","guid":{"rendered":"https:\/\/godigitall.artwhere.co\/een-beleidsdomeinoverstijgende-agenda\/"},"modified":"2022-04-05T09:32:48","modified_gmt":"2022-04-05T09:32:48","slug":"een-beleidsdomeinoverstijgende-agenda","status":"publish","type":"post","link":"https:\/\/www.bedigitaltogether.be\/fr\/een-beleidsdomeinoverstijgende-agenda\/","title":{"rendered":"Un agenda trans-politique"},"content":{"rendered":"\n<p>L\u2019agenda STEM 2030 mise sur un flux entrant accru dans les formations et carri\u00e8res STEM, sur des sp\u00e9cialistes STEM et la consolidation g\u00e9n\u00e9rale des comp\u00e9tences STEM dans la soci\u00e9t\u00e9 dans son ensemble : l\u2019alphab\u00e9tisation STEM.<\/p>\n\n<p>Concr\u00e8tement, il se traduit en 4 objectifs strat\u00e9giques :<\/p>\n\n<ul class=\"wp-block-list\"><li>La soci\u00e9t\u00e9 a conscience de l\u2019importance des comp\u00e9tences STEM.<\/li><li>Chaque personne int\u00e9ress\u00e9e par les STEM et ayant du talent STEM trouve la voie vers une formation STEM adapt\u00e9e.<\/li><li>L\u2019enseignement STEM et l\u2019offre en formations anticipent les \u00e9volutions et transitions dans la vie professionnelle, la recherche et la communaut\u00e9.<\/li><li>Les comp\u00e9tences STEM sont exploit\u00e9es un maximum en fonction des besoins, \u00e9volutions et transitions dans la vie professionnelle, la recherche et la communaut\u00e9 dans son ensemble.<\/li><\/ul>","protected":false},"excerpt":{"rendered":"<p>L\u2019agenda STEM 2030 mise sur un flux entrant accru dans les formations et carri\u00e8res STEM, sur des sp\u00e9cialistes STEM et la consolidation g\u00e9n\u00e9rale des comp\u00e9tences STEM dans la soci\u00e9t\u00e9 dans son ensemble : l\u2019alphab\u00e9tisation STEM. Concr\u00e8tement, il se traduit en 4 objectifs strat\u00e9giques : La soci\u00e9t\u00e9 a conscience de l\u2019importance des comp\u00e9tences STEM. Chaque personne [&hellip;]<\/p>\n","protected":false},"author":1,"featured_media":0,"comment_status":"open","ping_status":"closed","sticky":false,"template":"","format":"standard","meta":{"_acf_changed":false,"footnotes":""},"categories":[101],"tags":[118],"active":[146],"class_list":["post-6808","post","type-post","status-publish","format-standard","hentry","category-etudes","tag-initiative-fr","active-active-fr"],"acf":[],"yoast_head":"<!-- This site is optimized with the Yoast SEO plugin v27.5 - https:\/\/yoast.com\/product\/yoast-seo-wordpress\/ -->\n<title>Un agenda trans-politique - BeDigitalTogether - Be Digital Together<\/title>\n<meta name=\"robots\" content=\"index, follow, max-snippet:-1, max-image-preview:large, max-video-preview:-1\" \/>\n<link rel=\"canonical\" href=\"https:\/\/www.bedigitaltogether.be\/fr\/\" \/>\n<meta property=\"og:locale\" content=\"fr_FR\" \/>\n<meta property=\"og:type\" content=\"article\" \/>\n<meta property=\"og:title\" content=\"Un agenda trans-politique - BeDigitalTogether - Be Digital Together\" \/>\n<meta property=\"og:description\" content=\"L\u2019agenda STEM 2030 mise sur un flux entrant accru dans les formations et carri\u00e8res STEM, sur des sp\u00e9cialistes STEM et la consolidation g\u00e9n\u00e9rale des comp\u00e9tences STEM dans la soci\u00e9t\u00e9 dans son ensemble : l\u2019alphab\u00e9tisation STEM. Concr\u00e8tement, il se traduit en 4 objectifs strat\u00e9giques : La soci\u00e9t\u00e9 a conscience de l\u2019importance des comp\u00e9tences STEM. Chaque personne [&hellip;]\" \/>\n<meta property=\"og:url\" content=\"https:\/\/www.bedigitaltogether.be\/fr\/\" \/>\n<meta property=\"og:site_name\" content=\"BeDigitalTogether\" \/>\n<meta property=\"article:published_time\" content=\"2022-03-31T09:08:15+00:00\" \/>\n<meta property=\"article:modified_time\" content=\"2022-04-05T09:32:48+00:00\" \/>\n<meta name=\"author\" content=\"admin\" \/>\n<meta name=\"twitter:card\" content=\"summary_large_image\" \/>\n<meta name=\"twitter:label1\" content=\"\u00c9crit par\" \/>\n\t<meta name=\"twitter:data1\" content=\"admin\" \/>\n\t<meta name=\"twitter:label2\" content=\"Dur\u00e9e de lecture estim\u00e9e\" \/>\n\t<meta name=\"twitter:data2\" content=\"1 minute\" \/>\n<script type=\"application\/ld+json\" class=\"yoast-schema-graph\">{\"@context\":\"https:\\\/\\\/schema.org\",\"@graph\":[{\"@type\":\"Article\",\"@id\":\"https:\\\/\\\/www.bedigitaltogether.be\\\/fr\\\/een-beleidsdomeinoverstijgende-agenda\\\/#article\",\"isPartOf\":{\"@id\":\"https:\\\/\\\/www.bedigitaltogether.be\\\/fr\\\/een-beleidsdomeinoverstijgende-agenda\\\/\"},\"author\":{\"name\":\"admin\",\"@id\":\"https:\\\/\\\/www.bedigitaltogether.be\\\/fr\\\/#\\\/schema\\\/person\\\/b56960572f725379f0873aa9fbd131c9\"},\"headline\":\"Un agenda trans-politique\",\"datePublished\":\"2022-03-31T09:08:15+00:00\",\"dateModified\":\"2022-04-05T09:32:48+00:00\",\"mainEntityOfPage\":{\"@id\":\"https:\\\/\\\/www.bedigitaltogether.be\\\/fr\\\/een-beleidsdomeinoverstijgende-agenda\\\/\"},\"wordCount\":138,\"commentCount\":0,\"keywords\":[\"Initiative\"],\"articleSection\":[\"\u00c9tudes\"],\"inLanguage\":\"fr-FR\",\"potentialAction\":[{\"@type\":\"CommentAction\",\"name\":\"Comment\",\"target\":[\"https:\\\/\\\/www.bedigitaltogether.be\\\/fr\\\/een-beleidsdomeinoverstijgende-agenda\\\/#respond\"]}]},{\"@type\":\"WebPage\",\"@id\":\"https:\\\/\\\/www.bedigitaltogether.be\\\/fr\\\/een-beleidsdomeinoverstijgende-agenda\\\/\",\"url\":\"https:\\\/\\\/www.bedigitaltogether.be\\\/fr\\\/een-beleidsdomeinoverstijgende-agenda\\\/\",\"name\":\"Un agenda trans-politique - BeDigitalTogether - Be Digital Together\",\"isPartOf\":{\"@id\":\"https:\\\/\\\/www.bedigitaltogether.be\\\/fr\\\/#website\"},\"datePublished\":\"2022-03-31T09:08:15+00:00\",\"dateModified\":\"2022-04-05T09:32:48+00:00\",\"author\":{\"@id\":\"https:\\\/\\\/www.bedigitaltogether.be\\\/fr\\\/#\\\/schema\\\/person\\\/b56960572f725379f0873aa9fbd131c9\"},\"breadcrumb\":{\"@id\":\"https:\\\/\\\/www.bedigitaltogether.be\\\/fr\\\/een-beleidsdomeinoverstijgende-agenda\\\/#breadcrumb\"},\"inLanguage\":\"fr-FR\",\"potentialAction\":[{\"@type\":\"ReadAction\",\"target\":[\"https:\\\/\\\/www.bedigitaltogether.be\\\/fr\\\/een-beleidsdomeinoverstijgende-agenda\\\/\"]}]},{\"@type\":\"BreadcrumbList\",\"@id\":\"https:\\\/\\\/www.bedigitaltogether.be\\\/fr\\\/een-beleidsdomeinoverstijgende-agenda\\\/#breadcrumb\",\"itemListElement\":[{\"@type\":\"ListItem\",\"position\":1,\"name\":\"Accueil\",\"item\":\"https:\\\/\\\/www.bedigitaltogether.be\\\/fr\\\/\"},{\"@type\":\"ListItem\",\"position\":2,\"name\":\"\u00c9tudes\",\"item\":\"https:\\\/\\\/www.bedigitaltogether.be\\\/fr\\\/category\\\/etudes\\\/\"},{\"@type\":\"ListItem\",\"position\":3,\"name\":\"Un agenda trans-politique\"}]},{\"@type\":\"WebSite\",\"@id\":\"https:\\\/\\\/www.bedigitaltogether.be\\\/fr\\\/#website\",\"url\":\"https:\\\/\\\/www.bedigitaltogether.be\\\/fr\\\/\",\"name\":\"BeDigitalTogether\",\"description\":\"\",\"potentialAction\":[{\"@type\":\"SearchAction\",\"target\":{\"@type\":\"EntryPoint\",\"urlTemplate\":\"https:\\\/\\\/www.bedigitaltogether.be\\\/fr\\\/?s={search_term_string}\"},\"query-input\":{\"@type\":\"PropertyValueSpecification\",\"valueRequired\":true,\"valueName\":\"search_term_string\"}}],\"inLanguage\":\"fr-FR\"},{\"@type\":\"Person\",\"@id\":\"https:\\\/\\\/www.bedigitaltogether.be\\\/fr\\\/#\\\/schema\\\/person\\\/b56960572f725379f0873aa9fbd131c9\",\"name\":\"admin\",\"image\":{\"@type\":\"ImageObject\",\"inLanguage\":\"fr-FR\",\"@id\":\"https:\\\/\\\/secure.gravatar.com\\\/avatar\\\/c64dbd098148d05d0d68c4c59f1bc02d90e703757e02c60e5fa7878c6f6c4855?s=96&d=mm&r=g\",\"url\":\"https:\\\/\\\/secure.gravatar.com\\\/avatar\\\/c64dbd098148d05d0d68c4c59f1bc02d90e703757e02c60e5fa7878c6f6c4855?s=96&d=mm&r=g\",\"contentUrl\":\"https:\\\/\\\/secure.gravatar.com\\\/avatar\\\/c64dbd098148d05d0d68c4c59f1bc02d90e703757e02c60e5fa7878c6f6c4855?s=96&d=mm&r=g\",\"caption\":\"admin\"},\"sameAs\":[\"https:\\\/\\\/www.bedigitaltogether.be\"],\"url\":\"https:\\\/\\\/www.bedigitaltogether.be\\\/fr\\\/author\\\/lh_2l609ggp\\\/\"}]}<\/script>\n<!-- \/ Yoast SEO plugin. -->","yoast_head_json":{"title":"Un agenda trans-politique - BeDigitalTogether - Be Digital Together","robots":{"index":"index","follow":"follow","max-snippet":"max-snippet:-1","max-image-preview":"max-image-preview:large","max-video-preview":"max-video-preview:-1"},"canonical":"https:\/\/www.bedigitaltogether.be\/fr\/","og_locale":"fr_FR","og_type":"article","og_title":"Un agenda trans-politique - BeDigitalTogether - Be Digital Together","og_description":"L\u2019agenda STEM 2030 mise sur un flux entrant accru dans les formations et carri\u00e8res STEM, sur des sp\u00e9cialistes STEM et la consolidation g\u00e9n\u00e9rale des comp\u00e9tences STEM dans la soci\u00e9t\u00e9 dans son ensemble : l\u2019alphab\u00e9tisation STEM. Concr\u00e8tement, il se traduit en 4 objectifs strat\u00e9giques : La soci\u00e9t\u00e9 a conscience de l\u2019importance des comp\u00e9tences STEM. Chaque personne [&hellip;]","og_url":"https:\/\/www.bedigitaltogether.be\/fr\/","og_site_name":"BeDigitalTogether","article_published_time":"2022-03-31T09:08:15+00:00","article_modified_time":"2022-04-05T09:32:48+00:00","author":"admin","twitter_card":"summary_large_image","twitter_misc":{"\u00c9crit par":"admin","Dur\u00e9e de lecture estim\u00e9e":"1 minute"},"schema":{"@context":"https:\/\/schema.org","@graph":[{"@type":"Article","@id":"https:\/\/www.bedigitaltogether.be\/fr\/een-beleidsdomeinoverstijgende-agenda\/#article","isPartOf":{"@id":"https:\/\/www.bedigitaltogether.be\/fr\/een-beleidsdomeinoverstijgende-agenda\/"},"author":{"name":"admin","@id":"https:\/\/www.bedigitaltogether.be\/fr\/#\/schema\/person\/b56960572f725379f0873aa9fbd131c9"},"headline":"Un agenda trans-politique","datePublished":"2022-03-31T09:08:15+00:00","dateModified":"2022-04-05T09:32:48+00:00","mainEntityOfPage":{"@id":"https:\/\/www.bedigitaltogether.be\/fr\/een-beleidsdomeinoverstijgende-agenda\/"},"wordCount":138,"commentCount":0,"keywords":["Initiative"],"articleSection":["\u00c9tudes"],"inLanguage":"fr-FR","potentialAction":[{"@type":"CommentAction","name":"Comment","target":["https:\/\/www.bedigitaltogether.be\/fr\/een-beleidsdomeinoverstijgende-agenda\/#respond"]}]},{"@type":"WebPage","@id":"https:\/\/www.bedigitaltogether.be\/fr\/een-beleidsdomeinoverstijgende-agenda\/","url":"https:\/\/www.bedigitaltogether.be\/fr\/een-beleidsdomeinoverstijgende-agenda\/","name":"Un agenda trans-politique - BeDigitalTogether - Be Digital Together","isPartOf":{"@id":"https:\/\/www.bedigitaltogether.be\/fr\/#website"},"datePublished":"2022-03-31T09:08:15+00:00","dateModified":"2022-04-05T09:32:48+00:00","author":{"@id":"https:\/\/www.bedigitaltogether.be\/fr\/#\/schema\/person\/b56960572f725379f0873aa9fbd131c9"},"breadcrumb":{"@id":"https:\/\/www.bedigitaltogether.be\/fr\/een-beleidsdomeinoverstijgende-agenda\/#breadcrumb"},"inLanguage":"fr-FR","potentialAction":[{"@type":"ReadAction","target":["https:\/\/www.bedigitaltogether.be\/fr\/een-beleidsdomeinoverstijgende-agenda\/"]}]},{"@type":"BreadcrumbList","@id":"https:\/\/www.bedigitaltogether.be\/fr\/een-beleidsdomeinoverstijgende-agenda\/#breadcrumb","itemListElement":[{"@type":"ListItem","position":1,"name":"Accueil","item":"https:\/\/www.bedigitaltogether.be\/fr\/"},{"@type":"ListItem","position":2,"name":"\u00c9tudes","item":"https:\/\/www.bedigitaltogether.be\/fr\/category\/etudes\/"},{"@type":"ListItem","position":3,"name":"Un agenda trans-politique"}]},{"@type":"WebSite","@id":"https:\/\/www.bedigitaltogether.be\/fr\/#website","url":"https:\/\/www.bedigitaltogether.be\/fr\/","name":"BeDigitalTogether","description":"","potentialAction":[{"@type":"SearchAction","target":{"@type":"EntryPoint","urlTemplate":"https:\/\/www.bedigitaltogether.be\/fr\/?s={search_term_string}"},"query-input":{"@type":"PropertyValueSpecification","valueRequired":true,"valueName":"search_term_string"}}],"inLanguage":"fr-FR"},{"@type":"Person","@id":"https:\/\/www.bedigitaltogether.be\/fr\/#\/schema\/person\/b56960572f725379f0873aa9fbd131c9","name":"admin","image":{"@type":"ImageObject","inLanguage":"fr-FR","@id":"https:\/\/secure.gravatar.com\/avatar\/c64dbd098148d05d0d68c4c59f1bc02d90e703757e02c60e5fa7878c6f6c4855?s=96&d=mm&r=g","url":"https:\/\/secure.gravatar.com\/avatar\/c64dbd098148d05d0d68c4c59f1bc02d90e703757e02c60e5fa7878c6f6c4855?s=96&d=mm&r=g","contentUrl":"https:\/\/secure.gravatar.com\/avatar\/c64dbd098148d05d0d68c4c59f1bc02d90e703757e02c60e5fa7878c6f6c4855?s=96&d=mm&r=g","caption":"admin"},"sameAs":["https:\/\/www.bedigitaltogether.be"],"url":"https:\/\/www.bedigitaltogether.be\/fr\/author\/lh_2l609ggp\/"}]}},"_links":{"self":[{"href":"https:\/\/www.bedigitaltogether.be\/fr\/wp-json\/wp\/v2\/posts\/6808","targetHints":{"allow":["GET"]}}],"collection":[{"href":"https:\/\/www.bedigitaltogether.be\/fr\/wp-json\/wp\/v2\/posts"}],"about":[{"href":"https:\/\/www.bedigitaltogether.be\/fr\/wp-json\/wp\/v2\/types\/post"}],"author":[{"embeddable":true,"href":"https:\/\/www.bedigitaltogether.be\/fr\/wp-json\/wp\/v2\/users\/1"}],"replies":[{"embeddable":true,"href":"https:\/\/www.bedigitaltogether.be\/fr\/wp-json\/wp\/v2\/comments?post=6808"}],"version-history":[{"count":3,"href":"https:\/\/www.bedigitaltogether.be\/fr\/wp-json\/wp\/v2\/posts\/6808\/revisions"}],"predecessor-version":[{"id":7614,"href":"https:\/\/www.bedigitaltogether.be\/fr\/wp-json\/wp\/v2\/posts\/6808\/revisions\/7614"}],"wp:attachment":[{"href":"https:\/\/www.bedigitaltogether.be\/fr\/wp-json\/wp\/v2\/media?parent=6808"}],"wp:term":[{"taxonomy":"category","embeddable":true,"href":"https:\/\/www.bedigitaltogether.be\/fr\/wp-json\/wp\/v2\/categories?post=6808"},{"taxonomy":"post_tag","embeddable":true,"href":"https:\/\/www.bedigitaltogether.be\/fr\/wp-json\/wp\/v2\/tags?post=6808"},{"taxonomy":"active","embeddable":true,"href":"https:\/\/www.bedigitaltogether.be\/fr\/wp-json\/wp\/v2\/active?post=6808"}],"curies":[{"name":"wp","href":"https:\/\/api.w.org\/{rel}","templated":true}]}}