{"id":6778,"date":"2022-03-17T13:39:19","date_gmt":"2022-03-17T13:39:19","guid":{"rendered":"https:\/\/godigitall.artwhere.co\/kleurrijke-verhalen-voor-rebelse-meisje\/"},"modified":"2024-09-13T09:59:43","modified_gmt":"2024-09-13T09:59:43","slug":"kleurrijke-verhalen-voor-rebelse-meisje","status":"publish","type":"post","link":"https:\/\/www.bedigitaltogether.be\/fr\/kleurrijke-verhalen-voor-rebelse-meisje\/","title":{"rendered":"Histoires color\u00e9es pour filles rebelles"},"content":{"rendered":"\n<p>ABB soutient financi\u00e8rement le projet de l\u2019asbl ella, \u00ab Kleurrijke verhalen voor rebelse meisjes \u00bb, qui a pour but de r\u00e9veiller la vocation de davantage de jeunes filles et adolescentes issues de l\u2019immigration et de les inspirer \u00e0 opter pour des fili\u00e8res STEM scientifiques ou techniques. Le projet souhaite \u00e9galement briser les st\u00e9r\u00e9otypes de genre et ethniques g\u00e9n\u00e9raux. Pour y parvenir, ella met en avant les r\u00e9cits de quelques femmes fortes dans STEAM, \u00e0 l\u2019aide de divers outils adapt\u00e9s \u00e0 un jeune public : un livre de lecture, un livre de coloriage, des cartes d\u2019activit\u00e9s. Des ateliers STEAM sont \u00e9galement organis\u00e9s, et le nouveau mat\u00e9riel est mis en avant par le biais d&rsquo;une campagne en ligne.<\/p>\n","protected":false},"excerpt":{"rendered":"<p>ABB soutient financi\u00e8rement le projet de l\u2019asbl ella, \u00ab Kleurrijke verhalen voor rebelse meisjes \u00bb, qui a pour but de r\u00e9veiller la vocation de davantage de jeunes filles et adolescentes issues de l\u2019immigration et de les inspirer \u00e0 opter pour des fili\u00e8res STEM scientifiques ou techniques. Le projet souhaite \u00e9galement briser les st\u00e9r\u00e9otypes de genre [&hellip;]<\/p>\n","protected":false},"author":1,"featured_media":4202,"comment_status":"open","ping_status":"closed","sticky":false,"template":"","format":"standard","meta":{"_acf_changed":false,"footnotes":""},"categories":[101],"tags":[118],"active":[146],"class_list":["post-6778","post","type-post","status-publish","format-standard","has-post-thumbnail","hentry","category-etudes","tag-initiative-fr","active-active-fr"],"acf":[],"yoast_head":"<!-- This site is optimized with the Yoast SEO plugin v27.5 - https:\/\/yoast.com\/product\/yoast-seo-wordpress\/ -->\n<title>Histoires color\u00e9es pour filles rebelles - BeDigitalTogether - Be Digital Together<\/title>\n<meta name=\"robots\" content=\"index, follow, max-snippet:-1, max-image-preview:large, max-video-preview:-1\" \/>\n<link rel=\"canonical\" href=\"https:\/\/www.bedigitaltogether.be\/fr\/\" \/>\n<meta property=\"og:locale\" content=\"fr_FR\" \/>\n<meta property=\"og:type\" content=\"article\" \/>\n<meta property=\"og:title\" content=\"Histoires color\u00e9es pour filles rebelles - BeDigitalTogether - Be Digital Together\" \/>\n<meta property=\"og:description\" content=\"ABB soutient financi\u00e8rement le projet de l\u2019asbl ella, \u00ab Kleurrijke verhalen voor rebelse meisjes \u00bb, qui a pour but de r\u00e9veiller la vocation de davantage de jeunes filles et adolescentes issues de l\u2019immigration et de les inspirer \u00e0 opter pour des fili\u00e8res STEM scientifiques ou techniques. Le projet souhaite \u00e9galement briser les st\u00e9r\u00e9otypes de genre [&hellip;]\" \/>\n<meta property=\"og:url\" content=\"https:\/\/www.bedigitaltogether.be\/fr\/\" \/>\n<meta property=\"og:site_name\" content=\"BeDigitalTogether\" \/>\n<meta property=\"article:published_time\" content=\"2022-03-17T13:39:19+00:00\" \/>\n<meta property=\"article:modified_time\" content=\"2024-09-13T09:59:43+00:00\" \/>\n<meta property=\"og:image\" content=\"https:\/\/www.bedigitaltogether.be\/wp-content\/uploads\/2022\/03\/kleurrijke-verhalen-voor-rebelse-meisje.jpeg\" \/>\n\t<meta property=\"og:image:width\" content=\"2560\" \/>\n\t<meta property=\"og:image:height\" content=\"1707\" \/>\n\t<meta property=\"og:image:type\" content=\"image\/jpeg\" \/>\n<meta name=\"author\" content=\"admin\" \/>\n<meta name=\"twitter:card\" content=\"summary_large_image\" \/>\n<meta name=\"twitter:label1\" content=\"\u00c9crit par\" \/>\n\t<meta name=\"twitter:data1\" content=\"admin\" \/>\n\t<meta name=\"twitter:label2\" content=\"Dur\u00e9e de lecture estim\u00e9e\" \/>\n\t<meta name=\"twitter:data2\" content=\"1 minute\" \/>\n<script type=\"application\/ld+json\" class=\"yoast-schema-graph\">{\"@context\":\"https:\\\/\\\/schema.org\",\"@graph\":[{\"@type\":\"Article\",\"@id\":\"https:\\\/\\\/www.bedigitaltogether.be\\\/fr\\\/kleurrijke-verhalen-voor-rebelse-meisje\\\/#article\",\"isPartOf\":{\"@id\":\"https:\\\/\\\/www.bedigitaltogether.be\\\/fr\\\/kleurrijke-verhalen-voor-rebelse-meisje\\\/\"},\"author\":{\"name\":\"admin\",\"@id\":\"https:\\\/\\\/www.bedigitaltogether.be\\\/fr\\\/#\\\/schema\\\/person\\\/b56960572f725379f0873aa9fbd131c9\"},\"headline\":\"Histoires color\u00e9es pour filles rebelles\",\"datePublished\":\"2022-03-17T13:39:19+00:00\",\"dateModified\":\"2024-09-13T09:59:43+00:00\",\"mainEntityOfPage\":{\"@id\":\"https:\\\/\\\/www.bedigitaltogether.be\\\/fr\\\/kleurrijke-verhalen-voor-rebelse-meisje\\\/\"},\"wordCount\":133,\"commentCount\":0,\"image\":{\"@id\":\"https:\\\/\\\/www.bedigitaltogether.be\\\/fr\\\/kleurrijke-verhalen-voor-rebelse-meisje\\\/#primaryimage\"},\"thumbnailUrl\":\"https:\\\/\\\/www.bedigitaltogether.be\\\/wp-content\\\/uploads\\\/2022\\\/03\\\/kleurrijke-verhalen-voor-rebelse-meisje.jpeg\",\"keywords\":[\"Initiative\"],\"articleSection\":[\"\u00c9tudes\"],\"inLanguage\":\"fr-FR\",\"potentialAction\":[{\"@type\":\"CommentAction\",\"name\":\"Comment\",\"target\":[\"https:\\\/\\\/www.bedigitaltogether.be\\\/fr\\\/kleurrijke-verhalen-voor-rebelse-meisje\\\/#respond\"]}]},{\"@type\":\"WebPage\",\"@id\":\"https:\\\/\\\/www.bedigitaltogether.be\\\/fr\\\/kleurrijke-verhalen-voor-rebelse-meisje\\\/\",\"url\":\"https:\\\/\\\/www.bedigitaltogether.be\\\/fr\\\/kleurrijke-verhalen-voor-rebelse-meisje\\\/\",\"name\":\"Histoires color\u00e9es pour filles rebelles - BeDigitalTogether - Be Digital Together\",\"isPartOf\":{\"@id\":\"https:\\\/\\\/www.bedigitaltogether.be\\\/fr\\\/#website\"},\"primaryImageOfPage\":{\"@id\":\"https:\\\/\\\/www.bedigitaltogether.be\\\/fr\\\/kleurrijke-verhalen-voor-rebelse-meisje\\\/#primaryimage\"},\"image\":{\"@id\":\"https:\\\/\\\/www.bedigitaltogether.be\\\/fr\\\/kleurrijke-verhalen-voor-rebelse-meisje\\\/#primaryimage\"},\"thumbnailUrl\":\"https:\\\/\\\/www.bedigitaltogether.be\\\/wp-content\\\/uploads\\\/2022\\\/03\\\/kleurrijke-verhalen-voor-rebelse-meisje.jpeg\",\"datePublished\":\"2022-03-17T13:39:19+00:00\",\"dateModified\":\"2024-09-13T09:59:43+00:00\",\"author\":{\"@id\":\"https:\\\/\\\/www.bedigitaltogether.be\\\/fr\\\/#\\\/schema\\\/person\\\/b56960572f725379f0873aa9fbd131c9\"},\"breadcrumb\":{\"@id\":\"https:\\\/\\\/www.bedigitaltogether.be\\\/fr\\\/kleurrijke-verhalen-voor-rebelse-meisje\\\/#breadcrumb\"},\"inLanguage\":\"fr-FR\",\"potentialAction\":[{\"@type\":\"ReadAction\",\"target\":[\"https:\\\/\\\/www.bedigitaltogether.be\\\/fr\\\/kleurrijke-verhalen-voor-rebelse-meisje\\\/\"]}]},{\"@type\":\"ImageObject\",\"inLanguage\":\"fr-FR\",\"@id\":\"https:\\\/\\\/www.bedigitaltogether.be\\\/fr\\\/kleurrijke-verhalen-voor-rebelse-meisje\\\/#primaryimage\",\"url\":\"https:\\\/\\\/www.bedigitaltogether.be\\\/wp-content\\\/uploads\\\/2022\\\/03\\\/kleurrijke-verhalen-voor-rebelse-meisje.jpeg\",\"contentUrl\":\"https:\\\/\\\/www.bedigitaltogether.be\\\/wp-content\\\/uploads\\\/2022\\\/03\\\/kleurrijke-verhalen-voor-rebelse-meisje.jpeg\",\"width\":2560,\"height\":1707},{\"@type\":\"BreadcrumbList\",\"@id\":\"https:\\\/\\\/www.bedigitaltogether.be\\\/fr\\\/kleurrijke-verhalen-voor-rebelse-meisje\\\/#breadcrumb\",\"itemListElement\":[{\"@type\":\"ListItem\",\"position\":1,\"name\":\"Accueil\",\"item\":\"https:\\\/\\\/www.bedigitaltogether.be\\\/fr\\\/\"},{\"@type\":\"ListItem\",\"position\":2,\"name\":\"\u00c9tudes\",\"item\":\"https:\\\/\\\/www.bedigitaltogether.be\\\/fr\\\/category\\\/etudes\\\/\"},{\"@type\":\"ListItem\",\"position\":3,\"name\":\"Histoires color\u00e9es pour filles rebelles\"}]},{\"@type\":\"WebSite\",\"@id\":\"https:\\\/\\\/www.bedigitaltogether.be\\\/fr\\\/#website\",\"url\":\"https:\\\/\\\/www.bedigitaltogether.be\\\/fr\\\/\",\"name\":\"BeDigitalTogether\",\"description\":\"\",\"potentialAction\":[{\"@type\":\"SearchAction\",\"target\":{\"@type\":\"EntryPoint\",\"urlTemplate\":\"https:\\\/\\\/www.bedigitaltogether.be\\\/fr\\\/?s={search_term_string}\"},\"query-input\":{\"@type\":\"PropertyValueSpecification\",\"valueRequired\":true,\"valueName\":\"search_term_string\"}}],\"inLanguage\":\"fr-FR\"},{\"@type\":\"Person\",\"@id\":\"https:\\\/\\\/www.bedigitaltogether.be\\\/fr\\\/#\\\/schema\\\/person\\\/b56960572f725379f0873aa9fbd131c9\",\"name\":\"admin\",\"image\":{\"@type\":\"ImageObject\",\"inLanguage\":\"fr-FR\",\"@id\":\"https:\\\/\\\/secure.gravatar.com\\\/avatar\\\/c64dbd098148d05d0d68c4c59f1bc02d90e703757e02c60e5fa7878c6f6c4855?s=96&d=mm&r=g\",\"url\":\"https:\\\/\\\/secure.gravatar.com\\\/avatar\\\/c64dbd098148d05d0d68c4c59f1bc02d90e703757e02c60e5fa7878c6f6c4855?s=96&d=mm&r=g\",\"contentUrl\":\"https:\\\/\\\/secure.gravatar.com\\\/avatar\\\/c64dbd098148d05d0d68c4c59f1bc02d90e703757e02c60e5fa7878c6f6c4855?s=96&d=mm&r=g\",\"caption\":\"admin\"},\"sameAs\":[\"https:\\\/\\\/www.bedigitaltogether.be\"],\"url\":\"https:\\\/\\\/www.bedigitaltogether.be\\\/fr\\\/author\\\/lh_2l609ggp\\\/\"}]}<\/script>\n<!-- \/ Yoast SEO plugin. -->","yoast_head_json":{"title":"Histoires color\u00e9es pour filles rebelles - BeDigitalTogether - Be Digital Together","robots":{"index":"index","follow":"follow","max-snippet":"max-snippet:-1","max-image-preview":"max-image-preview:large","max-video-preview":"max-video-preview:-1"},"canonical":"https:\/\/www.bedigitaltogether.be\/fr\/","og_locale":"fr_FR","og_type":"article","og_title":"Histoires color\u00e9es pour filles rebelles - BeDigitalTogether - Be Digital Together","og_description":"ABB soutient financi\u00e8rement le projet de l\u2019asbl ella, \u00ab Kleurrijke verhalen voor rebelse meisjes \u00bb, qui a pour but de r\u00e9veiller la vocation de davantage de jeunes filles et adolescentes issues de l\u2019immigration et de les inspirer \u00e0 opter pour des fili\u00e8res STEM scientifiques ou techniques. Le projet souhaite \u00e9galement briser les st\u00e9r\u00e9otypes de genre [&hellip;]","og_url":"https:\/\/www.bedigitaltogether.be\/fr\/","og_site_name":"BeDigitalTogether","article_published_time":"2022-03-17T13:39:19+00:00","article_modified_time":"2024-09-13T09:59:43+00:00","og_image":[{"width":2560,"height":1707,"url":"https:\/\/www.bedigitaltogether.be\/wp-content\/uploads\/2022\/03\/kleurrijke-verhalen-voor-rebelse-meisje.jpeg","type":"image\/jpeg"}],"author":"admin","twitter_card":"summary_large_image","twitter_misc":{"\u00c9crit par":"admin","Dur\u00e9e de lecture estim\u00e9e":"1 minute"},"schema":{"@context":"https:\/\/schema.org","@graph":[{"@type":"Article","@id":"https:\/\/www.bedigitaltogether.be\/fr\/kleurrijke-verhalen-voor-rebelse-meisje\/#article","isPartOf":{"@id":"https:\/\/www.bedigitaltogether.be\/fr\/kleurrijke-verhalen-voor-rebelse-meisje\/"},"author":{"name":"admin","@id":"https:\/\/www.bedigitaltogether.be\/fr\/#\/schema\/person\/b56960572f725379f0873aa9fbd131c9"},"headline":"Histoires color\u00e9es pour filles rebelles","datePublished":"2022-03-17T13:39:19+00:00","dateModified":"2024-09-13T09:59:43+00:00","mainEntityOfPage":{"@id":"https:\/\/www.bedigitaltogether.be\/fr\/kleurrijke-verhalen-voor-rebelse-meisje\/"},"wordCount":133,"commentCount":0,"image":{"@id":"https:\/\/www.bedigitaltogether.be\/fr\/kleurrijke-verhalen-voor-rebelse-meisje\/#primaryimage"},"thumbnailUrl":"https:\/\/www.bedigitaltogether.be\/wp-content\/uploads\/2022\/03\/kleurrijke-verhalen-voor-rebelse-meisje.jpeg","keywords":["Initiative"],"articleSection":["\u00c9tudes"],"inLanguage":"fr-FR","potentialAction":[{"@type":"CommentAction","name":"Comment","target":["https:\/\/www.bedigitaltogether.be\/fr\/kleurrijke-verhalen-voor-rebelse-meisje\/#respond"]}]},{"@type":"WebPage","@id":"https:\/\/www.bedigitaltogether.be\/fr\/kleurrijke-verhalen-voor-rebelse-meisje\/","url":"https:\/\/www.bedigitaltogether.be\/fr\/kleurrijke-verhalen-voor-rebelse-meisje\/","name":"Histoires color\u00e9es pour filles rebelles - BeDigitalTogether - Be Digital Together","isPartOf":{"@id":"https:\/\/www.bedigitaltogether.be\/fr\/#website"},"primaryImageOfPage":{"@id":"https:\/\/www.bedigitaltogether.be\/fr\/kleurrijke-verhalen-voor-rebelse-meisje\/#primaryimage"},"image":{"@id":"https:\/\/www.bedigitaltogether.be\/fr\/kleurrijke-verhalen-voor-rebelse-meisje\/#primaryimage"},"thumbnailUrl":"https:\/\/www.bedigitaltogether.be\/wp-content\/uploads\/2022\/03\/kleurrijke-verhalen-voor-rebelse-meisje.jpeg","datePublished":"2022-03-17T13:39:19+00:00","dateModified":"2024-09-13T09:59:43+00:00","author":{"@id":"https:\/\/www.bedigitaltogether.be\/fr\/#\/schema\/person\/b56960572f725379f0873aa9fbd131c9"},"breadcrumb":{"@id":"https:\/\/www.bedigitaltogether.be\/fr\/kleurrijke-verhalen-voor-rebelse-meisje\/#breadcrumb"},"inLanguage":"fr-FR","potentialAction":[{"@type":"ReadAction","target":["https:\/\/www.bedigitaltogether.be\/fr\/kleurrijke-verhalen-voor-rebelse-meisje\/"]}]},{"@type":"ImageObject","inLanguage":"fr-FR","@id":"https:\/\/www.bedigitaltogether.be\/fr\/kleurrijke-verhalen-voor-rebelse-meisje\/#primaryimage","url":"https:\/\/www.bedigitaltogether.be\/wp-content\/uploads\/2022\/03\/kleurrijke-verhalen-voor-rebelse-meisje.jpeg","contentUrl":"https:\/\/www.bedigitaltogether.be\/wp-content\/uploads\/2022\/03\/kleurrijke-verhalen-voor-rebelse-meisje.jpeg","width":2560,"height":1707},{"@type":"BreadcrumbList","@id":"https:\/\/www.bedigitaltogether.be\/fr\/kleurrijke-verhalen-voor-rebelse-meisje\/#breadcrumb","itemListElement":[{"@type":"ListItem","position":1,"name":"Accueil","item":"https:\/\/www.bedigitaltogether.be\/fr\/"},{"@type":"ListItem","position":2,"name":"\u00c9tudes","item":"https:\/\/www.bedigitaltogether.be\/fr\/category\/etudes\/"},{"@type":"ListItem","position":3,"name":"Histoires color\u00e9es pour filles rebelles"}]},{"@type":"WebSite","@id":"https:\/\/www.bedigitaltogether.be\/fr\/#website","url":"https:\/\/www.bedigitaltogether.be\/fr\/","name":"BeDigitalTogether","description":"","potentialAction":[{"@type":"SearchAction","target":{"@type":"EntryPoint","urlTemplate":"https:\/\/www.bedigitaltogether.be\/fr\/?s={search_term_string}"},"query-input":{"@type":"PropertyValueSpecification","valueRequired":true,"valueName":"search_term_string"}}],"inLanguage":"fr-FR"},{"@type":"Person","@id":"https:\/\/www.bedigitaltogether.be\/fr\/#\/schema\/person\/b56960572f725379f0873aa9fbd131c9","name":"admin","image":{"@type":"ImageObject","inLanguage":"fr-FR","@id":"https:\/\/secure.gravatar.com\/avatar\/c64dbd098148d05d0d68c4c59f1bc02d90e703757e02c60e5fa7878c6f6c4855?s=96&d=mm&r=g","url":"https:\/\/secure.gravatar.com\/avatar\/c64dbd098148d05d0d68c4c59f1bc02d90e703757e02c60e5fa7878c6f6c4855?s=96&d=mm&r=g","contentUrl":"https:\/\/secure.gravatar.com\/avatar\/c64dbd098148d05d0d68c4c59f1bc02d90e703757e02c60e5fa7878c6f6c4855?s=96&d=mm&r=g","caption":"admin"},"sameAs":["https:\/\/www.bedigitaltogether.be"],"url":"https:\/\/www.bedigitaltogether.be\/fr\/author\/lh_2l609ggp\/"}]}},"_links":{"self":[{"href":"https:\/\/www.bedigitaltogether.be\/fr\/wp-json\/wp\/v2\/posts\/6778","targetHints":{"allow":["GET"]}}],"collection":[{"href":"https:\/\/www.bedigitaltogether.be\/fr\/wp-json\/wp\/v2\/posts"}],"about":[{"href":"https:\/\/www.bedigitaltogether.be\/fr\/wp-json\/wp\/v2\/types\/post"}],"author":[{"embeddable":true,"href":"https:\/\/www.bedigitaltogether.be\/fr\/wp-json\/wp\/v2\/users\/1"}],"replies":[{"embeddable":true,"href":"https:\/\/www.bedigitaltogether.be\/fr\/wp-json\/wp\/v2\/comments?post=6778"}],"version-history":[{"count":3,"href":"https:\/\/www.bedigitaltogether.be\/fr\/wp-json\/wp\/v2\/posts\/6778\/revisions"}],"predecessor-version":[{"id":7616,"href":"https:\/\/www.bedigitaltogether.be\/fr\/wp-json\/wp\/v2\/posts\/6778\/revisions\/7616"}],"wp:featuredmedia":[{"embeddable":true,"href":"https:\/\/www.bedigitaltogether.be\/fr\/wp-json\/wp\/v2\/media\/4202"}],"wp:attachment":[{"href":"https:\/\/www.bedigitaltogether.be\/fr\/wp-json\/wp\/v2\/media?parent=6778"}],"wp:term":[{"taxonomy":"category","embeddable":true,"href":"https:\/\/www.bedigitaltogether.be\/fr\/wp-json\/wp\/v2\/categories?post=6778"},{"taxonomy":"post_tag","embeddable":true,"href":"https:\/\/www.bedigitaltogether.be\/fr\/wp-json\/wp\/v2\/tags?post=6778"},{"taxonomy":"active","embeddable":true,"href":"https:\/\/www.bedigitaltogether.be\/fr\/wp-json\/wp\/v2\/active?post=6778"}],"curies":[{"name":"wp","href":"https:\/\/api.w.org\/{rel}","templated":true}]}}