{"id":6193,"date":"2022-03-29T08:23:39","date_gmt":"2022-03-29T08:23:39","guid":{"rendered":"https:\/\/godigitall.artwhere.co\/plan-dappropriation-numerique-pan-action-45\/"},"modified":"2022-03-31T11:33:38","modified_gmt":"2022-03-31T11:33:38","slug":"plan-dappropriation-numerique-pan-action-45","status":"publish","type":"post","link":"https:\/\/www.bedigitaltogether.be\/fr\/plan-dappropriation-numerique-pan-action-45\/","title":{"rendered":"Plan d&rsquo;Appropriation Num\u00e9rique (PAN) &#8211; action 45"},"content":{"rendered":"\n<p>Soutenir via des appels \u00e0 projets les associations au sein de la RBC actives dans la promotion, le soutien et l\u2019aide num\u00e9rique aux jeunes. <\/p>\n\n<p>Que tous les Bruxellois puissent pouvoir utiliser et b\u00e9n\u00e9ficier du num\u00e9rique, en termes d&#8217;emploi, d&rsquo;\u00e9ducation, de pouvoir d&rsquo;achat, de lien social et d&rsquo;\u00e9mancipation ! La R\u00e9gion de Bruxelles-Capitale s&rsquo;engage \u00e0 relever ce d\u00e9fi d&rsquo;ici 2024 par le biais de son plan d&rsquo;accessibilit\u00e9 num\u00e9rique.<\/p>\n","protected":false},"excerpt":{"rendered":"<p>Soutenir via des appels \u00e0 projets les associations au sein de la RBC actives dans la promotion, le soutien et l\u2019aide num\u00e9rique aux jeunes. Que tous les Bruxellois puissent pouvoir utiliser et b\u00e9n\u00e9ficier du num\u00e9rique, en termes d&#8217;emploi, d&rsquo;\u00e9ducation, de pouvoir d&rsquo;achat, de lien social et d&rsquo;\u00e9mancipation ! La R\u00e9gion de Bruxelles-Capitale s&rsquo;engage \u00e0 relever [&hellip;]<\/p>\n","protected":false},"author":1,"featured_media":0,"comment_status":"open","ping_status":"closed","sticky":false,"template":"","format":"standard","meta":{"_acf_changed":false,"footnotes":""},"categories":[101],"tags":[118],"active":[146],"class_list":["post-6193","post","type-post","status-publish","format-standard","hentry","category-etudes","tag-initiative-fr","active-active-fr"],"acf":[],"yoast_head":"<!-- This site is optimized with the Yoast SEO plugin v27.5 - https:\/\/yoast.com\/product\/yoast-seo-wordpress\/ -->\n<title>Plan d&#039;Appropriation Num\u00e9rique (PAN) - action 45 - BeDigitalTogether - Be Digital Together<\/title>\n<meta name=\"robots\" content=\"index, follow, max-snippet:-1, max-image-preview:large, max-video-preview:-1\" \/>\n<link rel=\"canonical\" href=\"https:\/\/www.bedigitaltogether.be\/fr\/\" \/>\n<meta property=\"og:locale\" content=\"fr_FR\" \/>\n<meta property=\"og:type\" content=\"article\" \/>\n<meta property=\"og:title\" content=\"Plan d&#039;Appropriation Num\u00e9rique (PAN) - action 45 - BeDigitalTogether - Be Digital Together\" \/>\n<meta property=\"og:description\" content=\"Soutenir via des appels \u00e0 projets les associations au sein de la RBC actives dans la promotion, le soutien et l\u2019aide num\u00e9rique aux jeunes. Que tous les Bruxellois puissent pouvoir utiliser et b\u00e9n\u00e9ficier du num\u00e9rique, en termes d&#8217;emploi, d&rsquo;\u00e9ducation, de pouvoir d&rsquo;achat, de lien social et d&rsquo;\u00e9mancipation ! La R\u00e9gion de Bruxelles-Capitale s&rsquo;engage \u00e0 relever [&hellip;]\" \/>\n<meta property=\"og:url\" content=\"https:\/\/www.bedigitaltogether.be\/fr\/\" \/>\n<meta property=\"og:site_name\" content=\"BeDigitalTogether\" \/>\n<meta property=\"article:published_time\" content=\"2022-03-29T08:23:39+00:00\" \/>\n<meta property=\"article:modified_time\" content=\"2022-03-31T11:33:38+00:00\" \/>\n<meta name=\"author\" content=\"admin\" \/>\n<meta name=\"twitter:card\" content=\"summary_large_image\" \/>\n<meta name=\"twitter:label1\" content=\"\u00c9crit par\" \/>\n\t<meta name=\"twitter:data1\" content=\"admin\" \/>\n<script type=\"application\/ld+json\" class=\"yoast-schema-graph\">{\"@context\":\"https:\\\/\\\/schema.org\",\"@graph\":[{\"@type\":\"Article\",\"@id\":\"https:\\\/\\\/www.bedigitaltogether.be\\\/fr\\\/plan-dappropriation-numerique-pan-action-45\\\/#article\",\"isPartOf\":{\"@id\":\"https:\\\/\\\/www.bedigitaltogether.be\\\/fr\\\/plan-dappropriation-numerique-pan-action-45\\\/\"},\"author\":{\"name\":\"admin\",\"@id\":\"https:\\\/\\\/www.bedigitaltogether.be\\\/fr\\\/#\\\/schema\\\/person\\\/b56960572f725379f0873aa9fbd131c9\"},\"headline\":\"Plan d&rsquo;Appropriation Num\u00e9rique (PAN) &#8211; action 45\",\"datePublished\":\"2022-03-29T08:23:39+00:00\",\"dateModified\":\"2022-03-31T11:33:38+00:00\",\"mainEntityOfPage\":{\"@id\":\"https:\\\/\\\/www.bedigitaltogether.be\\\/fr\\\/plan-dappropriation-numerique-pan-action-45\\\/\"},\"wordCount\":86,\"commentCount\":0,\"keywords\":[\"Initiative\"],\"articleSection\":[\"\u00c9tudes\"],\"inLanguage\":\"fr-FR\",\"potentialAction\":[{\"@type\":\"CommentAction\",\"name\":\"Comment\",\"target\":[\"https:\\\/\\\/www.bedigitaltogether.be\\\/fr\\\/plan-dappropriation-numerique-pan-action-45\\\/#respond\"]}]},{\"@type\":\"WebPage\",\"@id\":\"https:\\\/\\\/www.bedigitaltogether.be\\\/fr\\\/plan-dappropriation-numerique-pan-action-45\\\/\",\"url\":\"https:\\\/\\\/www.bedigitaltogether.be\\\/fr\\\/plan-dappropriation-numerique-pan-action-45\\\/\",\"name\":\"Plan d'Appropriation Num\u00e9rique (PAN) - action 45 - BeDigitalTogether - Be Digital Together\",\"isPartOf\":{\"@id\":\"https:\\\/\\\/www.bedigitaltogether.be\\\/fr\\\/#website\"},\"datePublished\":\"2022-03-29T08:23:39+00:00\",\"dateModified\":\"2022-03-31T11:33:38+00:00\",\"author\":{\"@id\":\"https:\\\/\\\/www.bedigitaltogether.be\\\/fr\\\/#\\\/schema\\\/person\\\/b56960572f725379f0873aa9fbd131c9\"},\"breadcrumb\":{\"@id\":\"https:\\\/\\\/www.bedigitaltogether.be\\\/fr\\\/plan-dappropriation-numerique-pan-action-45\\\/#breadcrumb\"},\"inLanguage\":\"fr-FR\",\"potentialAction\":[{\"@type\":\"ReadAction\",\"target\":[\"https:\\\/\\\/www.bedigitaltogether.be\\\/fr\\\/plan-dappropriation-numerique-pan-action-45\\\/\"]}]},{\"@type\":\"BreadcrumbList\",\"@id\":\"https:\\\/\\\/www.bedigitaltogether.be\\\/fr\\\/plan-dappropriation-numerique-pan-action-45\\\/#breadcrumb\",\"itemListElement\":[{\"@type\":\"ListItem\",\"position\":1,\"name\":\"Accueil\",\"item\":\"https:\\\/\\\/www.bedigitaltogether.be\\\/fr\\\/\"},{\"@type\":\"ListItem\",\"position\":2,\"name\":\"\u00c9tudes\",\"item\":\"https:\\\/\\\/www.bedigitaltogether.be\\\/fr\\\/category\\\/etudes\\\/\"},{\"@type\":\"ListItem\",\"position\":3,\"name\":\"Plan d&#8217;Appropriation Num\u00e9rique (PAN) &#8211; action 45\"}]},{\"@type\":\"WebSite\",\"@id\":\"https:\\\/\\\/www.bedigitaltogether.be\\\/fr\\\/#website\",\"url\":\"https:\\\/\\\/www.bedigitaltogether.be\\\/fr\\\/\",\"name\":\"BeDigitalTogether\",\"description\":\"\",\"potentialAction\":[{\"@type\":\"SearchAction\",\"target\":{\"@type\":\"EntryPoint\",\"urlTemplate\":\"https:\\\/\\\/www.bedigitaltogether.be\\\/fr\\\/?s={search_term_string}\"},\"query-input\":{\"@type\":\"PropertyValueSpecification\",\"valueRequired\":true,\"valueName\":\"search_term_string\"}}],\"inLanguage\":\"fr-FR\"},{\"@type\":\"Person\",\"@id\":\"https:\\\/\\\/www.bedigitaltogether.be\\\/fr\\\/#\\\/schema\\\/person\\\/b56960572f725379f0873aa9fbd131c9\",\"name\":\"admin\",\"image\":{\"@type\":\"ImageObject\",\"inLanguage\":\"fr-FR\",\"@id\":\"https:\\\/\\\/secure.gravatar.com\\\/avatar\\\/c64dbd098148d05d0d68c4c59f1bc02d90e703757e02c60e5fa7878c6f6c4855?s=96&d=mm&r=g\",\"url\":\"https:\\\/\\\/secure.gravatar.com\\\/avatar\\\/c64dbd098148d05d0d68c4c59f1bc02d90e703757e02c60e5fa7878c6f6c4855?s=96&d=mm&r=g\",\"contentUrl\":\"https:\\\/\\\/secure.gravatar.com\\\/avatar\\\/c64dbd098148d05d0d68c4c59f1bc02d90e703757e02c60e5fa7878c6f6c4855?s=96&d=mm&r=g\",\"caption\":\"admin\"},\"sameAs\":[\"https:\\\/\\\/www.bedigitaltogether.be\"],\"url\":\"https:\\\/\\\/www.bedigitaltogether.be\\\/fr\\\/author\\\/lh_2l609ggp\\\/\"}]}<\/script>\n<!-- \/ Yoast SEO plugin. -->","yoast_head_json":{"title":"Plan d'Appropriation Num\u00e9rique (PAN) - action 45 - BeDigitalTogether - Be Digital Together","robots":{"index":"index","follow":"follow","max-snippet":"max-snippet:-1","max-image-preview":"max-image-preview:large","max-video-preview":"max-video-preview:-1"},"canonical":"https:\/\/www.bedigitaltogether.be\/fr\/","og_locale":"fr_FR","og_type":"article","og_title":"Plan d'Appropriation Num\u00e9rique (PAN) - action 45 - BeDigitalTogether - Be Digital Together","og_description":"Soutenir via des appels \u00e0 projets les associations au sein de la RBC actives dans la promotion, le soutien et l\u2019aide num\u00e9rique aux jeunes. Que tous les Bruxellois puissent pouvoir utiliser et b\u00e9n\u00e9ficier du num\u00e9rique, en termes d&#8217;emploi, d&rsquo;\u00e9ducation, de pouvoir d&rsquo;achat, de lien social et d&rsquo;\u00e9mancipation ! La R\u00e9gion de Bruxelles-Capitale s&rsquo;engage \u00e0 relever [&hellip;]","og_url":"https:\/\/www.bedigitaltogether.be\/fr\/","og_site_name":"BeDigitalTogether","article_published_time":"2022-03-29T08:23:39+00:00","article_modified_time":"2022-03-31T11:33:38+00:00","author":"admin","twitter_card":"summary_large_image","twitter_misc":{"\u00c9crit par":"admin"},"schema":{"@context":"https:\/\/schema.org","@graph":[{"@type":"Article","@id":"https:\/\/www.bedigitaltogether.be\/fr\/plan-dappropriation-numerique-pan-action-45\/#article","isPartOf":{"@id":"https:\/\/www.bedigitaltogether.be\/fr\/plan-dappropriation-numerique-pan-action-45\/"},"author":{"name":"admin","@id":"https:\/\/www.bedigitaltogether.be\/fr\/#\/schema\/person\/b56960572f725379f0873aa9fbd131c9"},"headline":"Plan d&rsquo;Appropriation Num\u00e9rique (PAN) &#8211; action 45","datePublished":"2022-03-29T08:23:39+00:00","dateModified":"2022-03-31T11:33:38+00:00","mainEntityOfPage":{"@id":"https:\/\/www.bedigitaltogether.be\/fr\/plan-dappropriation-numerique-pan-action-45\/"},"wordCount":86,"commentCount":0,"keywords":["Initiative"],"articleSection":["\u00c9tudes"],"inLanguage":"fr-FR","potentialAction":[{"@type":"CommentAction","name":"Comment","target":["https:\/\/www.bedigitaltogether.be\/fr\/plan-dappropriation-numerique-pan-action-45\/#respond"]}]},{"@type":"WebPage","@id":"https:\/\/www.bedigitaltogether.be\/fr\/plan-dappropriation-numerique-pan-action-45\/","url":"https:\/\/www.bedigitaltogether.be\/fr\/plan-dappropriation-numerique-pan-action-45\/","name":"Plan d'Appropriation Num\u00e9rique (PAN) - action 45 - BeDigitalTogether - Be Digital Together","isPartOf":{"@id":"https:\/\/www.bedigitaltogether.be\/fr\/#website"},"datePublished":"2022-03-29T08:23:39+00:00","dateModified":"2022-03-31T11:33:38+00:00","author":{"@id":"https:\/\/www.bedigitaltogether.be\/fr\/#\/schema\/person\/b56960572f725379f0873aa9fbd131c9"},"breadcrumb":{"@id":"https:\/\/www.bedigitaltogether.be\/fr\/plan-dappropriation-numerique-pan-action-45\/#breadcrumb"},"inLanguage":"fr-FR","potentialAction":[{"@type":"ReadAction","target":["https:\/\/www.bedigitaltogether.be\/fr\/plan-dappropriation-numerique-pan-action-45\/"]}]},{"@type":"BreadcrumbList","@id":"https:\/\/www.bedigitaltogether.be\/fr\/plan-dappropriation-numerique-pan-action-45\/#breadcrumb","itemListElement":[{"@type":"ListItem","position":1,"name":"Accueil","item":"https:\/\/www.bedigitaltogether.be\/fr\/"},{"@type":"ListItem","position":2,"name":"\u00c9tudes","item":"https:\/\/www.bedigitaltogether.be\/fr\/category\/etudes\/"},{"@type":"ListItem","position":3,"name":"Plan d&#8217;Appropriation Num\u00e9rique (PAN) &#8211; action 45"}]},{"@type":"WebSite","@id":"https:\/\/www.bedigitaltogether.be\/fr\/#website","url":"https:\/\/www.bedigitaltogether.be\/fr\/","name":"BeDigitalTogether","description":"","potentialAction":[{"@type":"SearchAction","target":{"@type":"EntryPoint","urlTemplate":"https:\/\/www.bedigitaltogether.be\/fr\/?s={search_term_string}"},"query-input":{"@type":"PropertyValueSpecification","valueRequired":true,"valueName":"search_term_string"}}],"inLanguage":"fr-FR"},{"@type":"Person","@id":"https:\/\/www.bedigitaltogether.be\/fr\/#\/schema\/person\/b56960572f725379f0873aa9fbd131c9","name":"admin","image":{"@type":"ImageObject","inLanguage":"fr-FR","@id":"https:\/\/secure.gravatar.com\/avatar\/c64dbd098148d05d0d68c4c59f1bc02d90e703757e02c60e5fa7878c6f6c4855?s=96&d=mm&r=g","url":"https:\/\/secure.gravatar.com\/avatar\/c64dbd098148d05d0d68c4c59f1bc02d90e703757e02c60e5fa7878c6f6c4855?s=96&d=mm&r=g","contentUrl":"https:\/\/secure.gravatar.com\/avatar\/c64dbd098148d05d0d68c4c59f1bc02d90e703757e02c60e5fa7878c6f6c4855?s=96&d=mm&r=g","caption":"admin"},"sameAs":["https:\/\/www.bedigitaltogether.be"],"url":"https:\/\/www.bedigitaltogether.be\/fr\/author\/lh_2l609ggp\/"}]}},"_links":{"self":[{"href":"https:\/\/www.bedigitaltogether.be\/fr\/wp-json\/wp\/v2\/posts\/6193","targetHints":{"allow":["GET"]}}],"collection":[{"href":"https:\/\/www.bedigitaltogether.be\/fr\/wp-json\/wp\/v2\/posts"}],"about":[{"href":"https:\/\/www.bedigitaltogether.be\/fr\/wp-json\/wp\/v2\/types\/post"}],"author":[{"embeddable":true,"href":"https:\/\/www.bedigitaltogether.be\/fr\/wp-json\/wp\/v2\/users\/1"}],"replies":[{"embeddable":true,"href":"https:\/\/www.bedigitaltogether.be\/fr\/wp-json\/wp\/v2\/comments?post=6193"}],"version-history":[{"count":1,"href":"https:\/\/www.bedigitaltogether.be\/fr\/wp-json\/wp\/v2\/posts\/6193\/revisions"}],"predecessor-version":[{"id":6194,"href":"https:\/\/www.bedigitaltogether.be\/fr\/wp-json\/wp\/v2\/posts\/6193\/revisions\/6194"}],"wp:attachment":[{"href":"https:\/\/www.bedigitaltogether.be\/fr\/wp-json\/wp\/v2\/media?parent=6193"}],"wp:term":[{"taxonomy":"category","embeddable":true,"href":"https:\/\/www.bedigitaltogether.be\/fr\/wp-json\/wp\/v2\/categories?post=6193"},{"taxonomy":"post_tag","embeddable":true,"href":"https:\/\/www.bedigitaltogether.be\/fr\/wp-json\/wp\/v2\/tags?post=6193"},{"taxonomy":"active","embeddable":true,"href":"https:\/\/www.bedigitaltogether.be\/fr\/wp-json\/wp\/v2\/active?post=6193"}],"curies":[{"name":"wp","href":"https:\/\/api.w.org\/{rel}","templated":true}]}}