{"id":6117,"date":"2022-03-28T13:50:12","date_gmt":"2022-03-28T13:50:12","guid":{"rendered":"https:\/\/godigitall.artwhere.co\/les-femmes-diplomees-en-informatique-cest-aussi-un-peu-pour-les-hommes\/"},"modified":"2022-04-05T09:27:16","modified_gmt":"2022-04-05T09:27:16","slug":"les-femmes-diplomees-en-informatique-cest-aussi-un-peu-pour-les-hommes","status":"publish","type":"post","link":"https:\/\/www.bedigitaltogether.be\/fr\/les-femmes-diplomees-en-informatique-cest-aussi-un-peu-pour-les-hommes\/","title":{"rendered":"Post-graduat \u00ab\u00a0Women in IT\u00a0\u00bb c&rsquo;est aussi un peu pour les hommes"},"content":{"rendered":"\n<p>Nos membres ont un grand besoin de constructeurs de ponts, de personnes qui disposent de connaissances de base en IT et sont dou\u00e9es pour le num\u00e9rique, mais qui sont aussi capables de faire le lien avec l\u2019aspect commercial.  Notre but est d\u2019attirer dans notre secteur des personnes qui ont \u00e9tudi\u00e9 la psychologie, le droit, les langues, l\u2019histoire (donc des orientations non STEM) par le biais du post-graduat.<\/p>\n\n<p>Dans le m\u00eame temps, il y a \u00e9galement un besoin criant en collaboratrices, et notre but est d\u2019avoir au moins 50 % d&rsquo;\u00e9tudiants de sexe f\u00e9minin. La VUB et l\u2019ULB s\u2019associent et lancent, \u00e0 partir de l\u2019ann\u00e9e acad\u00e9mique 2022-2023, un post-graduat intitul\u00e9 \u00ab Women in IT \u00bb. L&rsquo;initiative vise, d&rsquo;une part, \u00e0 attirer davantage de femmes dans les fili\u00e8res des technologies de l&rsquo;information (IT) et, d&rsquo;autre part, \u00e0 combler les nombreux emplois vacants dans ce secteur.<\/p>\n\n<p>La formation, ouverte \u00e0 20 \u00e9tudiants, dont la moiti\u00e9 devra \u00eatre des femmes, s&rsquo;\u00e9tendra sur un an.  Elle est donn\u00e9e en anglais et est une initiative commune entre les deux universit\u00e9s bruxelloises VUB et ULB, avec le soutien explicite de Febelfin, Agoria et de la FEB.<\/p>\n","protected":false},"excerpt":{"rendered":"<p>Nos membres ont un grand besoin de constructeurs de ponts, de personnes qui disposent de connaissances de base en IT et sont dou\u00e9es pour le num\u00e9rique, mais qui sont aussi capables de faire le lien avec l\u2019aspect commercial. Notre but est d\u2019attirer dans notre secteur des personnes qui ont \u00e9tudi\u00e9 la psychologie, le droit, les [&hellip;]<\/p>\n","protected":false},"author":1,"featured_media":0,"comment_status":"open","ping_status":"closed","sticky":false,"template":"","format":"standard","meta":{"_acf_changed":false,"footnotes":""},"categories":[101],"tags":[112],"active":[146],"class_list":["post-6117","post","type-post","status-publish","format-standard","hentry","category-etudes","tag-formation","active-active-fr"],"acf":[],"yoast_head":"<!-- This site is optimized with the Yoast SEO plugin v27.5 - https:\/\/yoast.com\/product\/yoast-seo-wordpress\/ -->\n<title>Post-graduat &quot;Women in IT&quot; c&#039;est aussi un peu pour les hommes - BeDigitalTogether - Be Digital Together<\/title>\n<meta name=\"robots\" content=\"index, follow, max-snippet:-1, max-image-preview:large, max-video-preview:-1\" \/>\n<link rel=\"canonical\" href=\"https:\/\/www.bedigitaltogether.be\/fr\/\" \/>\n<meta property=\"og:locale\" content=\"fr_FR\" \/>\n<meta property=\"og:type\" content=\"article\" \/>\n<meta property=\"og:title\" content=\"Post-graduat &quot;Women in IT&quot; c&#039;est aussi un peu pour les hommes - BeDigitalTogether - Be Digital Together\" \/>\n<meta property=\"og:description\" content=\"Nos membres ont un grand besoin de constructeurs de ponts, de personnes qui disposent de connaissances de base en IT et sont dou\u00e9es pour le num\u00e9rique, mais qui sont aussi capables de faire le lien avec l\u2019aspect commercial. Notre but est d\u2019attirer dans notre secteur des personnes qui ont \u00e9tudi\u00e9 la psychologie, le droit, les [&hellip;]\" \/>\n<meta property=\"og:url\" content=\"https:\/\/www.bedigitaltogether.be\/fr\/\" \/>\n<meta property=\"og:site_name\" content=\"BeDigitalTogether\" \/>\n<meta property=\"article:published_time\" content=\"2022-03-28T13:50:12+00:00\" \/>\n<meta property=\"article:modified_time\" content=\"2022-04-05T09:27:16+00:00\" \/>\n<meta name=\"author\" content=\"admin\" \/>\n<meta name=\"twitter:card\" content=\"summary_large_image\" \/>\n<meta name=\"twitter:label1\" content=\"\u00c9crit par\" \/>\n\t<meta name=\"twitter:data1\" content=\"admin\" \/>\n\t<meta name=\"twitter:label2\" content=\"Dur\u00e9e de lecture estim\u00e9e\" \/>\n\t<meta name=\"twitter:data2\" content=\"1 minute\" \/>\n<script type=\"application\/ld+json\" class=\"yoast-schema-graph\">{\"@context\":\"https:\\\/\\\/schema.org\",\"@graph\":[{\"@type\":\"Article\",\"@id\":\"https:\\\/\\\/www.bedigitaltogether.be\\\/fr\\\/les-femmes-diplomees-en-informatique-cest-aussi-un-peu-pour-les-hommes\\\/#article\",\"isPartOf\":{\"@id\":\"https:\\\/\\\/www.bedigitaltogether.be\\\/fr\\\/les-femmes-diplomees-en-informatique-cest-aussi-un-peu-pour-les-hommes\\\/\"},\"author\":{\"name\":\"admin\",\"@id\":\"https:\\\/\\\/www.bedigitaltogether.be\\\/fr\\\/#\\\/schema\\\/person\\\/b56960572f725379f0873aa9fbd131c9\"},\"headline\":\"Post-graduat \u00ab\u00a0Women in IT\u00a0\u00bb c&rsquo;est aussi un peu pour les hommes\",\"datePublished\":\"2022-03-28T13:50:12+00:00\",\"dateModified\":\"2022-04-05T09:27:16+00:00\",\"mainEntityOfPage\":{\"@id\":\"https:\\\/\\\/www.bedigitaltogether.be\\\/fr\\\/les-femmes-diplomees-en-informatique-cest-aussi-un-peu-pour-les-hommes\\\/\"},\"wordCount\":214,\"commentCount\":0,\"keywords\":[\"Formation\"],\"articleSection\":[\"\u00c9tudes\"],\"inLanguage\":\"fr-FR\",\"potentialAction\":[{\"@type\":\"CommentAction\",\"name\":\"Comment\",\"target\":[\"https:\\\/\\\/www.bedigitaltogether.be\\\/fr\\\/les-femmes-diplomees-en-informatique-cest-aussi-un-peu-pour-les-hommes\\\/#respond\"]}]},{\"@type\":\"WebPage\",\"@id\":\"https:\\\/\\\/www.bedigitaltogether.be\\\/fr\\\/les-femmes-diplomees-en-informatique-cest-aussi-un-peu-pour-les-hommes\\\/\",\"url\":\"https:\\\/\\\/www.bedigitaltogether.be\\\/fr\\\/les-femmes-diplomees-en-informatique-cest-aussi-un-peu-pour-les-hommes\\\/\",\"name\":\"Post-graduat \\\"Women in IT\\\" c'est aussi un peu pour les hommes - BeDigitalTogether - Be Digital Together\",\"isPartOf\":{\"@id\":\"https:\\\/\\\/www.bedigitaltogether.be\\\/fr\\\/#website\"},\"datePublished\":\"2022-03-28T13:50:12+00:00\",\"dateModified\":\"2022-04-05T09:27:16+00:00\",\"author\":{\"@id\":\"https:\\\/\\\/www.bedigitaltogether.be\\\/fr\\\/#\\\/schema\\\/person\\\/b56960572f725379f0873aa9fbd131c9\"},\"breadcrumb\":{\"@id\":\"https:\\\/\\\/www.bedigitaltogether.be\\\/fr\\\/les-femmes-diplomees-en-informatique-cest-aussi-un-peu-pour-les-hommes\\\/#breadcrumb\"},\"inLanguage\":\"fr-FR\",\"potentialAction\":[{\"@type\":\"ReadAction\",\"target\":[\"https:\\\/\\\/www.bedigitaltogether.be\\\/fr\\\/les-femmes-diplomees-en-informatique-cest-aussi-un-peu-pour-les-hommes\\\/\"]}]},{\"@type\":\"BreadcrumbList\",\"@id\":\"https:\\\/\\\/www.bedigitaltogether.be\\\/fr\\\/les-femmes-diplomees-en-informatique-cest-aussi-un-peu-pour-les-hommes\\\/#breadcrumb\",\"itemListElement\":[{\"@type\":\"ListItem\",\"position\":1,\"name\":\"Accueil\",\"item\":\"https:\\\/\\\/www.bedigitaltogether.be\\\/fr\\\/\"},{\"@type\":\"ListItem\",\"position\":2,\"name\":\"\u00c9tudes\",\"item\":\"https:\\\/\\\/www.bedigitaltogether.be\\\/fr\\\/category\\\/etudes\\\/\"},{\"@type\":\"ListItem\",\"position\":3,\"name\":\"Post-graduat \u00ab\u00a0Women in IT\u00a0\u00bb c&rsquo;est aussi un peu pour les hommes\"}]},{\"@type\":\"WebSite\",\"@id\":\"https:\\\/\\\/www.bedigitaltogether.be\\\/fr\\\/#website\",\"url\":\"https:\\\/\\\/www.bedigitaltogether.be\\\/fr\\\/\",\"name\":\"BeDigitalTogether\",\"description\":\"\",\"potentialAction\":[{\"@type\":\"SearchAction\",\"target\":{\"@type\":\"EntryPoint\",\"urlTemplate\":\"https:\\\/\\\/www.bedigitaltogether.be\\\/fr\\\/?s={search_term_string}\"},\"query-input\":{\"@type\":\"PropertyValueSpecification\",\"valueRequired\":true,\"valueName\":\"search_term_string\"}}],\"inLanguage\":\"fr-FR\"},{\"@type\":\"Person\",\"@id\":\"https:\\\/\\\/www.bedigitaltogether.be\\\/fr\\\/#\\\/schema\\\/person\\\/b56960572f725379f0873aa9fbd131c9\",\"name\":\"admin\",\"image\":{\"@type\":\"ImageObject\",\"inLanguage\":\"fr-FR\",\"@id\":\"https:\\\/\\\/secure.gravatar.com\\\/avatar\\\/c64dbd098148d05d0d68c4c59f1bc02d90e703757e02c60e5fa7878c6f6c4855?s=96&d=mm&r=g\",\"url\":\"https:\\\/\\\/secure.gravatar.com\\\/avatar\\\/c64dbd098148d05d0d68c4c59f1bc02d90e703757e02c60e5fa7878c6f6c4855?s=96&d=mm&r=g\",\"contentUrl\":\"https:\\\/\\\/secure.gravatar.com\\\/avatar\\\/c64dbd098148d05d0d68c4c59f1bc02d90e703757e02c60e5fa7878c6f6c4855?s=96&d=mm&r=g\",\"caption\":\"admin\"},\"sameAs\":[\"https:\\\/\\\/www.bedigitaltogether.be\"],\"url\":\"https:\\\/\\\/www.bedigitaltogether.be\\\/fr\\\/author\\\/lh_2l609ggp\\\/\"}]}<\/script>\n<!-- \/ Yoast SEO plugin. -->","yoast_head_json":{"title":"Post-graduat \"Women in IT\" c'est aussi un peu pour les hommes - BeDigitalTogether - Be Digital Together","robots":{"index":"index","follow":"follow","max-snippet":"max-snippet:-1","max-image-preview":"max-image-preview:large","max-video-preview":"max-video-preview:-1"},"canonical":"https:\/\/www.bedigitaltogether.be\/fr\/","og_locale":"fr_FR","og_type":"article","og_title":"Post-graduat \"Women in IT\" c'est aussi un peu pour les hommes - BeDigitalTogether - Be Digital Together","og_description":"Nos membres ont un grand besoin de constructeurs de ponts, de personnes qui disposent de connaissances de base en IT et sont dou\u00e9es pour le num\u00e9rique, mais qui sont aussi capables de faire le lien avec l\u2019aspect commercial. Notre but est d\u2019attirer dans notre secteur des personnes qui ont \u00e9tudi\u00e9 la psychologie, le droit, les [&hellip;]","og_url":"https:\/\/www.bedigitaltogether.be\/fr\/","og_site_name":"BeDigitalTogether","article_published_time":"2022-03-28T13:50:12+00:00","article_modified_time":"2022-04-05T09:27:16+00:00","author":"admin","twitter_card":"summary_large_image","twitter_misc":{"\u00c9crit par":"admin","Dur\u00e9e de lecture estim\u00e9e":"1 minute"},"schema":{"@context":"https:\/\/schema.org","@graph":[{"@type":"Article","@id":"https:\/\/www.bedigitaltogether.be\/fr\/les-femmes-diplomees-en-informatique-cest-aussi-un-peu-pour-les-hommes\/#article","isPartOf":{"@id":"https:\/\/www.bedigitaltogether.be\/fr\/les-femmes-diplomees-en-informatique-cest-aussi-un-peu-pour-les-hommes\/"},"author":{"name":"admin","@id":"https:\/\/www.bedigitaltogether.be\/fr\/#\/schema\/person\/b56960572f725379f0873aa9fbd131c9"},"headline":"Post-graduat \u00ab\u00a0Women in IT\u00a0\u00bb c&rsquo;est aussi un peu pour les hommes","datePublished":"2022-03-28T13:50:12+00:00","dateModified":"2022-04-05T09:27:16+00:00","mainEntityOfPage":{"@id":"https:\/\/www.bedigitaltogether.be\/fr\/les-femmes-diplomees-en-informatique-cest-aussi-un-peu-pour-les-hommes\/"},"wordCount":214,"commentCount":0,"keywords":["Formation"],"articleSection":["\u00c9tudes"],"inLanguage":"fr-FR","potentialAction":[{"@type":"CommentAction","name":"Comment","target":["https:\/\/www.bedigitaltogether.be\/fr\/les-femmes-diplomees-en-informatique-cest-aussi-un-peu-pour-les-hommes\/#respond"]}]},{"@type":"WebPage","@id":"https:\/\/www.bedigitaltogether.be\/fr\/les-femmes-diplomees-en-informatique-cest-aussi-un-peu-pour-les-hommes\/","url":"https:\/\/www.bedigitaltogether.be\/fr\/les-femmes-diplomees-en-informatique-cest-aussi-un-peu-pour-les-hommes\/","name":"Post-graduat \"Women in IT\" c'est aussi un peu pour les hommes - BeDigitalTogether - Be Digital Together","isPartOf":{"@id":"https:\/\/www.bedigitaltogether.be\/fr\/#website"},"datePublished":"2022-03-28T13:50:12+00:00","dateModified":"2022-04-05T09:27:16+00:00","author":{"@id":"https:\/\/www.bedigitaltogether.be\/fr\/#\/schema\/person\/b56960572f725379f0873aa9fbd131c9"},"breadcrumb":{"@id":"https:\/\/www.bedigitaltogether.be\/fr\/les-femmes-diplomees-en-informatique-cest-aussi-un-peu-pour-les-hommes\/#breadcrumb"},"inLanguage":"fr-FR","potentialAction":[{"@type":"ReadAction","target":["https:\/\/www.bedigitaltogether.be\/fr\/les-femmes-diplomees-en-informatique-cest-aussi-un-peu-pour-les-hommes\/"]}]},{"@type":"BreadcrumbList","@id":"https:\/\/www.bedigitaltogether.be\/fr\/les-femmes-diplomees-en-informatique-cest-aussi-un-peu-pour-les-hommes\/#breadcrumb","itemListElement":[{"@type":"ListItem","position":1,"name":"Accueil","item":"https:\/\/www.bedigitaltogether.be\/fr\/"},{"@type":"ListItem","position":2,"name":"\u00c9tudes","item":"https:\/\/www.bedigitaltogether.be\/fr\/category\/etudes\/"},{"@type":"ListItem","position":3,"name":"Post-graduat \u00ab\u00a0Women in IT\u00a0\u00bb c&rsquo;est aussi un peu pour les hommes"}]},{"@type":"WebSite","@id":"https:\/\/www.bedigitaltogether.be\/fr\/#website","url":"https:\/\/www.bedigitaltogether.be\/fr\/","name":"BeDigitalTogether","description":"","potentialAction":[{"@type":"SearchAction","target":{"@type":"EntryPoint","urlTemplate":"https:\/\/www.bedigitaltogether.be\/fr\/?s={search_term_string}"},"query-input":{"@type":"PropertyValueSpecification","valueRequired":true,"valueName":"search_term_string"}}],"inLanguage":"fr-FR"},{"@type":"Person","@id":"https:\/\/www.bedigitaltogether.be\/fr\/#\/schema\/person\/b56960572f725379f0873aa9fbd131c9","name":"admin","image":{"@type":"ImageObject","inLanguage":"fr-FR","@id":"https:\/\/secure.gravatar.com\/avatar\/c64dbd098148d05d0d68c4c59f1bc02d90e703757e02c60e5fa7878c6f6c4855?s=96&d=mm&r=g","url":"https:\/\/secure.gravatar.com\/avatar\/c64dbd098148d05d0d68c4c59f1bc02d90e703757e02c60e5fa7878c6f6c4855?s=96&d=mm&r=g","contentUrl":"https:\/\/secure.gravatar.com\/avatar\/c64dbd098148d05d0d68c4c59f1bc02d90e703757e02c60e5fa7878c6f6c4855?s=96&d=mm&r=g","caption":"admin"},"sameAs":["https:\/\/www.bedigitaltogether.be"],"url":"https:\/\/www.bedigitaltogether.be\/fr\/author\/lh_2l609ggp\/"}]}},"_links":{"self":[{"href":"https:\/\/www.bedigitaltogether.be\/fr\/wp-json\/wp\/v2\/posts\/6117","targetHints":{"allow":["GET"]}}],"collection":[{"href":"https:\/\/www.bedigitaltogether.be\/fr\/wp-json\/wp\/v2\/posts"}],"about":[{"href":"https:\/\/www.bedigitaltogether.be\/fr\/wp-json\/wp\/v2\/types\/post"}],"author":[{"embeddable":true,"href":"https:\/\/www.bedigitaltogether.be\/fr\/wp-json\/wp\/v2\/users\/1"}],"replies":[{"embeddable":true,"href":"https:\/\/www.bedigitaltogether.be\/fr\/wp-json\/wp\/v2\/comments?post=6117"}],"version-history":[{"count":2,"href":"https:\/\/www.bedigitaltogether.be\/fr\/wp-json\/wp\/v2\/posts\/6117\/revisions"}],"predecessor-version":[{"id":7609,"href":"https:\/\/www.bedigitaltogether.be\/fr\/wp-json\/wp\/v2\/posts\/6117\/revisions\/7609"}],"wp:attachment":[{"href":"https:\/\/www.bedigitaltogether.be\/fr\/wp-json\/wp\/v2\/media?parent=6117"}],"wp:term":[{"taxonomy":"category","embeddable":true,"href":"https:\/\/www.bedigitaltogether.be\/fr\/wp-json\/wp\/v2\/categories?post=6117"},{"taxonomy":"post_tag","embeddable":true,"href":"https:\/\/www.bedigitaltogether.be\/fr\/wp-json\/wp\/v2\/tags?post=6117"},{"taxonomy":"active","embeddable":true,"href":"https:\/\/www.bedigitaltogether.be\/fr\/wp-json\/wp\/v2\/active?post=6117"}],"curies":[{"name":"wp","href":"https:\/\/api.w.org\/{rel}","templated":true}]}}