{"id":11099,"date":"2026-04-27T13:13:01","date_gmt":"2026-04-27T13:13:01","guid":{"rendered":"https:\/\/www.bedigitaltogether.be\/?p=11099"},"modified":"2026-04-27T13:15:27","modified_gmt":"2026-04-27T13:15:27","slug":"invitation-forum-evening-the-power-of-female-leadership-reality-or-fiction","status":"publish","type":"post","link":"https:\/\/www.bedigitaltogether.be\/fr\/invitation-forum-evening-the-power-of-female-leadership-reality-or-fiction\/","title":{"rendered":"Invitation | Forum Evening \u2013 The Power of Fe(male) Leadership: Reality or Fiction?"},"content":{"rendered":"\t\t<div data-elementor-type=\"wp-post\" data-elementor-id=\"11099\" class=\"elementor elementor-11099\" data-elementor-post-type=\"post\">\n\t\t\t\t\t\t<section class=\"elementor-section elementor-top-section elementor-element elementor-element-cee7ecc elementor-section-boxed elementor-section-height-default elementor-section-height-default\" data-id=\"cee7ecc\" data-element_type=\"section\">\n\t\t\t\t\t\t<div class=\"elementor-container elementor-column-gap-default\">\n\t\t\t\t\t<div class=\"elementor-column elementor-col-100 elementor-top-column elementor-element elementor-element-c6f6e91\" data-id=\"c6f6e91\" data-element_type=\"column\">\n\t\t\t<div class=\"elementor-widget-wrap elementor-element-populated\">\n\t\t\t\t\t\t<div class=\"elementor-element elementor-element-e0b3749 elementor-widget elementor-widget-text-editor\" data-id=\"e0b3749\" data-element_type=\"widget\" data-widget_type=\"text-editor.default\">\n\t\t\t\t<div class=\"elementor-widget-container\">\n\t\t\t\t\t\t\t\t\t<p style=\"font-weight: 400;\"><em>Forum Evening <\/em><strong>\u00ab The Power of Fe(male) Leadership: Reality or Fiction? \u00bb<\/strong>, une soir\u00e9e d\u2019\u00e9change et de r\u00e9flexion autour du leadership, du genre et des enjeux contemporains.<\/p><p style=\"font-weight: 400;\">Cet \u00e9v\u00e9nement est organis\u00e9 par la KU Leuven dans le cadre du programme WEMIND (Women Engineer Mentoring for Inclusion, Networking and Development), avec le soutien du SPF \u00c9conomie.<\/p><p>\u00a0<\/p><p style=\"font-weight: 400;\"><strong>L&rsquo;\u00e9v\u00e9nement se d\u00e9roulera en anglais.<\/strong><\/p><p style=\"font-weight: 400;\">\u00a0<\/p><p style=\"font-weight: 400;\"><strong>Date :<\/strong> mardi 5 mai 2026 \u00e0 19 h<\/p><p style=\"font-weight: 400;\"><strong>Lieu :<\/strong> Auditorium et atrium de la KU Leuven &#8211; Campus Group T de Louvain, Andreas Vesaliusstraat 13, 3000 Louvain<\/p><p style=\"font-weight: 400;\"><strong>Plus d\u2019informations &amp; inscription :<\/strong><\/p><p style=\"font-weight: 400;\"><a href=\"https:\/\/iiw.kuleuven.be\/nieuws-en-agenda\/kalender\/forum-evening-the-power-of-fe-male-leadership-reality-or-fiction\">https:\/\/iiw.kuleuven.be\/nieuws-en-agenda\/kalender\/forum-evening-the-power-of-fe-male-leadership-reality-or-fiction<\/a><\/p>\t\t\t\t\t\t\t\t<\/div>\n\t\t\t\t<\/div>\n\t\t\t\t\t<\/div>\n\t\t<\/div>\n\t\t\t\t\t<\/div>\n\t\t<\/section>\n\t\t\t\t<\/div>\n\t\t","protected":false},"excerpt":{"rendered":"<p>Forum Evening \u00ab The Power of Fe(male) Leadership: Reality or Fiction? \u00bb, une soir\u00e9e d\u2019\u00e9change et de r\u00e9flexion autour du leadership, du genre et des enjeux contemporains. Cet \u00e9v\u00e9nement est organis\u00e9 par la KU Leuven dans le cadre du programme WEMIND (Women Engineer Mentoring for Inclusion, Networking and Development), avec le soutien du SPF \u00c9conomie. [&hellip;]<\/p>\n","protected":false},"author":3,"featured_media":11100,"comment_status":"closed","ping_status":"closed","sticky":false,"template":"","format":"standard","meta":{"_acf_changed":false,"footnotes":""},"categories":[141,98],"tags":[],"active":[144],"class_list":["post-11099","post","type-post","status-publish","format-standard","has-post-thumbnail","hentry","category-blog-fr","category-monde-du-travail","active-active"],"acf":[],"yoast_head":"<!-- This site is optimized with the Yoast SEO plugin v27.5 - https:\/\/yoast.com\/product\/yoast-seo-wordpress\/ -->\n<title>Invitation | Forum Evening \u2013 The Power of Fe(male) Leadership: Reality or Fiction? - BeDigitalTogether - Be Digital Together<\/title>\n<meta name=\"robots\" content=\"index, follow, max-snippet:-1, max-image-preview:large, max-video-preview:-1\" \/>\n<link rel=\"canonical\" href=\"https:\/\/www.bedigitaltogether.be\/fr\/\" \/>\n<meta property=\"og:locale\" content=\"fr_FR\" \/>\n<meta property=\"og:type\" content=\"article\" \/>\n<meta property=\"og:title\" content=\"Invitation | Forum Evening \u2013 The Power of Fe(male) Leadership: Reality or Fiction? - BeDigitalTogether - Be Digital Together\" \/>\n<meta property=\"og:description\" content=\"Forum Evening \u00ab The Power of Fe(male) Leadership: Reality or Fiction? \u00bb, une soir\u00e9e d\u2019\u00e9change et de r\u00e9flexion autour du leadership, du genre et des enjeux contemporains. Cet \u00e9v\u00e9nement est organis\u00e9 par la KU Leuven dans le cadre du programme WEMIND (Women Engineer Mentoring for Inclusion, Networking and Development), avec le soutien du SPF \u00c9conomie. [&hellip;]\" \/>\n<meta property=\"og:url\" content=\"https:\/\/www.bedigitaltogether.be\/fr\/\" \/>\n<meta property=\"og:site_name\" content=\"BeDigitalTogether\" \/>\n<meta property=\"article:published_time\" content=\"2026-04-27T13:13:01+00:00\" \/>\n<meta property=\"article:modified_time\" content=\"2026-04-27T13:15:27+00:00\" \/>\n<meta property=\"og:image\" content=\"https:\/\/www.bedigitaltogether.be\/wp-content\/uploads\/2026\/04\/echecs.png\" \/>\n\t<meta property=\"og:image:width\" content=\"550\" \/>\n\t<meta property=\"og:image:height\" content=\"368\" \/>\n\t<meta property=\"og:image:type\" content=\"image\/png\" \/>\n<meta name=\"author\" content=\"Pierre\" \/>\n<meta name=\"twitter:card\" content=\"summary_large_image\" \/>\n<meta name=\"twitter:label1\" content=\"\u00c9crit par\" \/>\n\t<meta name=\"twitter:data1\" content=\"Pierre\" \/>\n\t<meta name=\"twitter:label2\" content=\"Dur\u00e9e de lecture estim\u00e9e\" \/>\n\t<meta name=\"twitter:data2\" content=\"1 minute\" \/>\n<script type=\"application\/ld+json\" class=\"yoast-schema-graph\">{\"@context\":\"https:\\\/\\\/schema.org\",\"@graph\":[{\"@type\":\"Article\",\"@id\":\"https:\\\/\\\/www.bedigitaltogether.be\\\/fr\\\/invitation-forum-evening-the-power-of-female-leadership-reality-or-fiction\\\/#article\",\"isPartOf\":{\"@id\":\"https:\\\/\\\/www.bedigitaltogether.be\\\/fr\\\/invitation-forum-evening-the-power-of-female-leadership-reality-or-fiction\\\/\"},\"author\":{\"name\":\"Pierre\",\"@id\":\"https:\\\/\\\/www.bedigitaltogether.be\\\/fr\\\/#\\\/schema\\\/person\\\/c3722c9f6ae2f22bc468e0468cc276d4\"},\"headline\":\"Invitation | Forum Evening \u2013 The Power of Fe(male) Leadership: Reality or Fiction?\",\"datePublished\":\"2026-04-27T13:13:01+00:00\",\"dateModified\":\"2026-04-27T13:15:27+00:00\",\"mainEntityOfPage\":{\"@id\":\"https:\\\/\\\/www.bedigitaltogether.be\\\/fr\\\/invitation-forum-evening-the-power-of-female-leadership-reality-or-fiction\\\/\"},\"wordCount\":111,\"image\":{\"@id\":\"https:\\\/\\\/www.bedigitaltogether.be\\\/fr\\\/invitation-forum-evening-the-power-of-female-leadership-reality-or-fiction\\\/#primaryimage\"},\"thumbnailUrl\":\"https:\\\/\\\/www.bedigitaltogether.be\\\/wp-content\\\/uploads\\\/2026\\\/04\\\/echecs.png\",\"articleSection\":[\"Actualit\u00e9\",\"Monde du travail\"],\"inLanguage\":\"fr-FR\"},{\"@type\":\"WebPage\",\"@id\":\"https:\\\/\\\/www.bedigitaltogether.be\\\/fr\\\/invitation-forum-evening-the-power-of-female-leadership-reality-or-fiction\\\/\",\"url\":\"https:\\\/\\\/www.bedigitaltogether.be\\\/fr\\\/invitation-forum-evening-the-power-of-female-leadership-reality-or-fiction\\\/\",\"name\":\"Invitation | Forum Evening \u2013 The Power of Fe(male) Leadership: Reality or Fiction? - BeDigitalTogether - Be Digital Together\",\"isPartOf\":{\"@id\":\"https:\\\/\\\/www.bedigitaltogether.be\\\/fr\\\/#website\"},\"primaryImageOfPage\":{\"@id\":\"https:\\\/\\\/www.bedigitaltogether.be\\\/fr\\\/invitation-forum-evening-the-power-of-female-leadership-reality-or-fiction\\\/#primaryimage\"},\"image\":{\"@id\":\"https:\\\/\\\/www.bedigitaltogether.be\\\/fr\\\/invitation-forum-evening-the-power-of-female-leadership-reality-or-fiction\\\/#primaryimage\"},\"thumbnailUrl\":\"https:\\\/\\\/www.bedigitaltogether.be\\\/wp-content\\\/uploads\\\/2026\\\/04\\\/echecs.png\",\"datePublished\":\"2026-04-27T13:13:01+00:00\",\"dateModified\":\"2026-04-27T13:15:27+00:00\",\"author\":{\"@id\":\"https:\\\/\\\/www.bedigitaltogether.be\\\/fr\\\/#\\\/schema\\\/person\\\/c3722c9f6ae2f22bc468e0468cc276d4\"},\"breadcrumb\":{\"@id\":\"https:\\\/\\\/www.bedigitaltogether.be\\\/fr\\\/invitation-forum-evening-the-power-of-female-leadership-reality-or-fiction\\\/#breadcrumb\"},\"inLanguage\":\"fr-FR\",\"potentialAction\":[{\"@type\":\"ReadAction\",\"target\":[\"https:\\\/\\\/www.bedigitaltogether.be\\\/fr\\\/invitation-forum-evening-the-power-of-female-leadership-reality-or-fiction\\\/\"]}]},{\"@type\":\"ImageObject\",\"inLanguage\":\"fr-FR\",\"@id\":\"https:\\\/\\\/www.bedigitaltogether.be\\\/fr\\\/invitation-forum-evening-the-power-of-female-leadership-reality-or-fiction\\\/#primaryimage\",\"url\":\"https:\\\/\\\/www.bedigitaltogether.be\\\/wp-content\\\/uploads\\\/2026\\\/04\\\/echecs.png\",\"contentUrl\":\"https:\\\/\\\/www.bedigitaltogether.be\\\/wp-content\\\/uploads\\\/2026\\\/04\\\/echecs.png\",\"width\":550,\"height\":368},{\"@type\":\"BreadcrumbList\",\"@id\":\"https:\\\/\\\/www.bedigitaltogether.be\\\/fr\\\/invitation-forum-evening-the-power-of-female-leadership-reality-or-fiction\\\/#breadcrumb\",\"itemListElement\":[{\"@type\":\"ListItem\",\"position\":1,\"name\":\"Accueil\",\"item\":\"https:\\\/\\\/www.bedigitaltogether.be\\\/fr\\\/\"},{\"@type\":\"ListItem\",\"position\":2,\"name\":\"Actualit\u00e9\",\"item\":\"https:\\\/\\\/www.bedigitaltogether.be\\\/fr\\\/category\\\/blog-fr\\\/\"},{\"@type\":\"ListItem\",\"position\":3,\"name\":\"Invitation | Forum Evening \u2013 The Power of Fe(male) Leadership: Reality or Fiction?\"}]},{\"@type\":\"WebSite\",\"@id\":\"https:\\\/\\\/www.bedigitaltogether.be\\\/fr\\\/#website\",\"url\":\"https:\\\/\\\/www.bedigitaltogether.be\\\/fr\\\/\",\"name\":\"BeDigitalTogether\",\"description\":\"\",\"potentialAction\":[{\"@type\":\"SearchAction\",\"target\":{\"@type\":\"EntryPoint\",\"urlTemplate\":\"https:\\\/\\\/www.bedigitaltogether.be\\\/fr\\\/?s={search_term_string}\"},\"query-input\":{\"@type\":\"PropertyValueSpecification\",\"valueRequired\":true,\"valueName\":\"search_term_string\"}}],\"inLanguage\":\"fr-FR\"},{\"@type\":\"Person\",\"@id\":\"https:\\\/\\\/www.bedigitaltogether.be\\\/fr\\\/#\\\/schema\\\/person\\\/c3722c9f6ae2f22bc468e0468cc276d4\",\"name\":\"Pierre\",\"image\":{\"@type\":\"ImageObject\",\"inLanguage\":\"fr-FR\",\"@id\":\"https:\\\/\\\/secure.gravatar.com\\\/avatar\\\/0014f2ba89c362b3698258bdca87ea80bf638afe793c6a820bef9cb601ca2a41?s=96&d=mm&r=g\",\"url\":\"https:\\\/\\\/secure.gravatar.com\\\/avatar\\\/0014f2ba89c362b3698258bdca87ea80bf638afe793c6a820bef9cb601ca2a41?s=96&d=mm&r=g\",\"contentUrl\":\"https:\\\/\\\/secure.gravatar.com\\\/avatar\\\/0014f2ba89c362b3698258bdca87ea80bf638afe793c6a820bef9cb601ca2a41?s=96&d=mm&r=g\",\"caption\":\"Pierre\"},\"url\":\"https:\\\/\\\/www.bedigitaltogether.be\\\/fr\\\/author\\\/pierre\\\/\"}]}<\/script>\n<!-- \/ Yoast SEO plugin. -->","yoast_head_json":{"title":"Invitation | Forum Evening \u2013 The Power of Fe(male) Leadership: Reality or Fiction? - BeDigitalTogether - Be Digital Together","robots":{"index":"index","follow":"follow","max-snippet":"max-snippet:-1","max-image-preview":"max-image-preview:large","max-video-preview":"max-video-preview:-1"},"canonical":"https:\/\/www.bedigitaltogether.be\/fr\/","og_locale":"fr_FR","og_type":"article","og_title":"Invitation | Forum Evening \u2013 The Power of Fe(male) Leadership: Reality or Fiction? - BeDigitalTogether - Be Digital Together","og_description":"Forum Evening \u00ab The Power of Fe(male) Leadership: Reality or Fiction? \u00bb, une soir\u00e9e d\u2019\u00e9change et de r\u00e9flexion autour du leadership, du genre et des enjeux contemporains. Cet \u00e9v\u00e9nement est organis\u00e9 par la KU Leuven dans le cadre du programme WEMIND (Women Engineer Mentoring for Inclusion, Networking and Development), avec le soutien du SPF \u00c9conomie. [&hellip;]","og_url":"https:\/\/www.bedigitaltogether.be\/fr\/","og_site_name":"BeDigitalTogether","article_published_time":"2026-04-27T13:13:01+00:00","article_modified_time":"2026-04-27T13:15:27+00:00","og_image":[{"width":550,"height":368,"url":"https:\/\/www.bedigitaltogether.be\/wp-content\/uploads\/2026\/04\/echecs.png","type":"image\/png"}],"author":"Pierre","twitter_card":"summary_large_image","twitter_misc":{"\u00c9crit par":"Pierre","Dur\u00e9e de lecture estim\u00e9e":"1 minute"},"schema":{"@context":"https:\/\/schema.org","@graph":[{"@type":"Article","@id":"https:\/\/www.bedigitaltogether.be\/fr\/invitation-forum-evening-the-power-of-female-leadership-reality-or-fiction\/#article","isPartOf":{"@id":"https:\/\/www.bedigitaltogether.be\/fr\/invitation-forum-evening-the-power-of-female-leadership-reality-or-fiction\/"},"author":{"name":"Pierre","@id":"https:\/\/www.bedigitaltogether.be\/fr\/#\/schema\/person\/c3722c9f6ae2f22bc468e0468cc276d4"},"headline":"Invitation | Forum Evening \u2013 The Power of Fe(male) Leadership: Reality or Fiction?","datePublished":"2026-04-27T13:13:01+00:00","dateModified":"2026-04-27T13:15:27+00:00","mainEntityOfPage":{"@id":"https:\/\/www.bedigitaltogether.be\/fr\/invitation-forum-evening-the-power-of-female-leadership-reality-or-fiction\/"},"wordCount":111,"image":{"@id":"https:\/\/www.bedigitaltogether.be\/fr\/invitation-forum-evening-the-power-of-female-leadership-reality-or-fiction\/#primaryimage"},"thumbnailUrl":"https:\/\/www.bedigitaltogether.be\/wp-content\/uploads\/2026\/04\/echecs.png","articleSection":["Actualit\u00e9","Monde du travail"],"inLanguage":"fr-FR"},{"@type":"WebPage","@id":"https:\/\/www.bedigitaltogether.be\/fr\/invitation-forum-evening-the-power-of-female-leadership-reality-or-fiction\/","url":"https:\/\/www.bedigitaltogether.be\/fr\/invitation-forum-evening-the-power-of-female-leadership-reality-or-fiction\/","name":"Invitation | Forum Evening \u2013 The Power of Fe(male) Leadership: Reality or Fiction? - BeDigitalTogether - Be Digital Together","isPartOf":{"@id":"https:\/\/www.bedigitaltogether.be\/fr\/#website"},"primaryImageOfPage":{"@id":"https:\/\/www.bedigitaltogether.be\/fr\/invitation-forum-evening-the-power-of-female-leadership-reality-or-fiction\/#primaryimage"},"image":{"@id":"https:\/\/www.bedigitaltogether.be\/fr\/invitation-forum-evening-the-power-of-female-leadership-reality-or-fiction\/#primaryimage"},"thumbnailUrl":"https:\/\/www.bedigitaltogether.be\/wp-content\/uploads\/2026\/04\/echecs.png","datePublished":"2026-04-27T13:13:01+00:00","dateModified":"2026-04-27T13:15:27+00:00","author":{"@id":"https:\/\/www.bedigitaltogether.be\/fr\/#\/schema\/person\/c3722c9f6ae2f22bc468e0468cc276d4"},"breadcrumb":{"@id":"https:\/\/www.bedigitaltogether.be\/fr\/invitation-forum-evening-the-power-of-female-leadership-reality-or-fiction\/#breadcrumb"},"inLanguage":"fr-FR","potentialAction":[{"@type":"ReadAction","target":["https:\/\/www.bedigitaltogether.be\/fr\/invitation-forum-evening-the-power-of-female-leadership-reality-or-fiction\/"]}]},{"@type":"ImageObject","inLanguage":"fr-FR","@id":"https:\/\/www.bedigitaltogether.be\/fr\/invitation-forum-evening-the-power-of-female-leadership-reality-or-fiction\/#primaryimage","url":"https:\/\/www.bedigitaltogether.be\/wp-content\/uploads\/2026\/04\/echecs.png","contentUrl":"https:\/\/www.bedigitaltogether.be\/wp-content\/uploads\/2026\/04\/echecs.png","width":550,"height":368},{"@type":"BreadcrumbList","@id":"https:\/\/www.bedigitaltogether.be\/fr\/invitation-forum-evening-the-power-of-female-leadership-reality-or-fiction\/#breadcrumb","itemListElement":[{"@type":"ListItem","position":1,"name":"Accueil","item":"https:\/\/www.bedigitaltogether.be\/fr\/"},{"@type":"ListItem","position":2,"name":"Actualit\u00e9","item":"https:\/\/www.bedigitaltogether.be\/fr\/category\/blog-fr\/"},{"@type":"ListItem","position":3,"name":"Invitation | Forum Evening \u2013 The Power of Fe(male) Leadership: Reality or Fiction?"}]},{"@type":"WebSite","@id":"https:\/\/www.bedigitaltogether.be\/fr\/#website","url":"https:\/\/www.bedigitaltogether.be\/fr\/","name":"BeDigitalTogether","description":"","potentialAction":[{"@type":"SearchAction","target":{"@type":"EntryPoint","urlTemplate":"https:\/\/www.bedigitaltogether.be\/fr\/?s={search_term_string}"},"query-input":{"@type":"PropertyValueSpecification","valueRequired":true,"valueName":"search_term_string"}}],"inLanguage":"fr-FR"},{"@type":"Person","@id":"https:\/\/www.bedigitaltogether.be\/fr\/#\/schema\/person\/c3722c9f6ae2f22bc468e0468cc276d4","name":"Pierre","image":{"@type":"ImageObject","inLanguage":"fr-FR","@id":"https:\/\/secure.gravatar.com\/avatar\/0014f2ba89c362b3698258bdca87ea80bf638afe793c6a820bef9cb601ca2a41?s=96&d=mm&r=g","url":"https:\/\/secure.gravatar.com\/avatar\/0014f2ba89c362b3698258bdca87ea80bf638afe793c6a820bef9cb601ca2a41?s=96&d=mm&r=g","contentUrl":"https:\/\/secure.gravatar.com\/avatar\/0014f2ba89c362b3698258bdca87ea80bf638afe793c6a820bef9cb601ca2a41?s=96&d=mm&r=g","caption":"Pierre"},"url":"https:\/\/www.bedigitaltogether.be\/fr\/author\/pierre\/"}]}},"_links":{"self":[{"href":"https:\/\/www.bedigitaltogether.be\/fr\/wp-json\/wp\/v2\/posts\/11099","targetHints":{"allow":["GET"]}}],"collection":[{"href":"https:\/\/www.bedigitaltogether.be\/fr\/wp-json\/wp\/v2\/posts"}],"about":[{"href":"https:\/\/www.bedigitaltogether.be\/fr\/wp-json\/wp\/v2\/types\/post"}],"author":[{"embeddable":true,"href":"https:\/\/www.bedigitaltogether.be\/fr\/wp-json\/wp\/v2\/users\/3"}],"replies":[{"embeddable":true,"href":"https:\/\/www.bedigitaltogether.be\/fr\/wp-json\/wp\/v2\/comments?post=11099"}],"version-history":[{"count":4,"href":"https:\/\/www.bedigitaltogether.be\/fr\/wp-json\/wp\/v2\/posts\/11099\/revisions"}],"predecessor-version":[{"id":11107,"href":"https:\/\/www.bedigitaltogether.be\/fr\/wp-json\/wp\/v2\/posts\/11099\/revisions\/11107"}],"wp:featuredmedia":[{"embeddable":true,"href":"https:\/\/www.bedigitaltogether.be\/fr\/wp-json\/wp\/v2\/media\/11100"}],"wp:attachment":[{"href":"https:\/\/www.bedigitaltogether.be\/fr\/wp-json\/wp\/v2\/media?parent=11099"}],"wp:term":[{"taxonomy":"category","embeddable":true,"href":"https:\/\/www.bedigitaltogether.be\/fr\/wp-json\/wp\/v2\/categories?post=11099"},{"taxonomy":"post_tag","embeddable":true,"href":"https:\/\/www.bedigitaltogether.be\/fr\/wp-json\/wp\/v2\/tags?post=11099"},{"taxonomy":"active","embeddable":true,"href":"https:\/\/www.bedigitaltogether.be\/fr\/wp-json\/wp\/v2\/active?post=11099"}],"curies":[{"name":"wp","href":"https:\/\/api.w.org\/{rel}","templated":true}]}}