{"id":10861,"date":"2025-10-31T13:02:46","date_gmt":"2025-10-31T13:02:46","guid":{"rendered":"https:\/\/www.bedigitaltogether.be\/?p=10861"},"modified":"2025-10-31T13:15:01","modified_gmt":"2025-10-31T13:15:01","slug":"the-future-of-tech-is-female","status":"publish","type":"post","link":"https:\/\/www.bedigitaltogether.be\/fr\/the-future-of-tech-is-female\/","title":{"rendered":"The Future of Tech is Female"},"content":{"rendered":"\t\t<div data-elementor-type=\"wp-post\" data-elementor-id=\"10861\" class=\"elementor elementor-10861\" data-elementor-post-type=\"post\">\n\t\t\t\t\t\t<section class=\"elementor-section elementor-top-section elementor-element elementor-element-e7d946c elementor-section-boxed elementor-section-height-default elementor-section-height-default\" data-id=\"e7d946c\" data-element_type=\"section\">\n\t\t\t\t\t\t<div class=\"elementor-container elementor-column-gap-default\">\n\t\t\t\t\t<div class=\"elementor-column elementor-col-100 elementor-top-column elementor-element elementor-element-df18468\" data-id=\"df18468\" data-element_type=\"column\">\n\t\t\t<div class=\"elementor-widget-wrap elementor-element-populated\">\n\t\t\t\t\t\t<div class=\"elementor-element elementor-element-f9fb6ff elementor-widget elementor-widget-text-editor\" data-id=\"f9fb6ff\" data-element_type=\"widget\" data-widget_type=\"text-editor.default\">\n\t\t\t\t<div class=\"elementor-widget-container\">\n\t\t\t\t\t\t\t\t\t<p style=\"font-weight: 400;\"><strong>\u00a0The Future of Tech is Female (FoTiF)<\/strong> c\u00e9l\u00e8bre et renforce la pr\u00e9sence des femmes dans la technologie, l\u2019innovation et l\u2019entrepreneuriat. Organis\u00e9 \u00e0 <strong>BeCentral <\/strong>(Cantersteen 12, 1000 Bruxelles), cet \u00e9v\u00e9nement phare se d\u00e9roulera du <strong>lundi 24 au vendredi 28 novembre 2025<\/strong>.<\/p><p style=\"font-weight: 400;\">Pendant une semaine, <strong>FoTiF<\/strong> rassemblera des acteurs du num\u00e9rique, des entrepreneures, des expertes et des organisations engag\u00e9es pour construire un \u00e9cosyst\u00e8me technologique plus inclusif.<\/p><p style=\"font-weight: 400;\"><strong>Au programme :<\/strong><\/p><ul style=\"font-weight: 400;\"><li><strong>Vendredi 28 novembre<\/strong> : le <strong>premier FemTech Hackathon<\/strong> organis\u00e9 \u00e0 Bruxelles !<\/li><li><strong>Du 24 au 28 novembre<\/strong> : <strong>Open House for Female-led Businesses<\/strong> &#8211; BeCentral ouvre ses portes \u00e0 toutes les entrepreneures souhaitant venir travailler, \u00e9changer et s\u2019inspirer dans un espace collaboratif.<\/li><\/ul><p style=\"font-weight: 400;\"><strong>Rejoignez-nous<\/strong> pour c\u00e9l\u00e9brer la diversit\u00e9, l\u2019innovation et le leadership f\u00e9minin dans la tech<\/p><p style=\"font-weight: 400;\"><strong>\u00a0<\/strong><\/p><p style=\"font-weight: 400;\"><strong>Partenaires de l\u2019\u00e9v\u00e8nement :<\/strong><\/p><p style=\"font-weight: 400;\"><span style=\"font-family: var( --e-global-typography-text-font-family ), Sans-serif; font-size: var( --e-global-typography-text-font-size );\">WeAreFounders, 42 Belgium, High Her, Clusity, FARI, Proximus ADA, Boosteke, SPF \u00c9conomie, et Women in Business (hub.brussels).<\/span><\/p>\t\t\t\t\t\t\t\t<\/div>\n\t\t\t\t<\/div>\n\t\t\t\t\t<\/div>\n\t\t<\/div>\n\t\t\t\t\t<\/div>\n\t\t<\/section>\n\t\t\t\t<section class=\"elementor-section elementor-top-section elementor-element elementor-element-1007464 elementor-section-boxed elementor-section-height-default elementor-section-height-default\" data-id=\"1007464\" data-element_type=\"section\">\n\t\t\t\t\t\t<div class=\"elementor-container elementor-column-gap-default\">\n\t\t\t\t\t<div class=\"elementor-column elementor-col-100 elementor-top-column elementor-element elementor-element-bca09c1\" data-id=\"bca09c1\" data-element_type=\"column\">\n\t\t\t<div class=\"elementor-widget-wrap elementor-element-populated\">\n\t\t\t\t\t\t<div class=\"elementor-element elementor-element-b6584df elementor-widget elementor-widget-image\" data-id=\"b6584df\" data-element_type=\"widget\" data-widget_type=\"image.default\">\n\t\t\t\t<div class=\"elementor-widget-container\">\n\t\t\t\t\t\t\t\t\t\t\t\t\t\t\t<img fetchpriority=\"high\" decoding=\"async\" width=\"800\" height=\"450\" src=\"https:\/\/www.bedigitaltogether.be\/wp-content\/uploads\/2025\/10\/Poster_FoTiFweek--1024x576.jpg\" class=\"attachment-large size-large wp-image-10873\" alt=\"\" srcset=\"https:\/\/www.bedigitaltogether.be\/wp-content\/uploads\/2025\/10\/Poster_FoTiFweek--1024x576.jpg 1024w, https:\/\/www.bedigitaltogether.be\/wp-content\/uploads\/2025\/10\/Poster_FoTiFweek--300x169.jpg 300w, https:\/\/www.bedigitaltogether.be\/wp-content\/uploads\/2025\/10\/Poster_FoTiFweek--768x432.jpg 768w, https:\/\/www.bedigitaltogether.be\/wp-content\/uploads\/2025\/10\/Poster_FoTiFweek--1536x864.jpg 1536w, https:\/\/www.bedigitaltogether.be\/wp-content\/uploads\/2025\/10\/Poster_FoTiFweek-.jpg 2048w\" sizes=\"(max-width: 800px) 100vw, 800px\" \/>\t\t\t\t\t\t\t\t\t\t\t\t\t\t\t<\/div>\n\t\t\t\t<\/div>\n\t\t\t\t\t<\/div>\n\t\t<\/div>\n\t\t\t\t\t<\/div>\n\t\t<\/section>\n\t\t\t\t<\/div>\n\t\t","protected":false},"excerpt":{"rendered":"<p>\u00a0The Future of Tech is Female (FoTiF) c\u00e9l\u00e8bre et renforce la pr\u00e9sence des femmes dans la technologie, l\u2019innovation et l\u2019entrepreneuriat. Organis\u00e9 \u00e0 BeCentral (Cantersteen 12, 1000 Bruxelles), cet \u00e9v\u00e9nement phare se d\u00e9roulera du lundi 24 au vendredi 28 novembre 2025. Pendant une semaine, FoTiF rassemblera des acteurs du num\u00e9rique, des entrepreneures, des expertes et des [&hellip;]<\/p>\n","protected":false},"author":3,"featured_media":10862,"comment_status":"closed","ping_status":"closed","sticky":false,"template":"","format":"standard","meta":{"_acf_changed":false,"footnotes":""},"categories":[141,107],"tags":[],"active":[144],"class_list":["post-10861","post","type-post","status-publish","format-standard","has-post-thumbnail","hentry","category-blog-fr","category-images-fr","active-active"],"acf":[],"yoast_head":"<!-- This site is optimized with the Yoast SEO plugin v27.5 - https:\/\/yoast.com\/product\/yoast-seo-wordpress\/ -->\n<title>The Future of Tech is Female - BeDigitalTogether - Be Digital Together<\/title>\n<meta name=\"robots\" content=\"index, follow, max-snippet:-1, max-image-preview:large, max-video-preview:-1\" \/>\n<link rel=\"canonical\" href=\"https:\/\/www.bedigitaltogether.be\/fr\/\" \/>\n<meta property=\"og:locale\" content=\"fr_FR\" \/>\n<meta property=\"og:type\" content=\"article\" \/>\n<meta property=\"og:title\" content=\"The Future of Tech is Female - BeDigitalTogether - Be Digital Together\" \/>\n<meta property=\"og:description\" content=\"\u00a0The Future of Tech is Female (FoTiF) c\u00e9l\u00e8bre et renforce la pr\u00e9sence des femmes dans la technologie, l\u2019innovation et l\u2019entrepreneuriat. Organis\u00e9 \u00e0 BeCentral (Cantersteen 12, 1000 Bruxelles), cet \u00e9v\u00e9nement phare se d\u00e9roulera du lundi 24 au vendredi 28 novembre 2025. Pendant une semaine, FoTiF rassemblera des acteurs du num\u00e9rique, des entrepreneures, des expertes et des [&hellip;]\" \/>\n<meta property=\"og:url\" content=\"https:\/\/www.bedigitaltogether.be\/fr\/\" \/>\n<meta property=\"og:site_name\" content=\"BeDigitalTogether\" \/>\n<meta property=\"article:published_time\" content=\"2025-10-31T13:02:46+00:00\" \/>\n<meta property=\"article:modified_time\" content=\"2025-10-31T13:15:01+00:00\" \/>\n<meta property=\"og:image\" content=\"https:\/\/www.bedigitaltogether.be\/wp-content\/uploads\/2025\/10\/futureoftech.png\" \/>\n\t<meta property=\"og:image:width\" content=\"550\" \/>\n\t<meta property=\"og:image:height\" content=\"368\" \/>\n\t<meta property=\"og:image:type\" content=\"image\/png\" \/>\n<meta name=\"author\" content=\"Pierre\" \/>\n<meta name=\"twitter:card\" content=\"summary_large_image\" \/>\n<meta name=\"twitter:label1\" content=\"\u00c9crit par\" \/>\n\t<meta name=\"twitter:data1\" content=\"Pierre\" \/>\n\t<meta name=\"twitter:label2\" content=\"Dur\u00e9e de lecture estim\u00e9e\" \/>\n\t<meta name=\"twitter:data2\" content=\"1 minute\" \/>\n<script type=\"application\/ld+json\" class=\"yoast-schema-graph\">{\"@context\":\"https:\\\/\\\/schema.org\",\"@graph\":[{\"@type\":\"Article\",\"@id\":\"https:\\\/\\\/www.bedigitaltogether.be\\\/fr\\\/the-future-of-tech-is-female\\\/#article\",\"isPartOf\":{\"@id\":\"https:\\\/\\\/www.bedigitaltogether.be\\\/fr\\\/the-future-of-tech-is-female\\\/\"},\"author\":{\"name\":\"Pierre\",\"@id\":\"https:\\\/\\\/www.bedigitaltogether.be\\\/fr\\\/#\\\/schema\\\/person\\\/c3722c9f6ae2f22bc468e0468cc276d4\"},\"headline\":\"The Future of Tech is Female\",\"datePublished\":\"2025-10-31T13:02:46+00:00\",\"dateModified\":\"2025-10-31T13:15:01+00:00\",\"mainEntityOfPage\":{\"@id\":\"https:\\\/\\\/www.bedigitaltogether.be\\\/fr\\\/the-future-of-tech-is-female\\\/\"},\"wordCount\":150,\"image\":{\"@id\":\"https:\\\/\\\/www.bedigitaltogether.be\\\/fr\\\/the-future-of-tech-is-female\\\/#primaryimage\"},\"thumbnailUrl\":\"https:\\\/\\\/www.bedigitaltogether.be\\\/wp-content\\\/uploads\\\/2025\\\/10\\\/futureoftech.png\",\"articleSection\":[\"Actualit\u00e9\",\"Images\"],\"inLanguage\":\"fr-FR\"},{\"@type\":\"WebPage\",\"@id\":\"https:\\\/\\\/www.bedigitaltogether.be\\\/fr\\\/the-future-of-tech-is-female\\\/\",\"url\":\"https:\\\/\\\/www.bedigitaltogether.be\\\/fr\\\/the-future-of-tech-is-female\\\/\",\"name\":\"The Future of Tech is Female - BeDigitalTogether - Be Digital Together\",\"isPartOf\":{\"@id\":\"https:\\\/\\\/www.bedigitaltogether.be\\\/fr\\\/#website\"},\"primaryImageOfPage\":{\"@id\":\"https:\\\/\\\/www.bedigitaltogether.be\\\/fr\\\/the-future-of-tech-is-female\\\/#primaryimage\"},\"image\":{\"@id\":\"https:\\\/\\\/www.bedigitaltogether.be\\\/fr\\\/the-future-of-tech-is-female\\\/#primaryimage\"},\"thumbnailUrl\":\"https:\\\/\\\/www.bedigitaltogether.be\\\/wp-content\\\/uploads\\\/2025\\\/10\\\/futureoftech.png\",\"datePublished\":\"2025-10-31T13:02:46+00:00\",\"dateModified\":\"2025-10-31T13:15:01+00:00\",\"author\":{\"@id\":\"https:\\\/\\\/www.bedigitaltogether.be\\\/fr\\\/#\\\/schema\\\/person\\\/c3722c9f6ae2f22bc468e0468cc276d4\"},\"breadcrumb\":{\"@id\":\"https:\\\/\\\/www.bedigitaltogether.be\\\/fr\\\/the-future-of-tech-is-female\\\/#breadcrumb\"},\"inLanguage\":\"fr-FR\",\"potentialAction\":[{\"@type\":\"ReadAction\",\"target\":[\"https:\\\/\\\/www.bedigitaltogether.be\\\/fr\\\/the-future-of-tech-is-female\\\/\"]}]},{\"@type\":\"ImageObject\",\"inLanguage\":\"fr-FR\",\"@id\":\"https:\\\/\\\/www.bedigitaltogether.be\\\/fr\\\/the-future-of-tech-is-female\\\/#primaryimage\",\"url\":\"https:\\\/\\\/www.bedigitaltogether.be\\\/wp-content\\\/uploads\\\/2025\\\/10\\\/futureoftech.png\",\"contentUrl\":\"https:\\\/\\\/www.bedigitaltogether.be\\\/wp-content\\\/uploads\\\/2025\\\/10\\\/futureoftech.png\",\"width\":550,\"height\":368},{\"@type\":\"BreadcrumbList\",\"@id\":\"https:\\\/\\\/www.bedigitaltogether.be\\\/fr\\\/the-future-of-tech-is-female\\\/#breadcrumb\",\"itemListElement\":[{\"@type\":\"ListItem\",\"position\":1,\"name\":\"Accueil\",\"item\":\"https:\\\/\\\/www.bedigitaltogether.be\\\/fr\\\/\"},{\"@type\":\"ListItem\",\"position\":2,\"name\":\"Actualit\u00e9\",\"item\":\"https:\\\/\\\/www.bedigitaltogether.be\\\/fr\\\/category\\\/blog-fr\\\/\"},{\"@type\":\"ListItem\",\"position\":3,\"name\":\"The Future of Tech is Female\"}]},{\"@type\":\"WebSite\",\"@id\":\"https:\\\/\\\/www.bedigitaltogether.be\\\/fr\\\/#website\",\"url\":\"https:\\\/\\\/www.bedigitaltogether.be\\\/fr\\\/\",\"name\":\"BeDigitalTogether\",\"description\":\"\",\"potentialAction\":[{\"@type\":\"SearchAction\",\"target\":{\"@type\":\"EntryPoint\",\"urlTemplate\":\"https:\\\/\\\/www.bedigitaltogether.be\\\/fr\\\/?s={search_term_string}\"},\"query-input\":{\"@type\":\"PropertyValueSpecification\",\"valueRequired\":true,\"valueName\":\"search_term_string\"}}],\"inLanguage\":\"fr-FR\"},{\"@type\":\"Person\",\"@id\":\"https:\\\/\\\/www.bedigitaltogether.be\\\/fr\\\/#\\\/schema\\\/person\\\/c3722c9f6ae2f22bc468e0468cc276d4\",\"name\":\"Pierre\",\"image\":{\"@type\":\"ImageObject\",\"inLanguage\":\"fr-FR\",\"@id\":\"https:\\\/\\\/secure.gravatar.com\\\/avatar\\\/0014f2ba89c362b3698258bdca87ea80bf638afe793c6a820bef9cb601ca2a41?s=96&d=mm&r=g\",\"url\":\"https:\\\/\\\/secure.gravatar.com\\\/avatar\\\/0014f2ba89c362b3698258bdca87ea80bf638afe793c6a820bef9cb601ca2a41?s=96&d=mm&r=g\",\"contentUrl\":\"https:\\\/\\\/secure.gravatar.com\\\/avatar\\\/0014f2ba89c362b3698258bdca87ea80bf638afe793c6a820bef9cb601ca2a41?s=96&d=mm&r=g\",\"caption\":\"Pierre\"},\"url\":\"https:\\\/\\\/www.bedigitaltogether.be\\\/fr\\\/author\\\/pierre\\\/\"}]}<\/script>\n<!-- \/ Yoast SEO plugin. -->","yoast_head_json":{"title":"The Future of Tech is Female - BeDigitalTogether - Be Digital Together","robots":{"index":"index","follow":"follow","max-snippet":"max-snippet:-1","max-image-preview":"max-image-preview:large","max-video-preview":"max-video-preview:-1"},"canonical":"https:\/\/www.bedigitaltogether.be\/fr\/","og_locale":"fr_FR","og_type":"article","og_title":"The Future of Tech is Female - BeDigitalTogether - Be Digital Together","og_description":"\u00a0The Future of Tech is Female (FoTiF) c\u00e9l\u00e8bre et renforce la pr\u00e9sence des femmes dans la technologie, l\u2019innovation et l\u2019entrepreneuriat. Organis\u00e9 \u00e0 BeCentral (Cantersteen 12, 1000 Bruxelles), cet \u00e9v\u00e9nement phare se d\u00e9roulera du lundi 24 au vendredi 28 novembre 2025. Pendant une semaine, FoTiF rassemblera des acteurs du num\u00e9rique, des entrepreneures, des expertes et des [&hellip;]","og_url":"https:\/\/www.bedigitaltogether.be\/fr\/","og_site_name":"BeDigitalTogether","article_published_time":"2025-10-31T13:02:46+00:00","article_modified_time":"2025-10-31T13:15:01+00:00","og_image":[{"width":550,"height":368,"url":"https:\/\/www.bedigitaltogether.be\/wp-content\/uploads\/2025\/10\/futureoftech.png","type":"image\/png"}],"author":"Pierre","twitter_card":"summary_large_image","twitter_misc":{"\u00c9crit par":"Pierre","Dur\u00e9e de lecture estim\u00e9e":"1 minute"},"schema":{"@context":"https:\/\/schema.org","@graph":[{"@type":"Article","@id":"https:\/\/www.bedigitaltogether.be\/fr\/the-future-of-tech-is-female\/#article","isPartOf":{"@id":"https:\/\/www.bedigitaltogether.be\/fr\/the-future-of-tech-is-female\/"},"author":{"name":"Pierre","@id":"https:\/\/www.bedigitaltogether.be\/fr\/#\/schema\/person\/c3722c9f6ae2f22bc468e0468cc276d4"},"headline":"The Future of Tech is Female","datePublished":"2025-10-31T13:02:46+00:00","dateModified":"2025-10-31T13:15:01+00:00","mainEntityOfPage":{"@id":"https:\/\/www.bedigitaltogether.be\/fr\/the-future-of-tech-is-female\/"},"wordCount":150,"image":{"@id":"https:\/\/www.bedigitaltogether.be\/fr\/the-future-of-tech-is-female\/#primaryimage"},"thumbnailUrl":"https:\/\/www.bedigitaltogether.be\/wp-content\/uploads\/2025\/10\/futureoftech.png","articleSection":["Actualit\u00e9","Images"],"inLanguage":"fr-FR"},{"@type":"WebPage","@id":"https:\/\/www.bedigitaltogether.be\/fr\/the-future-of-tech-is-female\/","url":"https:\/\/www.bedigitaltogether.be\/fr\/the-future-of-tech-is-female\/","name":"The Future of Tech is Female - BeDigitalTogether - Be Digital Together","isPartOf":{"@id":"https:\/\/www.bedigitaltogether.be\/fr\/#website"},"primaryImageOfPage":{"@id":"https:\/\/www.bedigitaltogether.be\/fr\/the-future-of-tech-is-female\/#primaryimage"},"image":{"@id":"https:\/\/www.bedigitaltogether.be\/fr\/the-future-of-tech-is-female\/#primaryimage"},"thumbnailUrl":"https:\/\/www.bedigitaltogether.be\/wp-content\/uploads\/2025\/10\/futureoftech.png","datePublished":"2025-10-31T13:02:46+00:00","dateModified":"2025-10-31T13:15:01+00:00","author":{"@id":"https:\/\/www.bedigitaltogether.be\/fr\/#\/schema\/person\/c3722c9f6ae2f22bc468e0468cc276d4"},"breadcrumb":{"@id":"https:\/\/www.bedigitaltogether.be\/fr\/the-future-of-tech-is-female\/#breadcrumb"},"inLanguage":"fr-FR","potentialAction":[{"@type":"ReadAction","target":["https:\/\/www.bedigitaltogether.be\/fr\/the-future-of-tech-is-female\/"]}]},{"@type":"ImageObject","inLanguage":"fr-FR","@id":"https:\/\/www.bedigitaltogether.be\/fr\/the-future-of-tech-is-female\/#primaryimage","url":"https:\/\/www.bedigitaltogether.be\/wp-content\/uploads\/2025\/10\/futureoftech.png","contentUrl":"https:\/\/www.bedigitaltogether.be\/wp-content\/uploads\/2025\/10\/futureoftech.png","width":550,"height":368},{"@type":"BreadcrumbList","@id":"https:\/\/www.bedigitaltogether.be\/fr\/the-future-of-tech-is-female\/#breadcrumb","itemListElement":[{"@type":"ListItem","position":1,"name":"Accueil","item":"https:\/\/www.bedigitaltogether.be\/fr\/"},{"@type":"ListItem","position":2,"name":"Actualit\u00e9","item":"https:\/\/www.bedigitaltogether.be\/fr\/category\/blog-fr\/"},{"@type":"ListItem","position":3,"name":"The Future of Tech is Female"}]},{"@type":"WebSite","@id":"https:\/\/www.bedigitaltogether.be\/fr\/#website","url":"https:\/\/www.bedigitaltogether.be\/fr\/","name":"BeDigitalTogether","description":"","potentialAction":[{"@type":"SearchAction","target":{"@type":"EntryPoint","urlTemplate":"https:\/\/www.bedigitaltogether.be\/fr\/?s={search_term_string}"},"query-input":{"@type":"PropertyValueSpecification","valueRequired":true,"valueName":"search_term_string"}}],"inLanguage":"fr-FR"},{"@type":"Person","@id":"https:\/\/www.bedigitaltogether.be\/fr\/#\/schema\/person\/c3722c9f6ae2f22bc468e0468cc276d4","name":"Pierre","image":{"@type":"ImageObject","inLanguage":"fr-FR","@id":"https:\/\/secure.gravatar.com\/avatar\/0014f2ba89c362b3698258bdca87ea80bf638afe793c6a820bef9cb601ca2a41?s=96&d=mm&r=g","url":"https:\/\/secure.gravatar.com\/avatar\/0014f2ba89c362b3698258bdca87ea80bf638afe793c6a820bef9cb601ca2a41?s=96&d=mm&r=g","contentUrl":"https:\/\/secure.gravatar.com\/avatar\/0014f2ba89c362b3698258bdca87ea80bf638afe793c6a820bef9cb601ca2a41?s=96&d=mm&r=g","caption":"Pierre"},"url":"https:\/\/www.bedigitaltogether.be\/fr\/author\/pierre\/"}]}},"_links":{"self":[{"href":"https:\/\/www.bedigitaltogether.be\/fr\/wp-json\/wp\/v2\/posts\/10861","targetHints":{"allow":["GET"]}}],"collection":[{"href":"https:\/\/www.bedigitaltogether.be\/fr\/wp-json\/wp\/v2\/posts"}],"about":[{"href":"https:\/\/www.bedigitaltogether.be\/fr\/wp-json\/wp\/v2\/types\/post"}],"author":[{"embeddable":true,"href":"https:\/\/www.bedigitaltogether.be\/fr\/wp-json\/wp\/v2\/users\/3"}],"replies":[{"embeddable":true,"href":"https:\/\/www.bedigitaltogether.be\/fr\/wp-json\/wp\/v2\/comments?post=10861"}],"version-history":[{"count":13,"href":"https:\/\/www.bedigitaltogether.be\/fr\/wp-json\/wp\/v2\/posts\/10861\/revisions"}],"predecessor-version":[{"id":10884,"href":"https:\/\/www.bedigitaltogether.be\/fr\/wp-json\/wp\/v2\/posts\/10861\/revisions\/10884"}],"wp:featuredmedia":[{"embeddable":true,"href":"https:\/\/www.bedigitaltogether.be\/fr\/wp-json\/wp\/v2\/media\/10862"}],"wp:attachment":[{"href":"https:\/\/www.bedigitaltogether.be\/fr\/wp-json\/wp\/v2\/media?parent=10861"}],"wp:term":[{"taxonomy":"category","embeddable":true,"href":"https:\/\/www.bedigitaltogether.be\/fr\/wp-json\/wp\/v2\/categories?post=10861"},{"taxonomy":"post_tag","embeddable":true,"href":"https:\/\/www.bedigitaltogether.be\/fr\/wp-json\/wp\/v2\/tags?post=10861"},{"taxonomy":"active","embeddable":true,"href":"https:\/\/www.bedigitaltogether.be\/fr\/wp-json\/wp\/v2\/active?post=10861"}],"curies":[{"name":"wp","href":"https:\/\/api.w.org\/{rel}","templated":true}]}}