{"id":10850,"date":"2025-10-24T10:33:50","date_gmt":"2025-10-24T10:33:50","guid":{"rendered":"https:\/\/www.bedigitaltogether.be\/?p=10850"},"modified":"2025-10-24T10:35:34","modified_gmt":"2025-10-24T10:35:34","slug":"%f0%9f%8e%afempowerment-et-leadership-feminin","status":"publish","type":"post","link":"https:\/\/www.bedigitaltogether.be\/fr\/%f0%9f%8e%afempowerment-et-leadership-feminin\/","title":{"rendered":"\ud83c\udfafEmpowerment et leadership f\u00e9minin"},"content":{"rendered":"\t\t<div data-elementor-type=\"wp-post\" data-elementor-id=\"10850\" class=\"elementor elementor-10850\" data-elementor-post-type=\"post\">\n\t\t\t\t\t\t<section class=\"elementor-section elementor-top-section elementor-element elementor-element-e7d946c elementor-section-boxed elementor-section-height-default elementor-section-height-default\" data-id=\"e7d946c\" data-element_type=\"section\">\n\t\t\t\t\t\t<div class=\"elementor-container elementor-column-gap-default\">\n\t\t\t\t\t<div class=\"elementor-column elementor-col-100 elementor-top-column elementor-element elementor-element-df18468\" data-id=\"df18468\" data-element_type=\"column\">\n\t\t\t<div class=\"elementor-widget-wrap elementor-element-populated\">\n\t\t\t\t\t\t<div class=\"elementor-element elementor-element-f9fb6ff elementor-widget elementor-widget-text-editor\" data-id=\"f9fb6ff\" data-element_type=\"widget\" data-widget_type=\"text-editor.default\">\n\t\t\t\t<div class=\"elementor-widget-container\">\n\t\t\t\t\t\t\t\t\t<p style=\"font-weight: 400;\"><strong>Femmes et \u00e9galit\u00e9 au travail, une r\u00e9alit\u00e9 ?<\/strong><br \/><br \/>\ud83d\udcc5 Date : Jeudi 30 octobre 2025<br \/><br \/>\ud83d\udd5b Heure : De 12h00 \u00e0 14h00<br \/><br \/>\ud83d\udccd Lieu : Proximus Building, Rue du Progr\u00e8s 55, 1210 Bruxelles<br \/><br \/>Au programme : Un moment d\u2019\u00e9change inspirant autour du leadership f\u00e9minin, avec des t\u00e9moignages de femmes issues des secteurs public et priv\u00e9. Avec la participation exceptionnelle de l\u2019\u00e9quipe Proximus, class\u00e9e leader europ\u00e9en 2025 par le Financial Times, pour sa politique active en mati\u00e8re de diversit\u00e9 et d\u2019inclusion, notamment en faveur des femmes. Nous aborderons des th\u00e9matiques telles que le d\u00e9veloppement des comp\u00e9tences cl\u00e9s (Topskills), le leadership inclusif et les d\u00e9fis li\u00e9s \u00e0 l\u2019\u00e9galit\u00e9 professionnelle.<br \/><br \/>\ud83e\udd6a Un lunch bar\/sandwichs vous sera offert d\u00e8s 12h00.<br \/><br \/>\ud83c\udf9f\ufe0f L\u2019\u00e9v\u00e9nement est gratuit, mais l\u2019inscription est obligatoire.<br \/><br \/>\ud83d\udc49 Inscrivez-vous d\u00e8s maintenant par email \u00e0 : <a href=\"mailto:felinkbelgium@gmail.com\">felinkbelgium@gmail.com<\/a><\/p><p style=\"font-weight: 400;\"><br \/>Cet \u00e9v\u00e9nement, plac\u00e9 sous le signe de l\u2019inspiration, du partage et de l\u2019engagement, sera l\u2019occasion de riches \u00e9changes auxquels votre pr\u00e9sence apporterait une r\u00e9elle valeur ajout\u00e9e.<\/p><p style=\"font-weight: 400;\">\u00a0<\/p>\t\t\t\t\t\t\t\t<\/div>\n\t\t\t\t<\/div>\n\t\t\t\t\t<\/div>\n\t\t<\/div>\n\t\t\t\t\t<\/div>\n\t\t<\/section>\n\t\t\t\t<\/div>\n\t\t","protected":false},"excerpt":{"rendered":"<p>Femmes et \u00e9galit\u00e9 au travail, une r\u00e9alit\u00e9 ? \ud83d\udcc5 Date : Jeudi 30 octobre 2025 \ud83d\udd5b Heure : De 12h00 \u00e0 14h00 \ud83d\udccd Lieu : Proximus Building, Rue du Progr\u00e8s 55, 1210 Bruxelles Au programme : Un moment d\u2019\u00e9change inspirant autour du leadership f\u00e9minin, avec des t\u00e9moignages de femmes issues des secteurs public et priv\u00e9. [&hellip;]<\/p>\n","protected":false},"author":3,"featured_media":10851,"comment_status":"closed","ping_status":"closed","sticky":false,"template":"","format":"standard","meta":{"_acf_changed":false,"footnotes":""},"categories":[98],"tags":[],"active":[144],"class_list":["post-10850","post","type-post","status-publish","format-standard","has-post-thumbnail","hentry","category-monde-du-travail","active-active"],"acf":[],"yoast_head":"<!-- This site is optimized with the Yoast SEO plugin v27.5 - https:\/\/yoast.com\/product\/yoast-seo-wordpress\/ -->\n<title>\ud83c\udfafEmpowerment et leadership f\u00e9minin - BeDigitalTogether - Be Digital Together<\/title>\n<meta name=\"robots\" content=\"index, follow, max-snippet:-1, max-image-preview:large, max-video-preview:-1\" \/>\n<link rel=\"canonical\" href=\"https:\/\/www.bedigitaltogether.be\/fr\/\" \/>\n<meta property=\"og:locale\" content=\"fr_FR\" \/>\n<meta property=\"og:type\" content=\"article\" \/>\n<meta property=\"og:title\" content=\"\ud83c\udfafEmpowerment et leadership f\u00e9minin - BeDigitalTogether - Be Digital Together\" \/>\n<meta property=\"og:description\" content=\"Femmes et \u00e9galit\u00e9 au travail, une r\u00e9alit\u00e9 ? \ud83d\udcc5 Date : Jeudi 30 octobre 2025 \ud83d\udd5b Heure : De 12h00 \u00e0 14h00 \ud83d\udccd Lieu : Proximus Building, Rue du Progr\u00e8s 55, 1210 Bruxelles Au programme : Un moment d\u2019\u00e9change inspirant autour du leadership f\u00e9minin, avec des t\u00e9moignages de femmes issues des secteurs public et priv\u00e9. [&hellip;]\" \/>\n<meta property=\"og:url\" content=\"https:\/\/www.bedigitaltogether.be\/fr\/\" \/>\n<meta property=\"og:site_name\" content=\"BeDigitalTogether\" \/>\n<meta property=\"article:published_time\" content=\"2025-10-24T10:33:50+00:00\" \/>\n<meta property=\"article:modified_time\" content=\"2025-10-24T10:35:34+00:00\" \/>\n<meta property=\"og:image\" content=\"https:\/\/www.bedigitaltogether.be\/wp-content\/uploads\/2025\/10\/felink.png\" \/>\n\t<meta property=\"og:image:width\" content=\"550\" \/>\n\t<meta property=\"og:image:height\" content=\"368\" \/>\n\t<meta property=\"og:image:type\" content=\"image\/png\" \/>\n<meta name=\"author\" content=\"Pierre\" \/>\n<meta name=\"twitter:card\" content=\"summary_large_image\" \/>\n<meta name=\"twitter:label1\" content=\"\u00c9crit par\" \/>\n\t<meta name=\"twitter:data1\" content=\"Pierre\" \/>\n\t<meta name=\"twitter:label2\" content=\"Dur\u00e9e de lecture estim\u00e9e\" \/>\n\t<meta name=\"twitter:data2\" content=\"1 minute\" \/>\n<script type=\"application\/ld+json\" class=\"yoast-schema-graph\">{\"@context\":\"https:\\\/\\\/schema.org\",\"@graph\":[{\"@type\":\"Article\",\"@id\":\"https:\\\/\\\/www.bedigitaltogether.be\\\/fr\\\/%f0%9f%8e%afempowerment-et-leadership-feminin\\\/#article\",\"isPartOf\":{\"@id\":\"https:\\\/\\\/www.bedigitaltogether.be\\\/fr\\\/%f0%9f%8e%afempowerment-et-leadership-feminin\\\/\"},\"author\":{\"name\":\"Pierre\",\"@id\":\"https:\\\/\\\/www.bedigitaltogether.be\\\/fr\\\/#\\\/schema\\\/person\\\/c3722c9f6ae2f22bc468e0468cc276d4\"},\"headline\":\"\ud83c\udfafEmpowerment et leadership f\u00e9minin\",\"datePublished\":\"2025-10-24T10:33:50+00:00\",\"dateModified\":\"2025-10-24T10:35:34+00:00\",\"mainEntityOfPage\":{\"@id\":\"https:\\\/\\\/www.bedigitaltogether.be\\\/fr\\\/%f0%9f%8e%afempowerment-et-leadership-feminin\\\/\"},\"wordCount\":176,\"image\":{\"@id\":\"https:\\\/\\\/www.bedigitaltogether.be\\\/fr\\\/%f0%9f%8e%afempowerment-et-leadership-feminin\\\/#primaryimage\"},\"thumbnailUrl\":\"https:\\\/\\\/www.bedigitaltogether.be\\\/wp-content\\\/uploads\\\/2025\\\/10\\\/felink.png\",\"articleSection\":[\"Monde du travail\"],\"inLanguage\":\"fr-FR\"},{\"@type\":\"WebPage\",\"@id\":\"https:\\\/\\\/www.bedigitaltogether.be\\\/fr\\\/%f0%9f%8e%afempowerment-et-leadership-feminin\\\/\",\"url\":\"https:\\\/\\\/www.bedigitaltogether.be\\\/fr\\\/%f0%9f%8e%afempowerment-et-leadership-feminin\\\/\",\"name\":\"\ud83c\udfafEmpowerment et leadership f\u00e9minin - BeDigitalTogether - Be Digital Together\",\"isPartOf\":{\"@id\":\"https:\\\/\\\/www.bedigitaltogether.be\\\/fr\\\/#website\"},\"primaryImageOfPage\":{\"@id\":\"https:\\\/\\\/www.bedigitaltogether.be\\\/fr\\\/%f0%9f%8e%afempowerment-et-leadership-feminin\\\/#primaryimage\"},\"image\":{\"@id\":\"https:\\\/\\\/www.bedigitaltogether.be\\\/fr\\\/%f0%9f%8e%afempowerment-et-leadership-feminin\\\/#primaryimage\"},\"thumbnailUrl\":\"https:\\\/\\\/www.bedigitaltogether.be\\\/wp-content\\\/uploads\\\/2025\\\/10\\\/felink.png\",\"datePublished\":\"2025-10-24T10:33:50+00:00\",\"dateModified\":\"2025-10-24T10:35:34+00:00\",\"author\":{\"@id\":\"https:\\\/\\\/www.bedigitaltogether.be\\\/fr\\\/#\\\/schema\\\/person\\\/c3722c9f6ae2f22bc468e0468cc276d4\"},\"breadcrumb\":{\"@id\":\"https:\\\/\\\/www.bedigitaltogether.be\\\/fr\\\/%f0%9f%8e%afempowerment-et-leadership-feminin\\\/#breadcrumb\"},\"inLanguage\":\"fr-FR\",\"potentialAction\":[{\"@type\":\"ReadAction\",\"target\":[\"https:\\\/\\\/www.bedigitaltogether.be\\\/fr\\\/%f0%9f%8e%afempowerment-et-leadership-feminin\\\/\"]}]},{\"@type\":\"ImageObject\",\"inLanguage\":\"fr-FR\",\"@id\":\"https:\\\/\\\/www.bedigitaltogether.be\\\/fr\\\/%f0%9f%8e%afempowerment-et-leadership-feminin\\\/#primaryimage\",\"url\":\"https:\\\/\\\/www.bedigitaltogether.be\\\/wp-content\\\/uploads\\\/2025\\\/10\\\/felink.png\",\"contentUrl\":\"https:\\\/\\\/www.bedigitaltogether.be\\\/wp-content\\\/uploads\\\/2025\\\/10\\\/felink.png\",\"width\":550,\"height\":368},{\"@type\":\"BreadcrumbList\",\"@id\":\"https:\\\/\\\/www.bedigitaltogether.be\\\/fr\\\/%f0%9f%8e%afempowerment-et-leadership-feminin\\\/#breadcrumb\",\"itemListElement\":[{\"@type\":\"ListItem\",\"position\":1,\"name\":\"Accueil\",\"item\":\"https:\\\/\\\/www.bedigitaltogether.be\\\/fr\\\/\"},{\"@type\":\"ListItem\",\"position\":2,\"name\":\"Monde du travail\",\"item\":\"https:\\\/\\\/www.bedigitaltogether.be\\\/fr\\\/category\\\/monde-du-travail\\\/\"},{\"@type\":\"ListItem\",\"position\":3,\"name\":\"\ud83c\udfafEmpowerment et leadership f\u00e9minin\"}]},{\"@type\":\"WebSite\",\"@id\":\"https:\\\/\\\/www.bedigitaltogether.be\\\/fr\\\/#website\",\"url\":\"https:\\\/\\\/www.bedigitaltogether.be\\\/fr\\\/\",\"name\":\"BeDigitalTogether\",\"description\":\"\",\"potentialAction\":[{\"@type\":\"SearchAction\",\"target\":{\"@type\":\"EntryPoint\",\"urlTemplate\":\"https:\\\/\\\/www.bedigitaltogether.be\\\/fr\\\/?s={search_term_string}\"},\"query-input\":{\"@type\":\"PropertyValueSpecification\",\"valueRequired\":true,\"valueName\":\"search_term_string\"}}],\"inLanguage\":\"fr-FR\"},{\"@type\":\"Person\",\"@id\":\"https:\\\/\\\/www.bedigitaltogether.be\\\/fr\\\/#\\\/schema\\\/person\\\/c3722c9f6ae2f22bc468e0468cc276d4\",\"name\":\"Pierre\",\"image\":{\"@type\":\"ImageObject\",\"inLanguage\":\"fr-FR\",\"@id\":\"https:\\\/\\\/secure.gravatar.com\\\/avatar\\\/0014f2ba89c362b3698258bdca87ea80bf638afe793c6a820bef9cb601ca2a41?s=96&d=mm&r=g\",\"url\":\"https:\\\/\\\/secure.gravatar.com\\\/avatar\\\/0014f2ba89c362b3698258bdca87ea80bf638afe793c6a820bef9cb601ca2a41?s=96&d=mm&r=g\",\"contentUrl\":\"https:\\\/\\\/secure.gravatar.com\\\/avatar\\\/0014f2ba89c362b3698258bdca87ea80bf638afe793c6a820bef9cb601ca2a41?s=96&d=mm&r=g\",\"caption\":\"Pierre\"},\"url\":\"https:\\\/\\\/www.bedigitaltogether.be\\\/fr\\\/author\\\/pierre\\\/\"}]}<\/script>\n<!-- \/ Yoast SEO plugin. -->","yoast_head_json":{"title":"\ud83c\udfafEmpowerment et leadership f\u00e9minin - BeDigitalTogether - Be Digital Together","robots":{"index":"index","follow":"follow","max-snippet":"max-snippet:-1","max-image-preview":"max-image-preview:large","max-video-preview":"max-video-preview:-1"},"canonical":"https:\/\/www.bedigitaltogether.be\/fr\/","og_locale":"fr_FR","og_type":"article","og_title":"\ud83c\udfafEmpowerment et leadership f\u00e9minin - BeDigitalTogether - Be Digital Together","og_description":"Femmes et \u00e9galit\u00e9 au travail, une r\u00e9alit\u00e9 ? \ud83d\udcc5 Date : Jeudi 30 octobre 2025 \ud83d\udd5b Heure : De 12h00 \u00e0 14h00 \ud83d\udccd Lieu : Proximus Building, Rue du Progr\u00e8s 55, 1210 Bruxelles Au programme : Un moment d\u2019\u00e9change inspirant autour du leadership f\u00e9minin, avec des t\u00e9moignages de femmes issues des secteurs public et priv\u00e9. [&hellip;]","og_url":"https:\/\/www.bedigitaltogether.be\/fr\/","og_site_name":"BeDigitalTogether","article_published_time":"2025-10-24T10:33:50+00:00","article_modified_time":"2025-10-24T10:35:34+00:00","og_image":[{"width":550,"height":368,"url":"https:\/\/www.bedigitaltogether.be\/wp-content\/uploads\/2025\/10\/felink.png","type":"image\/png"}],"author":"Pierre","twitter_card":"summary_large_image","twitter_misc":{"\u00c9crit par":"Pierre","Dur\u00e9e de lecture estim\u00e9e":"1 minute"},"schema":{"@context":"https:\/\/schema.org","@graph":[{"@type":"Article","@id":"https:\/\/www.bedigitaltogether.be\/fr\/%f0%9f%8e%afempowerment-et-leadership-feminin\/#article","isPartOf":{"@id":"https:\/\/www.bedigitaltogether.be\/fr\/%f0%9f%8e%afempowerment-et-leadership-feminin\/"},"author":{"name":"Pierre","@id":"https:\/\/www.bedigitaltogether.be\/fr\/#\/schema\/person\/c3722c9f6ae2f22bc468e0468cc276d4"},"headline":"\ud83c\udfafEmpowerment et leadership f\u00e9minin","datePublished":"2025-10-24T10:33:50+00:00","dateModified":"2025-10-24T10:35:34+00:00","mainEntityOfPage":{"@id":"https:\/\/www.bedigitaltogether.be\/fr\/%f0%9f%8e%afempowerment-et-leadership-feminin\/"},"wordCount":176,"image":{"@id":"https:\/\/www.bedigitaltogether.be\/fr\/%f0%9f%8e%afempowerment-et-leadership-feminin\/#primaryimage"},"thumbnailUrl":"https:\/\/www.bedigitaltogether.be\/wp-content\/uploads\/2025\/10\/felink.png","articleSection":["Monde du travail"],"inLanguage":"fr-FR"},{"@type":"WebPage","@id":"https:\/\/www.bedigitaltogether.be\/fr\/%f0%9f%8e%afempowerment-et-leadership-feminin\/","url":"https:\/\/www.bedigitaltogether.be\/fr\/%f0%9f%8e%afempowerment-et-leadership-feminin\/","name":"\ud83c\udfafEmpowerment et leadership f\u00e9minin - BeDigitalTogether - Be Digital Together","isPartOf":{"@id":"https:\/\/www.bedigitaltogether.be\/fr\/#website"},"primaryImageOfPage":{"@id":"https:\/\/www.bedigitaltogether.be\/fr\/%f0%9f%8e%afempowerment-et-leadership-feminin\/#primaryimage"},"image":{"@id":"https:\/\/www.bedigitaltogether.be\/fr\/%f0%9f%8e%afempowerment-et-leadership-feminin\/#primaryimage"},"thumbnailUrl":"https:\/\/www.bedigitaltogether.be\/wp-content\/uploads\/2025\/10\/felink.png","datePublished":"2025-10-24T10:33:50+00:00","dateModified":"2025-10-24T10:35:34+00:00","author":{"@id":"https:\/\/www.bedigitaltogether.be\/fr\/#\/schema\/person\/c3722c9f6ae2f22bc468e0468cc276d4"},"breadcrumb":{"@id":"https:\/\/www.bedigitaltogether.be\/fr\/%f0%9f%8e%afempowerment-et-leadership-feminin\/#breadcrumb"},"inLanguage":"fr-FR","potentialAction":[{"@type":"ReadAction","target":["https:\/\/www.bedigitaltogether.be\/fr\/%f0%9f%8e%afempowerment-et-leadership-feminin\/"]}]},{"@type":"ImageObject","inLanguage":"fr-FR","@id":"https:\/\/www.bedigitaltogether.be\/fr\/%f0%9f%8e%afempowerment-et-leadership-feminin\/#primaryimage","url":"https:\/\/www.bedigitaltogether.be\/wp-content\/uploads\/2025\/10\/felink.png","contentUrl":"https:\/\/www.bedigitaltogether.be\/wp-content\/uploads\/2025\/10\/felink.png","width":550,"height":368},{"@type":"BreadcrumbList","@id":"https:\/\/www.bedigitaltogether.be\/fr\/%f0%9f%8e%afempowerment-et-leadership-feminin\/#breadcrumb","itemListElement":[{"@type":"ListItem","position":1,"name":"Accueil","item":"https:\/\/www.bedigitaltogether.be\/fr\/"},{"@type":"ListItem","position":2,"name":"Monde du travail","item":"https:\/\/www.bedigitaltogether.be\/fr\/category\/monde-du-travail\/"},{"@type":"ListItem","position":3,"name":"\ud83c\udfafEmpowerment et leadership f\u00e9minin"}]},{"@type":"WebSite","@id":"https:\/\/www.bedigitaltogether.be\/fr\/#website","url":"https:\/\/www.bedigitaltogether.be\/fr\/","name":"BeDigitalTogether","description":"","potentialAction":[{"@type":"SearchAction","target":{"@type":"EntryPoint","urlTemplate":"https:\/\/www.bedigitaltogether.be\/fr\/?s={search_term_string}"},"query-input":{"@type":"PropertyValueSpecification","valueRequired":true,"valueName":"search_term_string"}}],"inLanguage":"fr-FR"},{"@type":"Person","@id":"https:\/\/www.bedigitaltogether.be\/fr\/#\/schema\/person\/c3722c9f6ae2f22bc468e0468cc276d4","name":"Pierre","image":{"@type":"ImageObject","inLanguage":"fr-FR","@id":"https:\/\/secure.gravatar.com\/avatar\/0014f2ba89c362b3698258bdca87ea80bf638afe793c6a820bef9cb601ca2a41?s=96&d=mm&r=g","url":"https:\/\/secure.gravatar.com\/avatar\/0014f2ba89c362b3698258bdca87ea80bf638afe793c6a820bef9cb601ca2a41?s=96&d=mm&r=g","contentUrl":"https:\/\/secure.gravatar.com\/avatar\/0014f2ba89c362b3698258bdca87ea80bf638afe793c6a820bef9cb601ca2a41?s=96&d=mm&r=g","caption":"Pierre"},"url":"https:\/\/www.bedigitaltogether.be\/fr\/author\/pierre\/"}]}},"_links":{"self":[{"href":"https:\/\/www.bedigitaltogether.be\/fr\/wp-json\/wp\/v2\/posts\/10850","targetHints":{"allow":["GET"]}}],"collection":[{"href":"https:\/\/www.bedigitaltogether.be\/fr\/wp-json\/wp\/v2\/posts"}],"about":[{"href":"https:\/\/www.bedigitaltogether.be\/fr\/wp-json\/wp\/v2\/types\/post"}],"author":[{"embeddable":true,"href":"https:\/\/www.bedigitaltogether.be\/fr\/wp-json\/wp\/v2\/users\/3"}],"replies":[{"embeddable":true,"href":"https:\/\/www.bedigitaltogether.be\/fr\/wp-json\/wp\/v2\/comments?post=10850"}],"version-history":[{"count":4,"href":"https:\/\/www.bedigitaltogether.be\/fr\/wp-json\/wp\/v2\/posts\/10850\/revisions"}],"predecessor-version":[{"id":10858,"href":"https:\/\/www.bedigitaltogether.be\/fr\/wp-json\/wp\/v2\/posts\/10850\/revisions\/10858"}],"wp:featuredmedia":[{"embeddable":true,"href":"https:\/\/www.bedigitaltogether.be\/fr\/wp-json\/wp\/v2\/media\/10851"}],"wp:attachment":[{"href":"https:\/\/www.bedigitaltogether.be\/fr\/wp-json\/wp\/v2\/media?parent=10850"}],"wp:term":[{"taxonomy":"category","embeddable":true,"href":"https:\/\/www.bedigitaltogether.be\/fr\/wp-json\/wp\/v2\/categories?post=10850"},{"taxonomy":"post_tag","embeddable":true,"href":"https:\/\/www.bedigitaltogether.be\/fr\/wp-json\/wp\/v2\/tags?post=10850"},{"taxonomy":"active","embeddable":true,"href":"https:\/\/www.bedigitaltogether.be\/fr\/wp-json\/wp\/v2\/active?post=10850"}],"curies":[{"name":"wp","href":"https:\/\/api.w.org\/{rel}","templated":true}]}}