{"id":10826,"date":"2025-10-23T09:40:35","date_gmt":"2025-10-23T09:40:35","guid":{"rendered":"https:\/\/www.bedigitaltogether.be\/?p=10826"},"modified":"2025-10-23T09:56:44","modified_gmt":"2025-10-23T09:56:44","slug":"equal-un-partenariat-de-deux-ans-visant-a-promouvoir-les-femmes-dans-le-secteur-des-technologies","status":"publish","type":"post","link":"https:\/\/www.bedigitaltogether.be\/fr\/equal-un-partenariat-de-deux-ans-visant-a-promouvoir-les-femmes-dans-le-secteur-des-technologies\/","title":{"rendered":"Equal+ : un partenariat de deux ans visant \u00e0 promouvoir les femmes dans le secteur des technologies"},"content":{"rendered":"\t\t<div data-elementor-type=\"wp-post\" data-elementor-id=\"10826\" class=\"elementor elementor-10826\" data-elementor-post-type=\"post\">\n\t\t\t\t\t\t<section class=\"elementor-section elementor-top-section elementor-element elementor-element-e7d946c elementor-section-boxed elementor-section-height-default elementor-section-height-default\" data-id=\"e7d946c\" data-element_type=\"section\">\n\t\t\t\t\t\t<div class=\"elementor-container elementor-column-gap-default\">\n\t\t\t\t\t<div class=\"elementor-column elementor-col-100 elementor-top-column elementor-element elementor-element-df18468\" data-id=\"df18468\" data-element_type=\"column\">\n\t\t\t<div class=\"elementor-widget-wrap elementor-element-populated\">\n\t\t\t\t\t\t<div class=\"elementor-element elementor-element-f9fb6ff elementor-widget elementor-widget-text-editor\" data-id=\"f9fb6ff\" data-element_type=\"widget\" data-widget_type=\"text-editor.default\">\n\t\t\t\t<div class=\"elementor-widget-container\">\n\t\t\t\t\t\t\t\t\t<p style=\"font-weight: 400;\"><strong>L&rsquo;Institut pour l\u2019\u00e9galit\u00e9 des femmes et des hommes et Agoria lancent Equal+, un projet pilote de deux ans visant \u00e0 promouvoir l&rsquo;\u00e9galit\u00e9 de genre et l&rsquo;acc\u00e8s des femmes aux postes de management dans le secteur technologique. Le kick-off officiel du projet est pr\u00e9vu le 7 novembre lors du Women in Tech Meetup organis\u00e9 chez Agoria.<\/strong><\/p>\n<p style=\"font-weight: 400;\"><strong>\u00a0<\/strong><\/p>\n<p style=\"font-weight: 400;\">Cette initiative ambitieuse de deux ans a pour objectif de briser les plafonds de verre et de garantir que le talent f\u00e9minin soit pleinement reconnu, en se concentrant sp\u00e9cifiquement sur\u00a0<strong>l&rsquo;acc\u00e8s et la progression des femmes aux postes de management<\/strong>\u00a0au sein de la tech.<\/p>\n<p style=\"font-weight: 400;\">\u00a0<\/p>\n<p style=\"font-weight: 400;\">Pour que l&rsquo;industrie belge reste comp\u00e9titive et inclusive, Equal+ d\u00e9butera par une analyse approfondie visant \u00e0 dresser un \u00e9tat des lieux pr\u00e9cis des d\u00e9s\u00e9quilibres actuels. Sur base de ces donn\u00e9es, un plan d&rsquo;action concret sera d\u00e9ploy\u00e9 en collaboration avec les entreprises : des\u00a0<em>masterclasses<\/em>\u00a0pour sensibiliser les professionnel\u00b7le\u00b7s des RH, des \u00e9v\u00e9nements de r\u00e9seautage cruciaux pour les femmes du secteur, et l&rsquo;\u00e9laboration d&rsquo;un guide pratique pour les organisations.\u00a0<\/p>\n<p style=\"font-weight: 400;\">\u00a0<\/p>\n<p style=\"font-weight: 400;\">L&rsquo;ambition ultime est de cr\u00e9er un\u00a0<strong>r\u00e9seau durable d&rsquo;entreprises<\/strong>\u00a0fermement engag\u00e9es en faveur de l&rsquo;\u00e9galit\u00e9 de genre, dont l&rsquo;impact perdurera bien au-del\u00e0 de la dur\u00e9e du projet. Ce partenariat pilote, dont le\u00a0<strong>coup d&rsquo;envoi sera donn\u00e9 le 7 novembre<\/strong>\u00a0lors du\u00a0<a href=\"https:\/\/www.agoria.be\/en\/services\/expertise\/talent\/be-the-change\/agenda\/women-in-tech-autumn-meetup\"><em>Women in Tech Autumn Meetup<\/em><\/a>\u00a0d&rsquo;Agoria, vise ainsi non seulement \u00e0 transformer le secteur technologique belge, mais aussi \u00e0 \u00e9tablir un mod\u00e8le reproductible pour l&rsquo;avancement de l&rsquo;\u00e9galit\u00e9 dans d&rsquo;autres secteurs de l&rsquo;\u00e9conomie belge.<\/p>\n<p>\u00a0<\/p>\n<p style=\"font-weight: 400;\"><strong>Plus d\u2019infos\u00a0: <\/strong><\/p>\n<p style=\"font-weight: 400;\"><a href=\"https:\/\/www.agoria.be\/fr\/services\/expertise\/hr-legal-social-dialogue\/formations-et-carrieres\/gestion-des-talents-et-des-competences\/gestion-des-talents\/equal-un-partenariat-de-deux-ans-visant-a-promouvoir-les-femmes-dans-le-secteur-des-technologies\">https:\/\/www.agoria.be\/fr\/services\/expertise\/hr-legal-social-dialogue\/formations-et-carrieres\/gestion-des-talents-et-des-competences\/gestion-des-talents\/equal-un-partenariat-de-deux-ans-visant-a-promouvoir-les-femmes-dans-le-secteur-des-technologies<\/a><\/p>\n<p style=\"font-weight: 400;\"><a href=\"https:\/\/igvm-iefh.belgium.be\/fr\/actualites\/lancement-du-projet-equal\">https:\/\/igvm-iefh.belgium.be\/fr\/actualites\/lancement-du-projet-equal<\/a><\/p>\t\t\t\t\t\t\t\t<\/div>\n\t\t\t\t<\/div>\n\t\t\t\t\t<\/div>\n\t\t<\/div>\n\t\t\t\t\t<\/div>\n\t\t<\/section>\n\t\t\t\t<\/div>\n\t\t","protected":false},"excerpt":{"rendered":"<p>L&rsquo;Institut pour l\u2019\u00e9galit\u00e9 des femmes et des hommes et Agoria lancent Equal+, un projet pilote de deux ans visant \u00e0 promouvoir l&rsquo;\u00e9galit\u00e9 de genre et l&rsquo;acc\u00e8s des femmes aux postes de management dans le secteur technologique. Le kick-off officiel du projet est pr\u00e9vu le 7 novembre lors du Women in Tech Meetup organis\u00e9 chez Agoria. [&hellip;]<\/p>\n","protected":false},"author":3,"featured_media":10846,"comment_status":"closed","ping_status":"closed","sticky":false,"template":"","format":"standard","meta":{"_acf_changed":false,"footnotes":""},"categories":[141,98],"tags":[],"active":[144],"class_list":["post-10826","post","type-post","status-publish","format-standard","has-post-thumbnail","hentry","category-blog-fr","category-monde-du-travail","active-active"],"acf":[],"yoast_head":"<!-- This site is optimized with the Yoast SEO plugin v27.5 - https:\/\/yoast.com\/product\/yoast-seo-wordpress\/ -->\n<title>Equal+ : un partenariat de deux ans visant \u00e0 promouvoir les femmes dans le secteur des technologies - BeDigitalTogether - Be Digital Together<\/title>\n<meta name=\"robots\" content=\"index, follow, max-snippet:-1, max-image-preview:large, max-video-preview:-1\" \/>\n<link rel=\"canonical\" href=\"https:\/\/www.bedigitaltogether.be\/fr\/\" \/>\n<meta property=\"og:locale\" content=\"fr_FR\" \/>\n<meta property=\"og:type\" content=\"article\" \/>\n<meta property=\"og:title\" content=\"Equal+ : un partenariat de deux ans visant \u00e0 promouvoir les femmes dans le secteur des technologies - BeDigitalTogether - Be Digital Together\" \/>\n<meta property=\"og:description\" content=\"L&rsquo;Institut pour l\u2019\u00e9galit\u00e9 des femmes et des hommes et Agoria lancent Equal+, un projet pilote de deux ans visant \u00e0 promouvoir l&rsquo;\u00e9galit\u00e9 de genre et l&rsquo;acc\u00e8s des femmes aux postes de management dans le secteur technologique. Le kick-off officiel du projet est pr\u00e9vu le 7 novembre lors du Women in Tech Meetup organis\u00e9 chez Agoria. [&hellip;]\" \/>\n<meta property=\"og:url\" content=\"https:\/\/www.bedigitaltogether.be\/fr\/\" \/>\n<meta property=\"og:site_name\" content=\"BeDigitalTogether\" \/>\n<meta property=\"article:published_time\" content=\"2025-10-23T09:40:35+00:00\" \/>\n<meta property=\"article:modified_time\" content=\"2025-10-23T09:56:44+00:00\" \/>\n<meta property=\"og:image\" content=\"https:\/\/www.bedigitaltogether.be\/wp-content\/uploads\/2025\/10\/equal.png\" \/>\n\t<meta property=\"og:image:width\" content=\"550\" \/>\n\t<meta property=\"og:image:height\" content=\"368\" \/>\n\t<meta property=\"og:image:type\" content=\"image\/png\" \/>\n<meta name=\"author\" content=\"Pierre\" \/>\n<meta name=\"twitter:card\" content=\"summary_large_image\" \/>\n<meta name=\"twitter:label1\" content=\"\u00c9crit par\" \/>\n\t<meta name=\"twitter:data1\" content=\"Pierre\" \/>\n\t<meta name=\"twitter:label2\" content=\"Dur\u00e9e de lecture estim\u00e9e\" \/>\n\t<meta name=\"twitter:data2\" content=\"2 minutes\" \/>\n<script type=\"application\/ld+json\" class=\"yoast-schema-graph\">{\"@context\":\"https:\\\/\\\/schema.org\",\"@graph\":[{\"@type\":\"Article\",\"@id\":\"https:\\\/\\\/www.bedigitaltogether.be\\\/fr\\\/equal-un-partenariat-de-deux-ans-visant-a-promouvoir-les-femmes-dans-le-secteur-des-technologies\\\/#article\",\"isPartOf\":{\"@id\":\"https:\\\/\\\/www.bedigitaltogether.be\\\/fr\\\/equal-un-partenariat-de-deux-ans-visant-a-promouvoir-les-femmes-dans-le-secteur-des-technologies\\\/\"},\"author\":{\"name\":\"Pierre\",\"@id\":\"https:\\\/\\\/www.bedigitaltogether.be\\\/fr\\\/#\\\/schema\\\/person\\\/c3722c9f6ae2f22bc468e0468cc276d4\"},\"headline\":\"Equal+ : un partenariat de deux ans visant \u00e0 promouvoir les femmes dans le secteur des technologies\",\"datePublished\":\"2025-10-23T09:40:35+00:00\",\"dateModified\":\"2025-10-23T09:56:44+00:00\",\"mainEntityOfPage\":{\"@id\":\"https:\\\/\\\/www.bedigitaltogether.be\\\/fr\\\/equal-un-partenariat-de-deux-ans-visant-a-promouvoir-les-femmes-dans-le-secteur-des-technologies\\\/\"},\"wordCount\":312,\"image\":{\"@id\":\"https:\\\/\\\/www.bedigitaltogether.be\\\/fr\\\/equal-un-partenariat-de-deux-ans-visant-a-promouvoir-les-femmes-dans-le-secteur-des-technologies\\\/#primaryimage\"},\"thumbnailUrl\":\"https:\\\/\\\/www.bedigitaltogether.be\\\/wp-content\\\/uploads\\\/2025\\\/10\\\/equal.png\",\"articleSection\":[\"Actualit\u00e9\",\"Monde du travail\"],\"inLanguage\":\"fr-FR\"},{\"@type\":\"WebPage\",\"@id\":\"https:\\\/\\\/www.bedigitaltogether.be\\\/fr\\\/equal-un-partenariat-de-deux-ans-visant-a-promouvoir-les-femmes-dans-le-secteur-des-technologies\\\/\",\"url\":\"https:\\\/\\\/www.bedigitaltogether.be\\\/fr\\\/equal-un-partenariat-de-deux-ans-visant-a-promouvoir-les-femmes-dans-le-secteur-des-technologies\\\/\",\"name\":\"Equal+ : un partenariat de deux ans visant \u00e0 promouvoir les femmes dans le secteur des technologies - BeDigitalTogether - Be Digital Together\",\"isPartOf\":{\"@id\":\"https:\\\/\\\/www.bedigitaltogether.be\\\/fr\\\/#website\"},\"primaryImageOfPage\":{\"@id\":\"https:\\\/\\\/www.bedigitaltogether.be\\\/fr\\\/equal-un-partenariat-de-deux-ans-visant-a-promouvoir-les-femmes-dans-le-secteur-des-technologies\\\/#primaryimage\"},\"image\":{\"@id\":\"https:\\\/\\\/www.bedigitaltogether.be\\\/fr\\\/equal-un-partenariat-de-deux-ans-visant-a-promouvoir-les-femmes-dans-le-secteur-des-technologies\\\/#primaryimage\"},\"thumbnailUrl\":\"https:\\\/\\\/www.bedigitaltogether.be\\\/wp-content\\\/uploads\\\/2025\\\/10\\\/equal.png\",\"datePublished\":\"2025-10-23T09:40:35+00:00\",\"dateModified\":\"2025-10-23T09:56:44+00:00\",\"author\":{\"@id\":\"https:\\\/\\\/www.bedigitaltogether.be\\\/fr\\\/#\\\/schema\\\/person\\\/c3722c9f6ae2f22bc468e0468cc276d4\"},\"breadcrumb\":{\"@id\":\"https:\\\/\\\/www.bedigitaltogether.be\\\/fr\\\/equal-un-partenariat-de-deux-ans-visant-a-promouvoir-les-femmes-dans-le-secteur-des-technologies\\\/#breadcrumb\"},\"inLanguage\":\"fr-FR\",\"potentialAction\":[{\"@type\":\"ReadAction\",\"target\":[\"https:\\\/\\\/www.bedigitaltogether.be\\\/fr\\\/equal-un-partenariat-de-deux-ans-visant-a-promouvoir-les-femmes-dans-le-secteur-des-technologies\\\/\"]}]},{\"@type\":\"ImageObject\",\"inLanguage\":\"fr-FR\",\"@id\":\"https:\\\/\\\/www.bedigitaltogether.be\\\/fr\\\/equal-un-partenariat-de-deux-ans-visant-a-promouvoir-les-femmes-dans-le-secteur-des-technologies\\\/#primaryimage\",\"url\":\"https:\\\/\\\/www.bedigitaltogether.be\\\/wp-content\\\/uploads\\\/2025\\\/10\\\/equal.png\",\"contentUrl\":\"https:\\\/\\\/www.bedigitaltogether.be\\\/wp-content\\\/uploads\\\/2025\\\/10\\\/equal.png\",\"width\":550,\"height\":368},{\"@type\":\"BreadcrumbList\",\"@id\":\"https:\\\/\\\/www.bedigitaltogether.be\\\/fr\\\/equal-un-partenariat-de-deux-ans-visant-a-promouvoir-les-femmes-dans-le-secteur-des-technologies\\\/#breadcrumb\",\"itemListElement\":[{\"@type\":\"ListItem\",\"position\":1,\"name\":\"Accueil\",\"item\":\"https:\\\/\\\/www.bedigitaltogether.be\\\/fr\\\/\"},{\"@type\":\"ListItem\",\"position\":2,\"name\":\"Actualit\u00e9\",\"item\":\"https:\\\/\\\/www.bedigitaltogether.be\\\/fr\\\/category\\\/blog-fr\\\/\"},{\"@type\":\"ListItem\",\"position\":3,\"name\":\"Equal+ : un partenariat de deux ans visant \u00e0 promouvoir les femmes dans le secteur des technologies\"}]},{\"@type\":\"WebSite\",\"@id\":\"https:\\\/\\\/www.bedigitaltogether.be\\\/fr\\\/#website\",\"url\":\"https:\\\/\\\/www.bedigitaltogether.be\\\/fr\\\/\",\"name\":\"BeDigitalTogether\",\"description\":\"\",\"potentialAction\":[{\"@type\":\"SearchAction\",\"target\":{\"@type\":\"EntryPoint\",\"urlTemplate\":\"https:\\\/\\\/www.bedigitaltogether.be\\\/fr\\\/?s={search_term_string}\"},\"query-input\":{\"@type\":\"PropertyValueSpecification\",\"valueRequired\":true,\"valueName\":\"search_term_string\"}}],\"inLanguage\":\"fr-FR\"},{\"@type\":\"Person\",\"@id\":\"https:\\\/\\\/www.bedigitaltogether.be\\\/fr\\\/#\\\/schema\\\/person\\\/c3722c9f6ae2f22bc468e0468cc276d4\",\"name\":\"Pierre\",\"image\":{\"@type\":\"ImageObject\",\"inLanguage\":\"fr-FR\",\"@id\":\"https:\\\/\\\/secure.gravatar.com\\\/avatar\\\/0014f2ba89c362b3698258bdca87ea80bf638afe793c6a820bef9cb601ca2a41?s=96&d=mm&r=g\",\"url\":\"https:\\\/\\\/secure.gravatar.com\\\/avatar\\\/0014f2ba89c362b3698258bdca87ea80bf638afe793c6a820bef9cb601ca2a41?s=96&d=mm&r=g\",\"contentUrl\":\"https:\\\/\\\/secure.gravatar.com\\\/avatar\\\/0014f2ba89c362b3698258bdca87ea80bf638afe793c6a820bef9cb601ca2a41?s=96&d=mm&r=g\",\"caption\":\"Pierre\"},\"url\":\"https:\\\/\\\/www.bedigitaltogether.be\\\/fr\\\/author\\\/pierre\\\/\"}]}<\/script>\n<!-- \/ Yoast SEO plugin. -->","yoast_head_json":{"title":"Equal+ : un partenariat de deux ans visant \u00e0 promouvoir les femmes dans le secteur des technologies - BeDigitalTogether - Be Digital Together","robots":{"index":"index","follow":"follow","max-snippet":"max-snippet:-1","max-image-preview":"max-image-preview:large","max-video-preview":"max-video-preview:-1"},"canonical":"https:\/\/www.bedigitaltogether.be\/fr\/","og_locale":"fr_FR","og_type":"article","og_title":"Equal+ : un partenariat de deux ans visant \u00e0 promouvoir les femmes dans le secteur des technologies - BeDigitalTogether - Be Digital Together","og_description":"L&rsquo;Institut pour l\u2019\u00e9galit\u00e9 des femmes et des hommes et Agoria lancent Equal+, un projet pilote de deux ans visant \u00e0 promouvoir l&rsquo;\u00e9galit\u00e9 de genre et l&rsquo;acc\u00e8s des femmes aux postes de management dans le secteur technologique. Le kick-off officiel du projet est pr\u00e9vu le 7 novembre lors du Women in Tech Meetup organis\u00e9 chez Agoria. [&hellip;]","og_url":"https:\/\/www.bedigitaltogether.be\/fr\/","og_site_name":"BeDigitalTogether","article_published_time":"2025-10-23T09:40:35+00:00","article_modified_time":"2025-10-23T09:56:44+00:00","og_image":[{"width":550,"height":368,"url":"https:\/\/www.bedigitaltogether.be\/wp-content\/uploads\/2025\/10\/equal.png","type":"image\/png"}],"author":"Pierre","twitter_card":"summary_large_image","twitter_misc":{"\u00c9crit par":"Pierre","Dur\u00e9e de lecture estim\u00e9e":"2 minutes"},"schema":{"@context":"https:\/\/schema.org","@graph":[{"@type":"Article","@id":"https:\/\/www.bedigitaltogether.be\/fr\/equal-un-partenariat-de-deux-ans-visant-a-promouvoir-les-femmes-dans-le-secteur-des-technologies\/#article","isPartOf":{"@id":"https:\/\/www.bedigitaltogether.be\/fr\/equal-un-partenariat-de-deux-ans-visant-a-promouvoir-les-femmes-dans-le-secteur-des-technologies\/"},"author":{"name":"Pierre","@id":"https:\/\/www.bedigitaltogether.be\/fr\/#\/schema\/person\/c3722c9f6ae2f22bc468e0468cc276d4"},"headline":"Equal+ : un partenariat de deux ans visant \u00e0 promouvoir les femmes dans le secteur des technologies","datePublished":"2025-10-23T09:40:35+00:00","dateModified":"2025-10-23T09:56:44+00:00","mainEntityOfPage":{"@id":"https:\/\/www.bedigitaltogether.be\/fr\/equal-un-partenariat-de-deux-ans-visant-a-promouvoir-les-femmes-dans-le-secteur-des-technologies\/"},"wordCount":312,"image":{"@id":"https:\/\/www.bedigitaltogether.be\/fr\/equal-un-partenariat-de-deux-ans-visant-a-promouvoir-les-femmes-dans-le-secteur-des-technologies\/#primaryimage"},"thumbnailUrl":"https:\/\/www.bedigitaltogether.be\/wp-content\/uploads\/2025\/10\/equal.png","articleSection":["Actualit\u00e9","Monde du travail"],"inLanguage":"fr-FR"},{"@type":"WebPage","@id":"https:\/\/www.bedigitaltogether.be\/fr\/equal-un-partenariat-de-deux-ans-visant-a-promouvoir-les-femmes-dans-le-secteur-des-technologies\/","url":"https:\/\/www.bedigitaltogether.be\/fr\/equal-un-partenariat-de-deux-ans-visant-a-promouvoir-les-femmes-dans-le-secteur-des-technologies\/","name":"Equal+ : un partenariat de deux ans visant \u00e0 promouvoir les femmes dans le secteur des technologies - BeDigitalTogether - Be Digital Together","isPartOf":{"@id":"https:\/\/www.bedigitaltogether.be\/fr\/#website"},"primaryImageOfPage":{"@id":"https:\/\/www.bedigitaltogether.be\/fr\/equal-un-partenariat-de-deux-ans-visant-a-promouvoir-les-femmes-dans-le-secteur-des-technologies\/#primaryimage"},"image":{"@id":"https:\/\/www.bedigitaltogether.be\/fr\/equal-un-partenariat-de-deux-ans-visant-a-promouvoir-les-femmes-dans-le-secteur-des-technologies\/#primaryimage"},"thumbnailUrl":"https:\/\/www.bedigitaltogether.be\/wp-content\/uploads\/2025\/10\/equal.png","datePublished":"2025-10-23T09:40:35+00:00","dateModified":"2025-10-23T09:56:44+00:00","author":{"@id":"https:\/\/www.bedigitaltogether.be\/fr\/#\/schema\/person\/c3722c9f6ae2f22bc468e0468cc276d4"},"breadcrumb":{"@id":"https:\/\/www.bedigitaltogether.be\/fr\/equal-un-partenariat-de-deux-ans-visant-a-promouvoir-les-femmes-dans-le-secteur-des-technologies\/#breadcrumb"},"inLanguage":"fr-FR","potentialAction":[{"@type":"ReadAction","target":["https:\/\/www.bedigitaltogether.be\/fr\/equal-un-partenariat-de-deux-ans-visant-a-promouvoir-les-femmes-dans-le-secteur-des-technologies\/"]}]},{"@type":"ImageObject","inLanguage":"fr-FR","@id":"https:\/\/www.bedigitaltogether.be\/fr\/equal-un-partenariat-de-deux-ans-visant-a-promouvoir-les-femmes-dans-le-secteur-des-technologies\/#primaryimage","url":"https:\/\/www.bedigitaltogether.be\/wp-content\/uploads\/2025\/10\/equal.png","contentUrl":"https:\/\/www.bedigitaltogether.be\/wp-content\/uploads\/2025\/10\/equal.png","width":550,"height":368},{"@type":"BreadcrumbList","@id":"https:\/\/www.bedigitaltogether.be\/fr\/equal-un-partenariat-de-deux-ans-visant-a-promouvoir-les-femmes-dans-le-secteur-des-technologies\/#breadcrumb","itemListElement":[{"@type":"ListItem","position":1,"name":"Accueil","item":"https:\/\/www.bedigitaltogether.be\/fr\/"},{"@type":"ListItem","position":2,"name":"Actualit\u00e9","item":"https:\/\/www.bedigitaltogether.be\/fr\/category\/blog-fr\/"},{"@type":"ListItem","position":3,"name":"Equal+ : un partenariat de deux ans visant \u00e0 promouvoir les femmes dans le secteur des technologies"}]},{"@type":"WebSite","@id":"https:\/\/www.bedigitaltogether.be\/fr\/#website","url":"https:\/\/www.bedigitaltogether.be\/fr\/","name":"BeDigitalTogether","description":"","potentialAction":[{"@type":"SearchAction","target":{"@type":"EntryPoint","urlTemplate":"https:\/\/www.bedigitaltogether.be\/fr\/?s={search_term_string}"},"query-input":{"@type":"PropertyValueSpecification","valueRequired":true,"valueName":"search_term_string"}}],"inLanguage":"fr-FR"},{"@type":"Person","@id":"https:\/\/www.bedigitaltogether.be\/fr\/#\/schema\/person\/c3722c9f6ae2f22bc468e0468cc276d4","name":"Pierre","image":{"@type":"ImageObject","inLanguage":"fr-FR","@id":"https:\/\/secure.gravatar.com\/avatar\/0014f2ba89c362b3698258bdca87ea80bf638afe793c6a820bef9cb601ca2a41?s=96&d=mm&r=g","url":"https:\/\/secure.gravatar.com\/avatar\/0014f2ba89c362b3698258bdca87ea80bf638afe793c6a820bef9cb601ca2a41?s=96&d=mm&r=g","contentUrl":"https:\/\/secure.gravatar.com\/avatar\/0014f2ba89c362b3698258bdca87ea80bf638afe793c6a820bef9cb601ca2a41?s=96&d=mm&r=g","caption":"Pierre"},"url":"https:\/\/www.bedigitaltogether.be\/fr\/author\/pierre\/"}]}},"_links":{"self":[{"href":"https:\/\/www.bedigitaltogether.be\/fr\/wp-json\/wp\/v2\/posts\/10826","targetHints":{"allow":["GET"]}}],"collection":[{"href":"https:\/\/www.bedigitaltogether.be\/fr\/wp-json\/wp\/v2\/posts"}],"about":[{"href":"https:\/\/www.bedigitaltogether.be\/fr\/wp-json\/wp\/v2\/types\/post"}],"author":[{"embeddable":true,"href":"https:\/\/www.bedigitaltogether.be\/fr\/wp-json\/wp\/v2\/users\/3"}],"replies":[{"embeddable":true,"href":"https:\/\/www.bedigitaltogether.be\/fr\/wp-json\/wp\/v2\/comments?post=10826"}],"version-history":[{"count":5,"href":"https:\/\/www.bedigitaltogether.be\/fr\/wp-json\/wp\/v2\/posts\/10826\/revisions"}],"predecessor-version":[{"id":10838,"href":"https:\/\/www.bedigitaltogether.be\/fr\/wp-json\/wp\/v2\/posts\/10826\/revisions\/10838"}],"wp:featuredmedia":[{"embeddable":true,"href":"https:\/\/www.bedigitaltogether.be\/fr\/wp-json\/wp\/v2\/media\/10846"}],"wp:attachment":[{"href":"https:\/\/www.bedigitaltogether.be\/fr\/wp-json\/wp\/v2\/media?parent=10826"}],"wp:term":[{"taxonomy":"category","embeddable":true,"href":"https:\/\/www.bedigitaltogether.be\/fr\/wp-json\/wp\/v2\/categories?post=10826"},{"taxonomy":"post_tag","embeddable":true,"href":"https:\/\/www.bedigitaltogether.be\/fr\/wp-json\/wp\/v2\/tags?post=10826"},{"taxonomy":"active","embeddable":true,"href":"https:\/\/www.bedigitaltogether.be\/fr\/wp-json\/wp\/v2\/active?post=10826"}],"curies":[{"name":"wp","href":"https:\/\/api.w.org\/{rel}","templated":true}]}}