{"id":10774,"date":"2025-10-09T14:38:58","date_gmt":"2025-10-09T14:38:58","guid":{"rendered":"https:\/\/www.bedigitaltogether.be\/?p=10774"},"modified":"2025-10-09T15:19:34","modified_gmt":"2025-10-09T15:19:34","slug":"evenement-women-in-tech-et-si-lia-etait-un-miroir","status":"publish","type":"post","link":"https:\/\/www.bedigitaltogether.be\/fr\/evenement-women-in-tech-et-si-lia-etait-un-miroir\/","title":{"rendered":"\u00c9v\u00e9nement Women in Tech\u00a0: Et si l\u2019IA \u00e9tait un miroir\u00a0?"},"content":{"rendered":"\t\t<div data-elementor-type=\"wp-post\" data-elementor-id=\"10774\" class=\"elementor elementor-10774\" data-elementor-post-type=\"post\">\n\t\t\t\t\t\t<section class=\"elementor-section elementor-top-section elementor-element elementor-element-54a940e elementor-section-boxed elementor-section-height-default elementor-section-height-default\" data-id=\"54a940e\" data-element_type=\"section\">\n\t\t\t\t\t\t<div class=\"elementor-container elementor-column-gap-default\">\n\t\t\t\t\t<div class=\"elementor-column elementor-col-100 elementor-top-column elementor-element elementor-element-2d6dfb3\" data-id=\"2d6dfb3\" data-element_type=\"column\">\n\t\t\t<div class=\"elementor-widget-wrap elementor-element-populated\">\n\t\t\t\t\t\t<div class=\"elementor-element elementor-element-ddbf4b0 elementor-widget elementor-widget-text-editor\" data-id=\"ddbf4b0\" data-element_type=\"widget\" data-widget_type=\"text-editor.default\">\n\t\t\t\t<div class=\"elementor-widget-container\">\n\t\t\t\t\t\t\t\t\t<p style=\"font-weight: 400;\">\u00c0 travers des <strong>conf\u00e9rences<\/strong>, un <strong>d\u00e9bat anim\u00e9<\/strong> et une <strong>soir\u00e9e de r\u00e9seautage<\/strong>, <strong>vous pourrez \u00e9changer et partager vos perspectives<\/strong> sur les enjeux humains, \u00e9thiques et soci\u00e9taux li\u00e9s \u00e0 l\u2019IA.<\/p>\n<p style=\"font-weight: 400;\">\n<\/p><p style=\"font-weight: 400;\">Au cours de cet \u00e9v\u00e9nement, <strong>vous aurez l\u2019opportunit\u00e9 d\u2019explorer un sujet au c\u0153ur de toutes les conversations : l\u2019intelligence artificielle<\/strong>.<\/p>\n<p style=\"font-weight: 400;\">\n<\/p><p style=\"font-weight: 400;\"><strong>Le but de cette soir\u00e9e<\/strong> est de <strong>vous apporter des cl\u00e9s pour mieux comprendre l\u2019intelligence artificielle<\/strong>, mais aussi de <strong>vous inspirer \u00e0 la fa\u00e7onner de mani\u00e8re \u00e9thique, transparente et souveraine<\/strong>.<\/p>\n<p style=\"font-weight: 400;\"><strong>Date :<\/strong> 3 novembre<br><strong>Lieu :<\/strong> NRB &#8211; Network Research Belgium &#8211; 2e Avenue 65 &#8211; Parc Industriel des Hauts Sarts &#8211; 4040 Herstal<\/p>\n<p style=\"font-weight: 400;\">Pour plus d\u2019informations et pour vous inscrire, rendez-vous sur la <strong>page officielle de l\u2019\u00e9v\u00e9nement<\/strong>&nbsp;: <a href=\"https:\/\/www.agoria.be\/en\/services\/expertise\/digitisation\/artificial-intelligence\/agenda\/et-si-lia-etait-un-miroir\">Et si l&rsquo;IA \u00e9tait un miroir? | Agoria<\/a><\/p>\n<p style=\"font-weight: 400;\"><strong>Notez que cet \u00e9v\u00e9nement se d\u00e9roulera en Fran\u00e7ais<\/strong><\/p>\t\t\t\t\t\t\t\t<\/div>\n\t\t\t\t<\/div>\n\t\t\t\t\t<\/div>\n\t\t<\/div>\n\t\t\t\t\t<\/div>\n\t\t<\/section>\n\t\t\t\t<\/div>\n\t\t","protected":false},"excerpt":{"rendered":"<p>\u00c0 travers des conf\u00e9rences, un d\u00e9bat anim\u00e9 et une soir\u00e9e de r\u00e9seautage, vous pourrez \u00e9changer et partager vos perspectives sur les enjeux humains, \u00e9thiques et soci\u00e9taux li\u00e9s \u00e0 l\u2019IA. Au cours de cet \u00e9v\u00e9nement, vous aurez l\u2019opportunit\u00e9 d\u2019explorer un sujet au c\u0153ur de toutes les conversations : l\u2019intelligence artificielle. Le but de cette soir\u00e9e est [&hellip;]<\/p>\n","protected":false},"author":3,"featured_media":10775,"comment_status":"closed","ping_status":"closed","sticky":false,"template":"","format":"standard","meta":{"_acf_changed":false,"footnotes":""},"categories":[98],"tags":[120],"active":[144],"class_list":["post-10774","post","type-post","status-publish","format-standard","has-post-thumbnail","hentry","category-monde-du-travail","tag-evenement-fr","active-active"],"acf":[],"yoast_head":"<!-- This site is optimized with the Yoast SEO plugin v27.5 - https:\/\/yoast.com\/product\/yoast-seo-wordpress\/ -->\n<title>\u00c9v\u00e9nement Women in Tech\u00a0: Et si l\u2019IA \u00e9tait un miroir\u00a0? - BeDigitalTogether - Be Digital Together<\/title>\n<meta name=\"robots\" content=\"index, follow, max-snippet:-1, max-image-preview:large, max-video-preview:-1\" \/>\n<link rel=\"canonical\" href=\"https:\/\/www.bedigitaltogether.be\/fr\/\" \/>\n<meta property=\"og:locale\" content=\"fr_FR\" \/>\n<meta property=\"og:type\" content=\"article\" \/>\n<meta property=\"og:title\" content=\"\u00c9v\u00e9nement Women in Tech\u00a0: Et si l\u2019IA \u00e9tait un miroir\u00a0? - BeDigitalTogether - Be Digital Together\" \/>\n<meta property=\"og:description\" content=\"\u00c0 travers des conf\u00e9rences, un d\u00e9bat anim\u00e9 et une soir\u00e9e de r\u00e9seautage, vous pourrez \u00e9changer et partager vos perspectives sur les enjeux humains, \u00e9thiques et soci\u00e9taux li\u00e9s \u00e0 l\u2019IA. Au cours de cet \u00e9v\u00e9nement, vous aurez l\u2019opportunit\u00e9 d\u2019explorer un sujet au c\u0153ur de toutes les conversations : l\u2019intelligence artificielle. Le but de cette soir\u00e9e est [&hellip;]\" \/>\n<meta property=\"og:url\" content=\"https:\/\/www.bedigitaltogether.be\/fr\/\" \/>\n<meta property=\"og:site_name\" content=\"BeDigitalTogether\" \/>\n<meta property=\"article:published_time\" content=\"2025-10-09T14:38:58+00:00\" \/>\n<meta property=\"article:modified_time\" content=\"2025-10-09T15:19:34+00:00\" \/>\n<meta property=\"og:image\" content=\"https:\/\/www.bedigitaltogether.be\/wp-content\/uploads\/2025\/10\/IA.png\" \/>\n\t<meta property=\"og:image:width\" content=\"550\" \/>\n\t<meta property=\"og:image:height\" content=\"368\" \/>\n\t<meta property=\"og:image:type\" content=\"image\/png\" \/>\n<meta name=\"author\" content=\"Pierre\" \/>\n<meta name=\"twitter:card\" content=\"summary_large_image\" \/>\n<meta name=\"twitter:label1\" content=\"\u00c9crit par\" \/>\n\t<meta name=\"twitter:data1\" content=\"Pierre\" \/>\n\t<meta name=\"twitter:label2\" content=\"Dur\u00e9e de lecture estim\u00e9e\" \/>\n\t<meta name=\"twitter:data2\" content=\"1 minute\" \/>\n<script type=\"application\/ld+json\" class=\"yoast-schema-graph\">{\"@context\":\"https:\\\/\\\/schema.org\",\"@graph\":[{\"@type\":\"Article\",\"@id\":\"https:\\\/\\\/www.bedigitaltogether.be\\\/fr\\\/evenement-women-in-tech-et-si-lia-etait-un-miroir\\\/#article\",\"isPartOf\":{\"@id\":\"https:\\\/\\\/www.bedigitaltogether.be\\\/fr\\\/evenement-women-in-tech-et-si-lia-etait-un-miroir\\\/\"},\"author\":{\"name\":\"Pierre\",\"@id\":\"https:\\\/\\\/www.bedigitaltogether.be\\\/fr\\\/#\\\/schema\\\/person\\\/c3722c9f6ae2f22bc468e0468cc276d4\"},\"headline\":\"\u00c9v\u00e9nement Women in Tech\u00a0: Et si l\u2019IA \u00e9tait un miroir\u00a0?\",\"datePublished\":\"2025-10-09T14:38:58+00:00\",\"dateModified\":\"2025-10-09T15:19:34+00:00\",\"mainEntityOfPage\":{\"@id\":\"https:\\\/\\\/www.bedigitaltogether.be\\\/fr\\\/evenement-women-in-tech-et-si-lia-etait-un-miroir\\\/\"},\"wordCount\":160,\"image\":{\"@id\":\"https:\\\/\\\/www.bedigitaltogether.be\\\/fr\\\/evenement-women-in-tech-et-si-lia-etait-un-miroir\\\/#primaryimage\"},\"thumbnailUrl\":\"https:\\\/\\\/www.bedigitaltogether.be\\\/wp-content\\\/uploads\\\/2025\\\/10\\\/IA.png\",\"keywords\":[\"\u00c9v\u00e9nement\"],\"articleSection\":[\"Monde du travail\"],\"inLanguage\":\"fr-FR\"},{\"@type\":\"WebPage\",\"@id\":\"https:\\\/\\\/www.bedigitaltogether.be\\\/fr\\\/evenement-women-in-tech-et-si-lia-etait-un-miroir\\\/\",\"url\":\"https:\\\/\\\/www.bedigitaltogether.be\\\/fr\\\/evenement-women-in-tech-et-si-lia-etait-un-miroir\\\/\",\"name\":\"\u00c9v\u00e9nement Women in Tech\u00a0: Et si l\u2019IA \u00e9tait un miroir\u00a0? - BeDigitalTogether - Be Digital Together\",\"isPartOf\":{\"@id\":\"https:\\\/\\\/www.bedigitaltogether.be\\\/fr\\\/#website\"},\"primaryImageOfPage\":{\"@id\":\"https:\\\/\\\/www.bedigitaltogether.be\\\/fr\\\/evenement-women-in-tech-et-si-lia-etait-un-miroir\\\/#primaryimage\"},\"image\":{\"@id\":\"https:\\\/\\\/www.bedigitaltogether.be\\\/fr\\\/evenement-women-in-tech-et-si-lia-etait-un-miroir\\\/#primaryimage\"},\"thumbnailUrl\":\"https:\\\/\\\/www.bedigitaltogether.be\\\/wp-content\\\/uploads\\\/2025\\\/10\\\/IA.png\",\"datePublished\":\"2025-10-09T14:38:58+00:00\",\"dateModified\":\"2025-10-09T15:19:34+00:00\",\"author\":{\"@id\":\"https:\\\/\\\/www.bedigitaltogether.be\\\/fr\\\/#\\\/schema\\\/person\\\/c3722c9f6ae2f22bc468e0468cc276d4\"},\"breadcrumb\":{\"@id\":\"https:\\\/\\\/www.bedigitaltogether.be\\\/fr\\\/evenement-women-in-tech-et-si-lia-etait-un-miroir\\\/#breadcrumb\"},\"inLanguage\":\"fr-FR\",\"potentialAction\":[{\"@type\":\"ReadAction\",\"target\":[\"https:\\\/\\\/www.bedigitaltogether.be\\\/fr\\\/evenement-women-in-tech-et-si-lia-etait-un-miroir\\\/\"]}]},{\"@type\":\"ImageObject\",\"inLanguage\":\"fr-FR\",\"@id\":\"https:\\\/\\\/www.bedigitaltogether.be\\\/fr\\\/evenement-women-in-tech-et-si-lia-etait-un-miroir\\\/#primaryimage\",\"url\":\"https:\\\/\\\/www.bedigitaltogether.be\\\/wp-content\\\/uploads\\\/2025\\\/10\\\/IA.png\",\"contentUrl\":\"https:\\\/\\\/www.bedigitaltogether.be\\\/wp-content\\\/uploads\\\/2025\\\/10\\\/IA.png\",\"width\":550,\"height\":368},{\"@type\":\"BreadcrumbList\",\"@id\":\"https:\\\/\\\/www.bedigitaltogether.be\\\/fr\\\/evenement-women-in-tech-et-si-lia-etait-un-miroir\\\/#breadcrumb\",\"itemListElement\":[{\"@type\":\"ListItem\",\"position\":1,\"name\":\"Accueil\",\"item\":\"https:\\\/\\\/www.bedigitaltogether.be\\\/fr\\\/\"},{\"@type\":\"ListItem\",\"position\":2,\"name\":\"Monde du travail\",\"item\":\"https:\\\/\\\/www.bedigitaltogether.be\\\/fr\\\/category\\\/monde-du-travail\\\/\"},{\"@type\":\"ListItem\",\"position\":3,\"name\":\"\u00c9v\u00e9nement Women in Tech\u00a0: Et si l\u2019IA \u00e9tait un miroir\u00a0?\"}]},{\"@type\":\"WebSite\",\"@id\":\"https:\\\/\\\/www.bedigitaltogether.be\\\/fr\\\/#website\",\"url\":\"https:\\\/\\\/www.bedigitaltogether.be\\\/fr\\\/\",\"name\":\"BeDigitalTogether\",\"description\":\"\",\"potentialAction\":[{\"@type\":\"SearchAction\",\"target\":{\"@type\":\"EntryPoint\",\"urlTemplate\":\"https:\\\/\\\/www.bedigitaltogether.be\\\/fr\\\/?s={search_term_string}\"},\"query-input\":{\"@type\":\"PropertyValueSpecification\",\"valueRequired\":true,\"valueName\":\"search_term_string\"}}],\"inLanguage\":\"fr-FR\"},{\"@type\":\"Person\",\"@id\":\"https:\\\/\\\/www.bedigitaltogether.be\\\/fr\\\/#\\\/schema\\\/person\\\/c3722c9f6ae2f22bc468e0468cc276d4\",\"name\":\"Pierre\",\"image\":{\"@type\":\"ImageObject\",\"inLanguage\":\"fr-FR\",\"@id\":\"https:\\\/\\\/secure.gravatar.com\\\/avatar\\\/0014f2ba89c362b3698258bdca87ea80bf638afe793c6a820bef9cb601ca2a41?s=96&d=mm&r=g\",\"url\":\"https:\\\/\\\/secure.gravatar.com\\\/avatar\\\/0014f2ba89c362b3698258bdca87ea80bf638afe793c6a820bef9cb601ca2a41?s=96&d=mm&r=g\",\"contentUrl\":\"https:\\\/\\\/secure.gravatar.com\\\/avatar\\\/0014f2ba89c362b3698258bdca87ea80bf638afe793c6a820bef9cb601ca2a41?s=96&d=mm&r=g\",\"caption\":\"Pierre\"},\"url\":\"https:\\\/\\\/www.bedigitaltogether.be\\\/fr\\\/author\\\/pierre\\\/\"}]}<\/script>\n<!-- \/ Yoast SEO plugin. -->","yoast_head_json":{"title":"\u00c9v\u00e9nement Women in Tech\u00a0: Et si l\u2019IA \u00e9tait un miroir\u00a0? - BeDigitalTogether - Be Digital Together","robots":{"index":"index","follow":"follow","max-snippet":"max-snippet:-1","max-image-preview":"max-image-preview:large","max-video-preview":"max-video-preview:-1"},"canonical":"https:\/\/www.bedigitaltogether.be\/fr\/","og_locale":"fr_FR","og_type":"article","og_title":"\u00c9v\u00e9nement Women in Tech\u00a0: Et si l\u2019IA \u00e9tait un miroir\u00a0? - BeDigitalTogether - Be Digital Together","og_description":"\u00c0 travers des conf\u00e9rences, un d\u00e9bat anim\u00e9 et une soir\u00e9e de r\u00e9seautage, vous pourrez \u00e9changer et partager vos perspectives sur les enjeux humains, \u00e9thiques et soci\u00e9taux li\u00e9s \u00e0 l\u2019IA. Au cours de cet \u00e9v\u00e9nement, vous aurez l\u2019opportunit\u00e9 d\u2019explorer un sujet au c\u0153ur de toutes les conversations : l\u2019intelligence artificielle. Le but de cette soir\u00e9e est [&hellip;]","og_url":"https:\/\/www.bedigitaltogether.be\/fr\/","og_site_name":"BeDigitalTogether","article_published_time":"2025-10-09T14:38:58+00:00","article_modified_time":"2025-10-09T15:19:34+00:00","og_image":[{"width":550,"height":368,"url":"https:\/\/www.bedigitaltogether.be\/wp-content\/uploads\/2025\/10\/IA.png","type":"image\/png"}],"author":"Pierre","twitter_card":"summary_large_image","twitter_misc":{"\u00c9crit par":"Pierre","Dur\u00e9e de lecture estim\u00e9e":"1 minute"},"schema":{"@context":"https:\/\/schema.org","@graph":[{"@type":"Article","@id":"https:\/\/www.bedigitaltogether.be\/fr\/evenement-women-in-tech-et-si-lia-etait-un-miroir\/#article","isPartOf":{"@id":"https:\/\/www.bedigitaltogether.be\/fr\/evenement-women-in-tech-et-si-lia-etait-un-miroir\/"},"author":{"name":"Pierre","@id":"https:\/\/www.bedigitaltogether.be\/fr\/#\/schema\/person\/c3722c9f6ae2f22bc468e0468cc276d4"},"headline":"\u00c9v\u00e9nement Women in Tech\u00a0: Et si l\u2019IA \u00e9tait un miroir\u00a0?","datePublished":"2025-10-09T14:38:58+00:00","dateModified":"2025-10-09T15:19:34+00:00","mainEntityOfPage":{"@id":"https:\/\/www.bedigitaltogether.be\/fr\/evenement-women-in-tech-et-si-lia-etait-un-miroir\/"},"wordCount":160,"image":{"@id":"https:\/\/www.bedigitaltogether.be\/fr\/evenement-women-in-tech-et-si-lia-etait-un-miroir\/#primaryimage"},"thumbnailUrl":"https:\/\/www.bedigitaltogether.be\/wp-content\/uploads\/2025\/10\/IA.png","keywords":["\u00c9v\u00e9nement"],"articleSection":["Monde du travail"],"inLanguage":"fr-FR"},{"@type":"WebPage","@id":"https:\/\/www.bedigitaltogether.be\/fr\/evenement-women-in-tech-et-si-lia-etait-un-miroir\/","url":"https:\/\/www.bedigitaltogether.be\/fr\/evenement-women-in-tech-et-si-lia-etait-un-miroir\/","name":"\u00c9v\u00e9nement Women in Tech\u00a0: Et si l\u2019IA \u00e9tait un miroir\u00a0? - BeDigitalTogether - Be Digital Together","isPartOf":{"@id":"https:\/\/www.bedigitaltogether.be\/fr\/#website"},"primaryImageOfPage":{"@id":"https:\/\/www.bedigitaltogether.be\/fr\/evenement-women-in-tech-et-si-lia-etait-un-miroir\/#primaryimage"},"image":{"@id":"https:\/\/www.bedigitaltogether.be\/fr\/evenement-women-in-tech-et-si-lia-etait-un-miroir\/#primaryimage"},"thumbnailUrl":"https:\/\/www.bedigitaltogether.be\/wp-content\/uploads\/2025\/10\/IA.png","datePublished":"2025-10-09T14:38:58+00:00","dateModified":"2025-10-09T15:19:34+00:00","author":{"@id":"https:\/\/www.bedigitaltogether.be\/fr\/#\/schema\/person\/c3722c9f6ae2f22bc468e0468cc276d4"},"breadcrumb":{"@id":"https:\/\/www.bedigitaltogether.be\/fr\/evenement-women-in-tech-et-si-lia-etait-un-miroir\/#breadcrumb"},"inLanguage":"fr-FR","potentialAction":[{"@type":"ReadAction","target":["https:\/\/www.bedigitaltogether.be\/fr\/evenement-women-in-tech-et-si-lia-etait-un-miroir\/"]}]},{"@type":"ImageObject","inLanguage":"fr-FR","@id":"https:\/\/www.bedigitaltogether.be\/fr\/evenement-women-in-tech-et-si-lia-etait-un-miroir\/#primaryimage","url":"https:\/\/www.bedigitaltogether.be\/wp-content\/uploads\/2025\/10\/IA.png","contentUrl":"https:\/\/www.bedigitaltogether.be\/wp-content\/uploads\/2025\/10\/IA.png","width":550,"height":368},{"@type":"BreadcrumbList","@id":"https:\/\/www.bedigitaltogether.be\/fr\/evenement-women-in-tech-et-si-lia-etait-un-miroir\/#breadcrumb","itemListElement":[{"@type":"ListItem","position":1,"name":"Accueil","item":"https:\/\/www.bedigitaltogether.be\/fr\/"},{"@type":"ListItem","position":2,"name":"Monde du travail","item":"https:\/\/www.bedigitaltogether.be\/fr\/category\/monde-du-travail\/"},{"@type":"ListItem","position":3,"name":"\u00c9v\u00e9nement Women in Tech\u00a0: Et si l\u2019IA \u00e9tait un miroir\u00a0?"}]},{"@type":"WebSite","@id":"https:\/\/www.bedigitaltogether.be\/fr\/#website","url":"https:\/\/www.bedigitaltogether.be\/fr\/","name":"BeDigitalTogether","description":"","potentialAction":[{"@type":"SearchAction","target":{"@type":"EntryPoint","urlTemplate":"https:\/\/www.bedigitaltogether.be\/fr\/?s={search_term_string}"},"query-input":{"@type":"PropertyValueSpecification","valueRequired":true,"valueName":"search_term_string"}}],"inLanguage":"fr-FR"},{"@type":"Person","@id":"https:\/\/www.bedigitaltogether.be\/fr\/#\/schema\/person\/c3722c9f6ae2f22bc468e0468cc276d4","name":"Pierre","image":{"@type":"ImageObject","inLanguage":"fr-FR","@id":"https:\/\/secure.gravatar.com\/avatar\/0014f2ba89c362b3698258bdca87ea80bf638afe793c6a820bef9cb601ca2a41?s=96&d=mm&r=g","url":"https:\/\/secure.gravatar.com\/avatar\/0014f2ba89c362b3698258bdca87ea80bf638afe793c6a820bef9cb601ca2a41?s=96&d=mm&r=g","contentUrl":"https:\/\/secure.gravatar.com\/avatar\/0014f2ba89c362b3698258bdca87ea80bf638afe793c6a820bef9cb601ca2a41?s=96&d=mm&r=g","caption":"Pierre"},"url":"https:\/\/www.bedigitaltogether.be\/fr\/author\/pierre\/"}]}},"_links":{"self":[{"href":"https:\/\/www.bedigitaltogether.be\/fr\/wp-json\/wp\/v2\/posts\/10774","targetHints":{"allow":["GET"]}}],"collection":[{"href":"https:\/\/www.bedigitaltogether.be\/fr\/wp-json\/wp\/v2\/posts"}],"about":[{"href":"https:\/\/www.bedigitaltogether.be\/fr\/wp-json\/wp\/v2\/types\/post"}],"author":[{"embeddable":true,"href":"https:\/\/www.bedigitaltogether.be\/fr\/wp-json\/wp\/v2\/users\/3"}],"replies":[{"embeddable":true,"href":"https:\/\/www.bedigitaltogether.be\/fr\/wp-json\/wp\/v2\/comments?post=10774"}],"version-history":[{"count":6,"href":"https:\/\/www.bedigitaltogether.be\/fr\/wp-json\/wp\/v2\/posts\/10774\/revisions"}],"predecessor-version":[{"id":10795,"href":"https:\/\/www.bedigitaltogether.be\/fr\/wp-json\/wp\/v2\/posts\/10774\/revisions\/10795"}],"wp:featuredmedia":[{"embeddable":true,"href":"https:\/\/www.bedigitaltogether.be\/fr\/wp-json\/wp\/v2\/media\/10775"}],"wp:attachment":[{"href":"https:\/\/www.bedigitaltogether.be\/fr\/wp-json\/wp\/v2\/media?parent=10774"}],"wp:term":[{"taxonomy":"category","embeddable":true,"href":"https:\/\/www.bedigitaltogether.be\/fr\/wp-json\/wp\/v2\/categories?post=10774"},{"taxonomy":"post_tag","embeddable":true,"href":"https:\/\/www.bedigitaltogether.be\/fr\/wp-json\/wp\/v2\/tags?post=10774"},{"taxonomy":"active","embeddable":true,"href":"https:\/\/www.bedigitaltogether.be\/fr\/wp-json\/wp\/v2\/active?post=10774"}],"curies":[{"name":"wp","href":"https:\/\/api.w.org\/{rel}","templated":true}]}}