{"id":10765,"date":"2025-10-07T08:58:46","date_gmt":"2025-10-07T08:58:46","guid":{"rendered":"https:\/\/www.bedigitaltogether.be\/?p=10765"},"modified":"2025-10-07T09:00:28","modified_gmt":"2025-10-07T09:00:28","slug":"women-digital-festival-2025","status":"publish","type":"post","link":"https:\/\/www.bedigitaltogether.be\/fr\/women-digital-festival-2025\/","title":{"rendered":"Women Digital Festival 2025 : le digital au f\u00e9minin \u00e0 Bruxelles"},"content":{"rendered":"\t\t<div data-elementor-type=\"wp-post\" data-elementor-id=\"10765\" class=\"elementor elementor-10765\" data-elementor-post-type=\"post\">\n\t\t\t\t\t\t<section class=\"elementor-section elementor-top-section elementor-element elementor-element-e7d946c elementor-section-boxed elementor-section-height-default elementor-section-height-default\" data-id=\"e7d946c\" data-element_type=\"section\">\n\t\t\t\t\t\t<div class=\"elementor-container elementor-column-gap-default\">\n\t\t\t\t\t<div class=\"elementor-column elementor-col-100 elementor-top-column elementor-element elementor-element-df18468\" data-id=\"df18468\" data-element_type=\"column\">\n\t\t\t<div class=\"elementor-widget-wrap elementor-element-populated\">\n\t\t\t\t\t\t<div class=\"elementor-element elementor-element-f9fb6ff elementor-widget elementor-widget-text-editor\" data-id=\"f9fb6ff\" data-element_type=\"widget\" data-widget_type=\"text-editor.default\">\n\t\t\t\t<div class=\"elementor-widget-container\">\n\t\t\t\t\t\t\t\t\t<h3 style=\"font-weight: 400;\"><em>D\u00e9couvrez en 4 journ\u00e9es gratuites les opportunit\u00e9s que le num\u00e9rique offre \u00e0 votre projet ou votre entreprise !<\/em><\/h3>\n<p style=\"font-weight: 400;\">Chaque vendredi du 3 au 24 octobre, le festival proposera deux workshops pratiques, un t\u00e9moignage d\u2019entrepreneuse bruxelloise inspirante et un networking lunch convivial, avec la possibilit\u00e9 de s\u2019inscrire \u00e0 la carte ou de suivre l\u2019int\u00e9gralit\u00e9 de la journ\u00e9e.<\/p>\n<p style=\"font-weight: 400;\">Organis\u00e9 par Women in Business, le hub pour l\u2019entrepreneuriat f\u00e9minin de hub.brussels, et en collaboration avec les partenaires de son r\u00e9seau, l\u2019\u00e9v\u00e9nement est ouvert \u00e0 toutes les (futures) entrepreneuses en R\u00e9gion de Bruxelles-Capitale.<\/p>\n<p style=\"font-weight: 400;\">Chaque journ\u00e9e, une th\u00e9matique digitale \u00e0 explorer :<\/p>\n<ul>\n<li><strong>3 octobre \u2013 E-commerce<\/strong> : pour concevoir et d\u00e9velopper sa boutique en ligne<\/li>\n<li><strong>10 octobre \u2013 Data &amp; No-code<\/strong> : pour exploiter ses donn\u00e9es et cr\u00e9er un site sans coder<\/li>\n<li><strong>17 octobre \u2013 Intelligence Artificielle<\/strong> : pour simplifier et automatiser son activit\u00e9<\/li>\n<li><strong>24 octobre \u2013 Marketing digital<\/strong> : pour booster sa visibilit\u00e9 et fid\u00e9liser sa client\u00e8le<\/li>\n<\/ul>\n<p style=\"font-weight: 400;\">Infos et inscription : https:\/\/womeninbusiness.hub.brussels\/women-digital-festival\/<\/p>\n<p style=\"font-weight: 400;\"><strong>\u00a0<\/strong><\/p>\n<p style=\"font-weight: 400;\"><strong>\u00c0 propos<\/strong><\/p>\n<p style=\"font-weight: 400;\">Depuis 2017, le Women Digital Festival soutient le d\u00e9veloppement des comp\u00e9tences digitales des (futures) entrepreneuses et une plus grande place des femmes dans le secteur de la tech, conform\u00e9ment \u00e0 l\u2019engagement de hub.brussels, pour un entrepreneuriat bruxellois plus inclusif.<\/p>\n<p style=\"font-weight: 400;\">Cette \u00e9dition met notamment en avant l\u2019engagement de partenaires bruxellois tels que <strong>The Future of Tech is Female (FoTif)<\/strong>, <strong>Tech Space<\/strong>, <strong>Femmes Fi\u00e8res<\/strong> et <strong>Womenpreneur Initiative<\/strong>, des organismes actifs toute l\u2019ann\u00e9e dans l\u2019accompagnement et la promotion de l\u2019entrepreneuriat f\u00e9minin \u00e0 Bruxelles.<\/p>\t\t\t\t\t\t\t\t<\/div>\n\t\t\t\t<\/div>\n\t\t\t\t\t<\/div>\n\t\t<\/div>\n\t\t\t\t\t<\/div>\n\t\t<\/section>\n\t\t\t\t<\/div>\n\t\t","protected":false},"excerpt":{"rendered":"<p>D\u00e9couvrez en 4 journ\u00e9es gratuites les opportunit\u00e9s que le num\u00e9rique offre \u00e0 votre projet ou votre entreprise ! Chaque vendredi du 3 au 24 octobre, le festival proposera deux workshops pratiques, un t\u00e9moignage d\u2019entrepreneuse bruxelloise inspirante et un networking lunch convivial, avec la possibilit\u00e9 de s\u2019inscrire \u00e0 la carte ou de suivre l\u2019int\u00e9gralit\u00e9 de la [&hellip;]<\/p>\n","protected":false},"author":3,"featured_media":10766,"comment_status":"closed","ping_status":"closed","sticky":false,"template":"","format":"standard","meta":{"_acf_changed":false,"footnotes":""},"categories":[141,98],"tags":[],"active":[144],"class_list":["post-10765","post","type-post","status-publish","format-standard","has-post-thumbnail","hentry","category-blog-fr","category-monde-du-travail","active-active"],"acf":[],"yoast_head":"<!-- This site is optimized with the Yoast SEO plugin v27.5 - https:\/\/yoast.com\/product\/yoast-seo-wordpress\/ -->\n<title>Women Digital Festival 2025 : le digital au f\u00e9minin \u00e0 Bruxelles - BeDigitalTogether - Be Digital Together<\/title>\n<meta name=\"robots\" content=\"index, follow, max-snippet:-1, max-image-preview:large, max-video-preview:-1\" \/>\n<link rel=\"canonical\" href=\"https:\/\/www.bedigitaltogether.be\/fr\/\" \/>\n<meta property=\"og:locale\" content=\"fr_FR\" \/>\n<meta property=\"og:type\" content=\"article\" \/>\n<meta property=\"og:title\" content=\"Women Digital Festival 2025 : le digital au f\u00e9minin \u00e0 Bruxelles - BeDigitalTogether - Be Digital Together\" \/>\n<meta property=\"og:description\" content=\"D\u00e9couvrez en 4 journ\u00e9es gratuites les opportunit\u00e9s que le num\u00e9rique offre \u00e0 votre projet ou votre entreprise ! Chaque vendredi du 3 au 24 octobre, le festival proposera deux workshops pratiques, un t\u00e9moignage d\u2019entrepreneuse bruxelloise inspirante et un networking lunch convivial, avec la possibilit\u00e9 de s\u2019inscrire \u00e0 la carte ou de suivre l\u2019int\u00e9gralit\u00e9 de la [&hellip;]\" \/>\n<meta property=\"og:url\" content=\"https:\/\/www.bedigitaltogether.be\/fr\/\" \/>\n<meta property=\"og:site_name\" content=\"BeDigitalTogether\" \/>\n<meta property=\"article:published_time\" content=\"2025-10-07T08:58:46+00:00\" \/>\n<meta property=\"article:modified_time\" content=\"2025-10-07T09:00:28+00:00\" \/>\n<meta property=\"og:image\" content=\"https:\/\/www.bedigitaltogether.be\/wp-content\/uploads\/2025\/10\/Festival.png\" \/>\n\t<meta property=\"og:image:width\" content=\"550\" \/>\n\t<meta property=\"og:image:height\" content=\"368\" \/>\n\t<meta property=\"og:image:type\" content=\"image\/png\" \/>\n<meta name=\"author\" content=\"Pierre\" \/>\n<meta name=\"twitter:card\" content=\"summary_large_image\" \/>\n<meta name=\"twitter:label1\" content=\"\u00c9crit par\" \/>\n\t<meta name=\"twitter:data1\" content=\"Pierre\" \/>\n\t<meta name=\"twitter:label2\" content=\"Dur\u00e9e de lecture estim\u00e9e\" \/>\n\t<meta name=\"twitter:data2\" content=\"2 minutes\" \/>\n<script type=\"application\/ld+json\" class=\"yoast-schema-graph\">{\"@context\":\"https:\\\/\\\/schema.org\",\"@graph\":[{\"@type\":\"Article\",\"@id\":\"https:\\\/\\\/www.bedigitaltogether.be\\\/fr\\\/women-digital-festival-2025\\\/#article\",\"isPartOf\":{\"@id\":\"https:\\\/\\\/www.bedigitaltogether.be\\\/fr\\\/women-digital-festival-2025\\\/\"},\"author\":{\"name\":\"Pierre\",\"@id\":\"https:\\\/\\\/www.bedigitaltogether.be\\\/fr\\\/#\\\/schema\\\/person\\\/c3722c9f6ae2f22bc468e0468cc276d4\"},\"headline\":\"Women Digital Festival 2025 : le digital au f\u00e9minin \u00e0 Bruxelles\",\"datePublished\":\"2025-10-07T08:58:46+00:00\",\"dateModified\":\"2025-10-07T09:00:28+00:00\",\"mainEntityOfPage\":{\"@id\":\"https:\\\/\\\/www.bedigitaltogether.be\\\/fr\\\/women-digital-festival-2025\\\/\"},\"wordCount\":263,\"image\":{\"@id\":\"https:\\\/\\\/www.bedigitaltogether.be\\\/fr\\\/women-digital-festival-2025\\\/#primaryimage\"},\"thumbnailUrl\":\"https:\\\/\\\/www.bedigitaltogether.be\\\/wp-content\\\/uploads\\\/2025\\\/10\\\/Festival.png\",\"articleSection\":[\"Actualit\u00e9\",\"Monde du travail\"],\"inLanguage\":\"fr-FR\"},{\"@type\":\"WebPage\",\"@id\":\"https:\\\/\\\/www.bedigitaltogether.be\\\/fr\\\/women-digital-festival-2025\\\/\",\"url\":\"https:\\\/\\\/www.bedigitaltogether.be\\\/fr\\\/women-digital-festival-2025\\\/\",\"name\":\"Women Digital Festival 2025 : le digital au f\u00e9minin \u00e0 Bruxelles - BeDigitalTogether - Be Digital Together\",\"isPartOf\":{\"@id\":\"https:\\\/\\\/www.bedigitaltogether.be\\\/fr\\\/#website\"},\"primaryImageOfPage\":{\"@id\":\"https:\\\/\\\/www.bedigitaltogether.be\\\/fr\\\/women-digital-festival-2025\\\/#primaryimage\"},\"image\":{\"@id\":\"https:\\\/\\\/www.bedigitaltogether.be\\\/fr\\\/women-digital-festival-2025\\\/#primaryimage\"},\"thumbnailUrl\":\"https:\\\/\\\/www.bedigitaltogether.be\\\/wp-content\\\/uploads\\\/2025\\\/10\\\/Festival.png\",\"datePublished\":\"2025-10-07T08:58:46+00:00\",\"dateModified\":\"2025-10-07T09:00:28+00:00\",\"author\":{\"@id\":\"https:\\\/\\\/www.bedigitaltogether.be\\\/fr\\\/#\\\/schema\\\/person\\\/c3722c9f6ae2f22bc468e0468cc276d4\"},\"breadcrumb\":{\"@id\":\"https:\\\/\\\/www.bedigitaltogether.be\\\/fr\\\/women-digital-festival-2025\\\/#breadcrumb\"},\"inLanguage\":\"fr-FR\",\"potentialAction\":[{\"@type\":\"ReadAction\",\"target\":[\"https:\\\/\\\/www.bedigitaltogether.be\\\/fr\\\/women-digital-festival-2025\\\/\"]}]},{\"@type\":\"ImageObject\",\"inLanguage\":\"fr-FR\",\"@id\":\"https:\\\/\\\/www.bedigitaltogether.be\\\/fr\\\/women-digital-festival-2025\\\/#primaryimage\",\"url\":\"https:\\\/\\\/www.bedigitaltogether.be\\\/wp-content\\\/uploads\\\/2025\\\/10\\\/Festival.png\",\"contentUrl\":\"https:\\\/\\\/www.bedigitaltogether.be\\\/wp-content\\\/uploads\\\/2025\\\/10\\\/Festival.png\",\"width\":550,\"height\":368},{\"@type\":\"BreadcrumbList\",\"@id\":\"https:\\\/\\\/www.bedigitaltogether.be\\\/fr\\\/women-digital-festival-2025\\\/#breadcrumb\",\"itemListElement\":[{\"@type\":\"ListItem\",\"position\":1,\"name\":\"Accueil\",\"item\":\"https:\\\/\\\/www.bedigitaltogether.be\\\/fr\\\/\"},{\"@type\":\"ListItem\",\"position\":2,\"name\":\"Actualit\u00e9\",\"item\":\"https:\\\/\\\/www.bedigitaltogether.be\\\/fr\\\/category\\\/blog-fr\\\/\"},{\"@type\":\"ListItem\",\"position\":3,\"name\":\"Women Digital Festival 2025 : le digital au f\u00e9minin \u00e0 Bruxelles\"}]},{\"@type\":\"WebSite\",\"@id\":\"https:\\\/\\\/www.bedigitaltogether.be\\\/fr\\\/#website\",\"url\":\"https:\\\/\\\/www.bedigitaltogether.be\\\/fr\\\/\",\"name\":\"BeDigitalTogether\",\"description\":\"\",\"potentialAction\":[{\"@type\":\"SearchAction\",\"target\":{\"@type\":\"EntryPoint\",\"urlTemplate\":\"https:\\\/\\\/www.bedigitaltogether.be\\\/fr\\\/?s={search_term_string}\"},\"query-input\":{\"@type\":\"PropertyValueSpecification\",\"valueRequired\":true,\"valueName\":\"search_term_string\"}}],\"inLanguage\":\"fr-FR\"},{\"@type\":\"Person\",\"@id\":\"https:\\\/\\\/www.bedigitaltogether.be\\\/fr\\\/#\\\/schema\\\/person\\\/c3722c9f6ae2f22bc468e0468cc276d4\",\"name\":\"Pierre\",\"image\":{\"@type\":\"ImageObject\",\"inLanguage\":\"fr-FR\",\"@id\":\"https:\\\/\\\/secure.gravatar.com\\\/avatar\\\/0014f2ba89c362b3698258bdca87ea80bf638afe793c6a820bef9cb601ca2a41?s=96&d=mm&r=g\",\"url\":\"https:\\\/\\\/secure.gravatar.com\\\/avatar\\\/0014f2ba89c362b3698258bdca87ea80bf638afe793c6a820bef9cb601ca2a41?s=96&d=mm&r=g\",\"contentUrl\":\"https:\\\/\\\/secure.gravatar.com\\\/avatar\\\/0014f2ba89c362b3698258bdca87ea80bf638afe793c6a820bef9cb601ca2a41?s=96&d=mm&r=g\",\"caption\":\"Pierre\"},\"url\":\"https:\\\/\\\/www.bedigitaltogether.be\\\/fr\\\/author\\\/pierre\\\/\"}]}<\/script>\n<!-- \/ Yoast SEO plugin. -->","yoast_head_json":{"title":"Women Digital Festival 2025 : le digital au f\u00e9minin \u00e0 Bruxelles - BeDigitalTogether - Be Digital Together","robots":{"index":"index","follow":"follow","max-snippet":"max-snippet:-1","max-image-preview":"max-image-preview:large","max-video-preview":"max-video-preview:-1"},"canonical":"https:\/\/www.bedigitaltogether.be\/fr\/","og_locale":"fr_FR","og_type":"article","og_title":"Women Digital Festival 2025 : le digital au f\u00e9minin \u00e0 Bruxelles - BeDigitalTogether - Be Digital Together","og_description":"D\u00e9couvrez en 4 journ\u00e9es gratuites les opportunit\u00e9s que le num\u00e9rique offre \u00e0 votre projet ou votre entreprise ! Chaque vendredi du 3 au 24 octobre, le festival proposera deux workshops pratiques, un t\u00e9moignage d\u2019entrepreneuse bruxelloise inspirante et un networking lunch convivial, avec la possibilit\u00e9 de s\u2019inscrire \u00e0 la carte ou de suivre l\u2019int\u00e9gralit\u00e9 de la [&hellip;]","og_url":"https:\/\/www.bedigitaltogether.be\/fr\/","og_site_name":"BeDigitalTogether","article_published_time":"2025-10-07T08:58:46+00:00","article_modified_time":"2025-10-07T09:00:28+00:00","og_image":[{"width":550,"height":368,"url":"https:\/\/www.bedigitaltogether.be\/wp-content\/uploads\/2025\/10\/Festival.png","type":"image\/png"}],"author":"Pierre","twitter_card":"summary_large_image","twitter_misc":{"\u00c9crit par":"Pierre","Dur\u00e9e de lecture estim\u00e9e":"2 minutes"},"schema":{"@context":"https:\/\/schema.org","@graph":[{"@type":"Article","@id":"https:\/\/www.bedigitaltogether.be\/fr\/women-digital-festival-2025\/#article","isPartOf":{"@id":"https:\/\/www.bedigitaltogether.be\/fr\/women-digital-festival-2025\/"},"author":{"name":"Pierre","@id":"https:\/\/www.bedigitaltogether.be\/fr\/#\/schema\/person\/c3722c9f6ae2f22bc468e0468cc276d4"},"headline":"Women Digital Festival 2025 : le digital au f\u00e9minin \u00e0 Bruxelles","datePublished":"2025-10-07T08:58:46+00:00","dateModified":"2025-10-07T09:00:28+00:00","mainEntityOfPage":{"@id":"https:\/\/www.bedigitaltogether.be\/fr\/women-digital-festival-2025\/"},"wordCount":263,"image":{"@id":"https:\/\/www.bedigitaltogether.be\/fr\/women-digital-festival-2025\/#primaryimage"},"thumbnailUrl":"https:\/\/www.bedigitaltogether.be\/wp-content\/uploads\/2025\/10\/Festival.png","articleSection":["Actualit\u00e9","Monde du travail"],"inLanguage":"fr-FR"},{"@type":"WebPage","@id":"https:\/\/www.bedigitaltogether.be\/fr\/women-digital-festival-2025\/","url":"https:\/\/www.bedigitaltogether.be\/fr\/women-digital-festival-2025\/","name":"Women Digital Festival 2025 : le digital au f\u00e9minin \u00e0 Bruxelles - BeDigitalTogether - Be Digital Together","isPartOf":{"@id":"https:\/\/www.bedigitaltogether.be\/fr\/#website"},"primaryImageOfPage":{"@id":"https:\/\/www.bedigitaltogether.be\/fr\/women-digital-festival-2025\/#primaryimage"},"image":{"@id":"https:\/\/www.bedigitaltogether.be\/fr\/women-digital-festival-2025\/#primaryimage"},"thumbnailUrl":"https:\/\/www.bedigitaltogether.be\/wp-content\/uploads\/2025\/10\/Festival.png","datePublished":"2025-10-07T08:58:46+00:00","dateModified":"2025-10-07T09:00:28+00:00","author":{"@id":"https:\/\/www.bedigitaltogether.be\/fr\/#\/schema\/person\/c3722c9f6ae2f22bc468e0468cc276d4"},"breadcrumb":{"@id":"https:\/\/www.bedigitaltogether.be\/fr\/women-digital-festival-2025\/#breadcrumb"},"inLanguage":"fr-FR","potentialAction":[{"@type":"ReadAction","target":["https:\/\/www.bedigitaltogether.be\/fr\/women-digital-festival-2025\/"]}]},{"@type":"ImageObject","inLanguage":"fr-FR","@id":"https:\/\/www.bedigitaltogether.be\/fr\/women-digital-festival-2025\/#primaryimage","url":"https:\/\/www.bedigitaltogether.be\/wp-content\/uploads\/2025\/10\/Festival.png","contentUrl":"https:\/\/www.bedigitaltogether.be\/wp-content\/uploads\/2025\/10\/Festival.png","width":550,"height":368},{"@type":"BreadcrumbList","@id":"https:\/\/www.bedigitaltogether.be\/fr\/women-digital-festival-2025\/#breadcrumb","itemListElement":[{"@type":"ListItem","position":1,"name":"Accueil","item":"https:\/\/www.bedigitaltogether.be\/fr\/"},{"@type":"ListItem","position":2,"name":"Actualit\u00e9","item":"https:\/\/www.bedigitaltogether.be\/fr\/category\/blog-fr\/"},{"@type":"ListItem","position":3,"name":"Women Digital Festival 2025 : le digital au f\u00e9minin \u00e0 Bruxelles"}]},{"@type":"WebSite","@id":"https:\/\/www.bedigitaltogether.be\/fr\/#website","url":"https:\/\/www.bedigitaltogether.be\/fr\/","name":"BeDigitalTogether","description":"","potentialAction":[{"@type":"SearchAction","target":{"@type":"EntryPoint","urlTemplate":"https:\/\/www.bedigitaltogether.be\/fr\/?s={search_term_string}"},"query-input":{"@type":"PropertyValueSpecification","valueRequired":true,"valueName":"search_term_string"}}],"inLanguage":"fr-FR"},{"@type":"Person","@id":"https:\/\/www.bedigitaltogether.be\/fr\/#\/schema\/person\/c3722c9f6ae2f22bc468e0468cc276d4","name":"Pierre","image":{"@type":"ImageObject","inLanguage":"fr-FR","@id":"https:\/\/secure.gravatar.com\/avatar\/0014f2ba89c362b3698258bdca87ea80bf638afe793c6a820bef9cb601ca2a41?s=96&d=mm&r=g","url":"https:\/\/secure.gravatar.com\/avatar\/0014f2ba89c362b3698258bdca87ea80bf638afe793c6a820bef9cb601ca2a41?s=96&d=mm&r=g","contentUrl":"https:\/\/secure.gravatar.com\/avatar\/0014f2ba89c362b3698258bdca87ea80bf638afe793c6a820bef9cb601ca2a41?s=96&d=mm&r=g","caption":"Pierre"},"url":"https:\/\/www.bedigitaltogether.be\/fr\/author\/pierre\/"}]}},"_links":{"self":[{"href":"https:\/\/www.bedigitaltogether.be\/fr\/wp-json\/wp\/v2\/posts\/10765","targetHints":{"allow":["GET"]}}],"collection":[{"href":"https:\/\/www.bedigitaltogether.be\/fr\/wp-json\/wp\/v2\/posts"}],"about":[{"href":"https:\/\/www.bedigitaltogether.be\/fr\/wp-json\/wp\/v2\/types\/post"}],"author":[{"embeddable":true,"href":"https:\/\/www.bedigitaltogether.be\/fr\/wp-json\/wp\/v2\/users\/3"}],"replies":[{"embeddable":true,"href":"https:\/\/www.bedigitaltogether.be\/fr\/wp-json\/wp\/v2\/comments?post=10765"}],"version-history":[{"count":4,"href":"https:\/\/www.bedigitaltogether.be\/fr\/wp-json\/wp\/v2\/posts\/10765\/revisions"}],"predecessor-version":[{"id":10773,"href":"https:\/\/www.bedigitaltogether.be\/fr\/wp-json\/wp\/v2\/posts\/10765\/revisions\/10773"}],"wp:featuredmedia":[{"embeddable":true,"href":"https:\/\/www.bedigitaltogether.be\/fr\/wp-json\/wp\/v2\/media\/10766"}],"wp:attachment":[{"href":"https:\/\/www.bedigitaltogether.be\/fr\/wp-json\/wp\/v2\/media?parent=10765"}],"wp:term":[{"taxonomy":"category","embeddable":true,"href":"https:\/\/www.bedigitaltogether.be\/fr\/wp-json\/wp\/v2\/categories?post=10765"},{"taxonomy":"post_tag","embeddable":true,"href":"https:\/\/www.bedigitaltogether.be\/fr\/wp-json\/wp\/v2\/tags?post=10765"},{"taxonomy":"active","embeddable":true,"href":"https:\/\/www.bedigitaltogether.be\/fr\/wp-json\/wp\/v2\/active?post=10765"}],"curies":[{"name":"wp","href":"https:\/\/api.w.org\/{rel}","templated":true}]}}