{"id":10737,"date":"2025-08-27T10:34:46","date_gmt":"2025-08-27T10:34:46","guid":{"rendered":"https:\/\/www.bedigitaltogether.be\/?p=10737"},"modified":"2025-08-27T10:42:50","modified_gmt":"2025-08-27T10:42:50","slug":"inclusion-numerique-appel-a-projets-2025","status":"publish","type":"post","link":"https:\/\/www.bedigitaltogether.be\/fr\/inclusion-numerique-appel-a-projets-2025\/","title":{"rendered":"Inclusion num\u00e9rique: appel \u00e0 projets 2025"},"content":{"rendered":"\t\t<div data-elementor-type=\"wp-post\" data-elementor-id=\"10737\" class=\"elementor elementor-10737\" data-elementor-post-type=\"post\">\n\t\t\t\t\t\t<section class=\"elementor-section elementor-top-section elementor-element elementor-element-e7d946c elementor-section-boxed elementor-section-height-default elementor-section-height-default\" data-id=\"e7d946c\" data-element_type=\"section\">\n\t\t\t\t\t\t<div class=\"elementor-container elementor-column-gap-default\">\n\t\t\t\t\t<div class=\"elementor-column elementor-col-100 elementor-top-column elementor-element elementor-element-df18468\" data-id=\"df18468\" data-element_type=\"column\">\n\t\t\t<div class=\"elementor-widget-wrap elementor-element-populated\">\n\t\t\t\t\t\t<div class=\"elementor-element elementor-element-f9fb6ff elementor-widget elementor-widget-text-editor\" data-id=\"f9fb6ff\" data-element_type=\"widget\" data-widget_type=\"text-editor.default\">\n\t\t\t\t<div class=\"elementor-widget-container\">\n\t\t\t\t\t\t\t\t\t<p style=\"font-weight: 400;\">L\u2019appel \u00e0 projets Inclusion Num\u00e9rique 2025 du SPF \u00c9conomie a \u00e9t\u00e9 publi\u00e9.<\/p><p style=\"font-weight: 400;\">Vous avez la possibilit\u00e9 de soumettre des propositions de projet portant sur des th\u00e8mes tels que\u00a0:\u00a0<strong>appropriation des technologies num\u00e9riques<\/strong>, <strong>l\u2019accessibilit\u00e9 num\u00e9rique<\/strong> et <strong>Women in Digital<\/strong>.<\/p><p style=\"font-weight: 400;\">Directives g\u00e9n\u00e9rales pour la soumission d&rsquo;un projet:<\/p><ul style=\"font-weight: 400;\"><li><strong>Date limite de soumission des propositions de projet<\/strong>\u00a0: 30 septembre 2025<\/li><li><strong>Montants des subventions<\/strong>\u00a0: entre\u00a0<strong>80 000 euros<\/strong>\u00a0(minimum) et\u00a0<strong>200 000 euros<\/strong>\u00a0(maximum)<\/li><li><strong>Date de d\u00e9but<\/strong>\u00a0<strong>du projet<\/strong>\u00a0: au plus t\u00f4t le\u00a0<strong>1er janvier 2026<\/strong><\/li><li><strong>Date de cl\u00f4ture du projet<\/strong>\u00a0: au plus tard le\u00a0<strong>31 d\u00e9cembre 2026<\/strong><\/li><\/ul><p>\u00a0<\/p><p style=\"font-weight: 400;\">Voyez notre\u00a0<a href=\"https:\/\/economie.fgov.be\/fr\/themes\/line\/inclusion-numerique\/appel-projets\/inclusion-numerique-appel-1\">site web<\/a>\u00a0pour conna\u00eetre toutes les conditions.<\/p>\t\t\t\t\t\t\t\t<\/div>\n\t\t\t\t<\/div>\n\t\t\t\t\t<\/div>\n\t\t<\/div>\n\t\t\t\t\t<\/div>\n\t\t<\/section>\n\t\t\t\t<\/div>\n\t\t","protected":false},"excerpt":{"rendered":"<p>L\u2019appel \u00e0 projets Inclusion Num\u00e9rique 2025 du SPF \u00c9conomie a \u00e9t\u00e9 publi\u00e9. Vous avez la possibilit\u00e9 de soumettre des propositions de projet portant sur des th\u00e8mes tels que\u00a0:\u00a0appropriation des technologies num\u00e9riques, l\u2019accessibilit\u00e9 num\u00e9rique et Women in Digital. Directives g\u00e9n\u00e9rales pour la soumission d&rsquo;un projet: Date limite de soumission des propositions de projet\u00a0: 30 septembre 2025 [&hellip;]<\/p>\n","protected":false},"author":3,"featured_media":10733,"comment_status":"closed","ping_status":"closed","sticky":false,"template":"","format":"standard","meta":{"_acf_changed":false,"footnotes":""},"categories":[141,98],"tags":[],"active":[144],"class_list":["post-10737","post","type-post","status-publish","format-standard","has-post-thumbnail","hentry","category-blog-fr","category-monde-du-travail","active-active"],"acf":[],"yoast_head":"<!-- This site is optimized with the Yoast SEO plugin v27.5 - https:\/\/yoast.com\/product\/yoast-seo-wordpress\/ -->\n<title>Inclusion num\u00e9rique: appel \u00e0 projets 2025 - BeDigitalTogether - Be Digital Together<\/title>\n<meta name=\"robots\" content=\"index, follow, max-snippet:-1, max-image-preview:large, max-video-preview:-1\" \/>\n<link rel=\"canonical\" href=\"https:\/\/www.bedigitaltogether.be\/fr\/\" \/>\n<meta property=\"og:locale\" content=\"fr_FR\" \/>\n<meta property=\"og:type\" content=\"article\" \/>\n<meta property=\"og:title\" content=\"Inclusion num\u00e9rique: appel \u00e0 projets 2025 - BeDigitalTogether - Be Digital Together\" \/>\n<meta property=\"og:description\" content=\"L\u2019appel \u00e0 projets Inclusion Num\u00e9rique 2025 du SPF \u00c9conomie a \u00e9t\u00e9 publi\u00e9. Vous avez la possibilit\u00e9 de soumettre des propositions de projet portant sur des th\u00e8mes tels que\u00a0:\u00a0appropriation des technologies num\u00e9riques, l\u2019accessibilit\u00e9 num\u00e9rique et Women in Digital. Directives g\u00e9n\u00e9rales pour la soumission d&rsquo;un projet: Date limite de soumission des propositions de projet\u00a0: 30 septembre 2025 [&hellip;]\" \/>\n<meta property=\"og:url\" content=\"https:\/\/www.bedigitaltogether.be\/fr\/\" \/>\n<meta property=\"og:site_name\" content=\"BeDigitalTogether\" \/>\n<meta property=\"article:published_time\" content=\"2025-08-27T10:34:46+00:00\" \/>\n<meta property=\"article:modified_time\" content=\"2025-08-27T10:42:50+00:00\" \/>\n<meta property=\"og:image\" content=\"https:\/\/www.bedigitaltogether.be\/wp-content\/uploads\/2025\/08\/projet.png\" \/>\n\t<meta property=\"og:image:width\" content=\"550\" \/>\n\t<meta property=\"og:image:height\" content=\"368\" \/>\n\t<meta property=\"og:image:type\" content=\"image\/png\" \/>\n<meta name=\"author\" content=\"Pierre\" \/>\n<meta name=\"twitter:card\" content=\"summary_large_image\" \/>\n<meta name=\"twitter:label1\" content=\"\u00c9crit par\" \/>\n\t<meta name=\"twitter:data1\" content=\"Pierre\" \/>\n\t<meta name=\"twitter:label2\" content=\"Dur\u00e9e de lecture estim\u00e9e\" \/>\n\t<meta name=\"twitter:data2\" content=\"1 minute\" \/>\n<script type=\"application\/ld+json\" class=\"yoast-schema-graph\">{\"@context\":\"https:\\\/\\\/schema.org\",\"@graph\":[{\"@type\":\"Article\",\"@id\":\"https:\\\/\\\/www.bedigitaltogether.be\\\/fr\\\/inclusion-numerique-appel-a-projets-2025\\\/#article\",\"isPartOf\":{\"@id\":\"https:\\\/\\\/www.bedigitaltogether.be\\\/fr\\\/inclusion-numerique-appel-a-projets-2025\\\/\"},\"author\":{\"name\":\"Pierre\",\"@id\":\"https:\\\/\\\/www.bedigitaltogether.be\\\/fr\\\/#\\\/schema\\\/person\\\/c3722c9f6ae2f22bc468e0468cc276d4\"},\"headline\":\"Inclusion num\u00e9rique: appel \u00e0 projets 2025\",\"datePublished\":\"2025-08-27T10:34:46+00:00\",\"dateModified\":\"2025-08-27T10:42:50+00:00\",\"mainEntityOfPage\":{\"@id\":\"https:\\\/\\\/www.bedigitaltogether.be\\\/fr\\\/inclusion-numerique-appel-a-projets-2025\\\/\"},\"wordCount\":110,\"image\":{\"@id\":\"https:\\\/\\\/www.bedigitaltogether.be\\\/fr\\\/inclusion-numerique-appel-a-projets-2025\\\/#primaryimage\"},\"thumbnailUrl\":\"https:\\\/\\\/www.bedigitaltogether.be\\\/wp-content\\\/uploads\\\/2025\\\/08\\\/projet.png\",\"articleSection\":[\"Actualit\u00e9\",\"Monde du travail\"],\"inLanguage\":\"fr-FR\"},{\"@type\":\"WebPage\",\"@id\":\"https:\\\/\\\/www.bedigitaltogether.be\\\/fr\\\/inclusion-numerique-appel-a-projets-2025\\\/\",\"url\":\"https:\\\/\\\/www.bedigitaltogether.be\\\/fr\\\/inclusion-numerique-appel-a-projets-2025\\\/\",\"name\":\"Inclusion num\u00e9rique: appel \u00e0 projets 2025 - BeDigitalTogether - Be Digital Together\",\"isPartOf\":{\"@id\":\"https:\\\/\\\/www.bedigitaltogether.be\\\/fr\\\/#website\"},\"primaryImageOfPage\":{\"@id\":\"https:\\\/\\\/www.bedigitaltogether.be\\\/fr\\\/inclusion-numerique-appel-a-projets-2025\\\/#primaryimage\"},\"image\":{\"@id\":\"https:\\\/\\\/www.bedigitaltogether.be\\\/fr\\\/inclusion-numerique-appel-a-projets-2025\\\/#primaryimage\"},\"thumbnailUrl\":\"https:\\\/\\\/www.bedigitaltogether.be\\\/wp-content\\\/uploads\\\/2025\\\/08\\\/projet.png\",\"datePublished\":\"2025-08-27T10:34:46+00:00\",\"dateModified\":\"2025-08-27T10:42:50+00:00\",\"author\":{\"@id\":\"https:\\\/\\\/www.bedigitaltogether.be\\\/fr\\\/#\\\/schema\\\/person\\\/c3722c9f6ae2f22bc468e0468cc276d4\"},\"breadcrumb\":{\"@id\":\"https:\\\/\\\/www.bedigitaltogether.be\\\/fr\\\/inclusion-numerique-appel-a-projets-2025\\\/#breadcrumb\"},\"inLanguage\":\"fr-FR\",\"potentialAction\":[{\"@type\":\"ReadAction\",\"target\":[\"https:\\\/\\\/www.bedigitaltogether.be\\\/fr\\\/inclusion-numerique-appel-a-projets-2025\\\/\"]}]},{\"@type\":\"ImageObject\",\"inLanguage\":\"fr-FR\",\"@id\":\"https:\\\/\\\/www.bedigitaltogether.be\\\/fr\\\/inclusion-numerique-appel-a-projets-2025\\\/#primaryimage\",\"url\":\"https:\\\/\\\/www.bedigitaltogether.be\\\/wp-content\\\/uploads\\\/2025\\\/08\\\/projet.png\",\"contentUrl\":\"https:\\\/\\\/www.bedigitaltogether.be\\\/wp-content\\\/uploads\\\/2025\\\/08\\\/projet.png\",\"width\":550,\"height\":368},{\"@type\":\"BreadcrumbList\",\"@id\":\"https:\\\/\\\/www.bedigitaltogether.be\\\/fr\\\/inclusion-numerique-appel-a-projets-2025\\\/#breadcrumb\",\"itemListElement\":[{\"@type\":\"ListItem\",\"position\":1,\"name\":\"Accueil\",\"item\":\"https:\\\/\\\/www.bedigitaltogether.be\\\/fr\\\/\"},{\"@type\":\"ListItem\",\"position\":2,\"name\":\"Monde du travail\",\"item\":\"https:\\\/\\\/www.bedigitaltogether.be\\\/fr\\\/category\\\/monde-du-travail\\\/\"},{\"@type\":\"ListItem\",\"position\":3,\"name\":\"Inclusion num\u00e9rique: appel \u00e0 projets 2025\"}]},{\"@type\":\"WebSite\",\"@id\":\"https:\\\/\\\/www.bedigitaltogether.be\\\/fr\\\/#website\",\"url\":\"https:\\\/\\\/www.bedigitaltogether.be\\\/fr\\\/\",\"name\":\"BeDigitalTogether\",\"description\":\"\",\"potentialAction\":[{\"@type\":\"SearchAction\",\"target\":{\"@type\":\"EntryPoint\",\"urlTemplate\":\"https:\\\/\\\/www.bedigitaltogether.be\\\/fr\\\/?s={search_term_string}\"},\"query-input\":{\"@type\":\"PropertyValueSpecification\",\"valueRequired\":true,\"valueName\":\"search_term_string\"}}],\"inLanguage\":\"fr-FR\"},{\"@type\":\"Person\",\"@id\":\"https:\\\/\\\/www.bedigitaltogether.be\\\/fr\\\/#\\\/schema\\\/person\\\/c3722c9f6ae2f22bc468e0468cc276d4\",\"name\":\"Pierre\",\"image\":{\"@type\":\"ImageObject\",\"inLanguage\":\"fr-FR\",\"@id\":\"https:\\\/\\\/secure.gravatar.com\\\/avatar\\\/0014f2ba89c362b3698258bdca87ea80bf638afe793c6a820bef9cb601ca2a41?s=96&d=mm&r=g\",\"url\":\"https:\\\/\\\/secure.gravatar.com\\\/avatar\\\/0014f2ba89c362b3698258bdca87ea80bf638afe793c6a820bef9cb601ca2a41?s=96&d=mm&r=g\",\"contentUrl\":\"https:\\\/\\\/secure.gravatar.com\\\/avatar\\\/0014f2ba89c362b3698258bdca87ea80bf638afe793c6a820bef9cb601ca2a41?s=96&d=mm&r=g\",\"caption\":\"Pierre\"},\"url\":\"https:\\\/\\\/www.bedigitaltogether.be\\\/fr\\\/author\\\/pierre\\\/\"}]}<\/script>\n<!-- \/ Yoast SEO plugin. -->","yoast_head_json":{"title":"Inclusion num\u00e9rique: appel \u00e0 projets 2025 - BeDigitalTogether - Be Digital Together","robots":{"index":"index","follow":"follow","max-snippet":"max-snippet:-1","max-image-preview":"max-image-preview:large","max-video-preview":"max-video-preview:-1"},"canonical":"https:\/\/www.bedigitaltogether.be\/fr\/","og_locale":"fr_FR","og_type":"article","og_title":"Inclusion num\u00e9rique: appel \u00e0 projets 2025 - BeDigitalTogether - Be Digital Together","og_description":"L\u2019appel \u00e0 projets Inclusion Num\u00e9rique 2025 du SPF \u00c9conomie a \u00e9t\u00e9 publi\u00e9. Vous avez la possibilit\u00e9 de soumettre des propositions de projet portant sur des th\u00e8mes tels que\u00a0:\u00a0appropriation des technologies num\u00e9riques, l\u2019accessibilit\u00e9 num\u00e9rique et Women in Digital. Directives g\u00e9n\u00e9rales pour la soumission d&rsquo;un projet: Date limite de soumission des propositions de projet\u00a0: 30 septembre 2025 [&hellip;]","og_url":"https:\/\/www.bedigitaltogether.be\/fr\/","og_site_name":"BeDigitalTogether","article_published_time":"2025-08-27T10:34:46+00:00","article_modified_time":"2025-08-27T10:42:50+00:00","og_image":[{"width":550,"height":368,"url":"https:\/\/www.bedigitaltogether.be\/wp-content\/uploads\/2025\/08\/projet.png","type":"image\/png"}],"author":"Pierre","twitter_card":"summary_large_image","twitter_misc":{"\u00c9crit par":"Pierre","Dur\u00e9e de lecture estim\u00e9e":"1 minute"},"schema":{"@context":"https:\/\/schema.org","@graph":[{"@type":"Article","@id":"https:\/\/www.bedigitaltogether.be\/fr\/inclusion-numerique-appel-a-projets-2025\/#article","isPartOf":{"@id":"https:\/\/www.bedigitaltogether.be\/fr\/inclusion-numerique-appel-a-projets-2025\/"},"author":{"name":"Pierre","@id":"https:\/\/www.bedigitaltogether.be\/fr\/#\/schema\/person\/c3722c9f6ae2f22bc468e0468cc276d4"},"headline":"Inclusion num\u00e9rique: appel \u00e0 projets 2025","datePublished":"2025-08-27T10:34:46+00:00","dateModified":"2025-08-27T10:42:50+00:00","mainEntityOfPage":{"@id":"https:\/\/www.bedigitaltogether.be\/fr\/inclusion-numerique-appel-a-projets-2025\/"},"wordCount":110,"image":{"@id":"https:\/\/www.bedigitaltogether.be\/fr\/inclusion-numerique-appel-a-projets-2025\/#primaryimage"},"thumbnailUrl":"https:\/\/www.bedigitaltogether.be\/wp-content\/uploads\/2025\/08\/projet.png","articleSection":["Actualit\u00e9","Monde du travail"],"inLanguage":"fr-FR"},{"@type":"WebPage","@id":"https:\/\/www.bedigitaltogether.be\/fr\/inclusion-numerique-appel-a-projets-2025\/","url":"https:\/\/www.bedigitaltogether.be\/fr\/inclusion-numerique-appel-a-projets-2025\/","name":"Inclusion num\u00e9rique: appel \u00e0 projets 2025 - BeDigitalTogether - Be Digital Together","isPartOf":{"@id":"https:\/\/www.bedigitaltogether.be\/fr\/#website"},"primaryImageOfPage":{"@id":"https:\/\/www.bedigitaltogether.be\/fr\/inclusion-numerique-appel-a-projets-2025\/#primaryimage"},"image":{"@id":"https:\/\/www.bedigitaltogether.be\/fr\/inclusion-numerique-appel-a-projets-2025\/#primaryimage"},"thumbnailUrl":"https:\/\/www.bedigitaltogether.be\/wp-content\/uploads\/2025\/08\/projet.png","datePublished":"2025-08-27T10:34:46+00:00","dateModified":"2025-08-27T10:42:50+00:00","author":{"@id":"https:\/\/www.bedigitaltogether.be\/fr\/#\/schema\/person\/c3722c9f6ae2f22bc468e0468cc276d4"},"breadcrumb":{"@id":"https:\/\/www.bedigitaltogether.be\/fr\/inclusion-numerique-appel-a-projets-2025\/#breadcrumb"},"inLanguage":"fr-FR","potentialAction":[{"@type":"ReadAction","target":["https:\/\/www.bedigitaltogether.be\/fr\/inclusion-numerique-appel-a-projets-2025\/"]}]},{"@type":"ImageObject","inLanguage":"fr-FR","@id":"https:\/\/www.bedigitaltogether.be\/fr\/inclusion-numerique-appel-a-projets-2025\/#primaryimage","url":"https:\/\/www.bedigitaltogether.be\/wp-content\/uploads\/2025\/08\/projet.png","contentUrl":"https:\/\/www.bedigitaltogether.be\/wp-content\/uploads\/2025\/08\/projet.png","width":550,"height":368},{"@type":"BreadcrumbList","@id":"https:\/\/www.bedigitaltogether.be\/fr\/inclusion-numerique-appel-a-projets-2025\/#breadcrumb","itemListElement":[{"@type":"ListItem","position":1,"name":"Accueil","item":"https:\/\/www.bedigitaltogether.be\/fr\/"},{"@type":"ListItem","position":2,"name":"Monde du travail","item":"https:\/\/www.bedigitaltogether.be\/fr\/category\/monde-du-travail\/"},{"@type":"ListItem","position":3,"name":"Inclusion num\u00e9rique: appel \u00e0 projets 2025"}]},{"@type":"WebSite","@id":"https:\/\/www.bedigitaltogether.be\/fr\/#website","url":"https:\/\/www.bedigitaltogether.be\/fr\/","name":"BeDigitalTogether","description":"","potentialAction":[{"@type":"SearchAction","target":{"@type":"EntryPoint","urlTemplate":"https:\/\/www.bedigitaltogether.be\/fr\/?s={search_term_string}"},"query-input":{"@type":"PropertyValueSpecification","valueRequired":true,"valueName":"search_term_string"}}],"inLanguage":"fr-FR"},{"@type":"Person","@id":"https:\/\/www.bedigitaltogether.be\/fr\/#\/schema\/person\/c3722c9f6ae2f22bc468e0468cc276d4","name":"Pierre","image":{"@type":"ImageObject","inLanguage":"fr-FR","@id":"https:\/\/secure.gravatar.com\/avatar\/0014f2ba89c362b3698258bdca87ea80bf638afe793c6a820bef9cb601ca2a41?s=96&d=mm&r=g","url":"https:\/\/secure.gravatar.com\/avatar\/0014f2ba89c362b3698258bdca87ea80bf638afe793c6a820bef9cb601ca2a41?s=96&d=mm&r=g","contentUrl":"https:\/\/secure.gravatar.com\/avatar\/0014f2ba89c362b3698258bdca87ea80bf638afe793c6a820bef9cb601ca2a41?s=96&d=mm&r=g","caption":"Pierre"},"url":"https:\/\/www.bedigitaltogether.be\/fr\/author\/pierre\/"}]}},"_links":{"self":[{"href":"https:\/\/www.bedigitaltogether.be\/fr\/wp-json\/wp\/v2\/posts\/10737","targetHints":{"allow":["GET"]}}],"collection":[{"href":"https:\/\/www.bedigitaltogether.be\/fr\/wp-json\/wp\/v2\/posts"}],"about":[{"href":"https:\/\/www.bedigitaltogether.be\/fr\/wp-json\/wp\/v2\/types\/post"}],"author":[{"embeddable":true,"href":"https:\/\/www.bedigitaltogether.be\/fr\/wp-json\/wp\/v2\/users\/3"}],"replies":[{"embeddable":true,"href":"https:\/\/www.bedigitaltogether.be\/fr\/wp-json\/wp\/v2\/comments?post=10737"}],"version-history":[{"count":10,"href":"https:\/\/www.bedigitaltogether.be\/fr\/wp-json\/wp\/v2\/posts\/10737\/revisions"}],"predecessor-version":[{"id":10750,"href":"https:\/\/www.bedigitaltogether.be\/fr\/wp-json\/wp\/v2\/posts\/10737\/revisions\/10750"}],"wp:featuredmedia":[{"embeddable":true,"href":"https:\/\/www.bedigitaltogether.be\/fr\/wp-json\/wp\/v2\/media\/10733"}],"wp:attachment":[{"href":"https:\/\/www.bedigitaltogether.be\/fr\/wp-json\/wp\/v2\/media?parent=10737"}],"wp:term":[{"taxonomy":"category","embeddable":true,"href":"https:\/\/www.bedigitaltogether.be\/fr\/wp-json\/wp\/v2\/categories?post=10737"},{"taxonomy":"post_tag","embeddable":true,"href":"https:\/\/www.bedigitaltogether.be\/fr\/wp-json\/wp\/v2\/tags?post=10737"},{"taxonomy":"active","embeddable":true,"href":"https:\/\/www.bedigitaltogether.be\/fr\/wp-json\/wp\/v2\/active?post=10737"}],"curies":[{"name":"wp","href":"https:\/\/api.w.org\/{rel}","templated":true}]}}