{"id":10563,"date":"2025-03-05T08:58:51","date_gmt":"2025-03-05T08:58:51","guid":{"rendered":"https:\/\/www.bedigitaltogether.be\/top-women-tech-brussels-4-avril-2025\/"},"modified":"2025-03-12T08:53:49","modified_gmt":"2025-03-12T08:53:49","slug":"top-women-tech-brussels-4-avril-2025","status":"publish","type":"post","link":"https:\/\/www.bedigitaltogether.be\/fr\/top-women-tech-brussels-4-avril-2025\/","title":{"rendered":"Top Women Tech Brussels &#8211; 4 Avril 2025"},"content":{"rendered":"\n<p>\u00c9v\u00e9nement de recrutement international regroupant 20 entreprises belges et non belges ainsi que 200 femmes TECH.<\/p>\n\n<p>\u00c0 Bruxelles le 4 avril 2025, durant toute une journ\u00e9e les entrerpises rencontrent les talents, soit aux stands soit durant des pr\u00e9sentations. <\/p>\n\n<p>Les participantes sont contact\u00e9es, s\u00e9lectionn\u00e9es et invit\u00e9es \u00e0 participer \u00e0 Top Women Tech et elle viennent de toute l&rsquo;Europe (et Belgique \u00e9videmment). <\/p>\n\n<p>Le but est de mettre en pr\u00e9sence des femmes talentueuses avec des entreprises qui accordent de l&rsquo;importance \u00e0 l&rsquo;\u00e9quilibre des genres dans les fonctions Tech.<\/p>\n\n<p><\/p>\n","protected":false},"excerpt":{"rendered":"<p>\u00c9v\u00e9nement de recrutement international regroupant 20 entreprises belges et non belges ainsi que 200 femmes TECH. \u00c0 Bruxelles le 4 avril 2025, durant toute une journ\u00e9e les entrerpises rencontrent les talents, soit aux stands soit durant des pr\u00e9sentations. Les participantes sont contact\u00e9es, s\u00e9lectionn\u00e9es et invit\u00e9es \u00e0 participer \u00e0 Top Women Tech et elle viennent de [&hellip;]<\/p>\n","protected":false},"author":1,"featured_media":10574,"comment_status":"closed","ping_status":"closed","sticky":false,"template":"","format":"standard","meta":{"_acf_changed":false,"footnotes":""},"categories":[101,98,104],"tags":[],"active":[146],"class_list":["post-10563","post","type-post","status-publish","format-standard","has-post-thumbnail","hentry","category-etudes","category-monde-du-travail","category-retenir-les-femmes-dans-le-numerique","active-active-fr"],"acf":[],"yoast_head":"<!-- This site is optimized with the Yoast SEO plugin v27.5 - https:\/\/yoast.com\/product\/yoast-seo-wordpress\/ -->\n<title>Top Women Tech Brussels - 4 Avril 2025 - BeDigitalTogether - Be Digital Together<\/title>\n<meta name=\"robots\" content=\"index, follow, max-snippet:-1, max-image-preview:large, max-video-preview:-1\" \/>\n<link rel=\"canonical\" href=\"https:\/\/www.bedigitaltogether.be\/fr\/\" \/>\n<meta property=\"og:locale\" content=\"fr_FR\" \/>\n<meta property=\"og:type\" content=\"article\" \/>\n<meta property=\"og:title\" content=\"Top Women Tech Brussels - 4 Avril 2025 - BeDigitalTogether - Be Digital Together\" \/>\n<meta property=\"og:description\" content=\"\u00c9v\u00e9nement de recrutement international regroupant 20 entreprises belges et non belges ainsi que 200 femmes TECH. \u00c0 Bruxelles le 4 avril 2025, durant toute une journ\u00e9e les entrerpises rencontrent les talents, soit aux stands soit durant des pr\u00e9sentations. Les participantes sont contact\u00e9es, s\u00e9lectionn\u00e9es et invit\u00e9es \u00e0 participer \u00e0 Top Women Tech et elle viennent de [&hellip;]\" \/>\n<meta property=\"og:url\" content=\"https:\/\/www.bedigitaltogether.be\/fr\/\" \/>\n<meta property=\"og:site_name\" content=\"BeDigitalTogether\" \/>\n<meta property=\"article:published_time\" content=\"2025-03-05T08:58:51+00:00\" \/>\n<meta property=\"article:modified_time\" content=\"2025-03-12T08:53:49+00:00\" \/>\n<meta property=\"og:image\" content=\"https:\/\/www.bedigitaltogether.be\/wp-content\/uploads\/2025\/03\/TWT.png\" \/>\n\t<meta property=\"og:image:width\" content=\"550\" \/>\n\t<meta property=\"og:image:height\" content=\"368\" \/>\n\t<meta property=\"og:image:type\" content=\"image\/png\" \/>\n<meta name=\"author\" content=\"admin\" \/>\n<meta name=\"twitter:card\" content=\"summary_large_image\" \/>\n<meta name=\"twitter:label1\" content=\"\u00c9crit par\" \/>\n\t<meta name=\"twitter:data1\" content=\"admin\" \/>\n<script type=\"application\/ld+json\" class=\"yoast-schema-graph\">{\"@context\":\"https:\\\/\\\/schema.org\",\"@graph\":[{\"@type\":\"Article\",\"@id\":\"https:\\\/\\\/www.bedigitaltogether.be\\\/fr\\\/top-women-tech-brussels-4-avril-2025\\\/#article\",\"isPartOf\":{\"@id\":\"https:\\\/\\\/www.bedigitaltogether.be\\\/fr\\\/top-women-tech-brussels-4-avril-2025\\\/\"},\"author\":{\"name\":\"admin\",\"@id\":\"https:\\\/\\\/www.bedigitaltogether.be\\\/fr\\\/#\\\/schema\\\/person\\\/b56960572f725379f0873aa9fbd131c9\"},\"headline\":\"Top Women Tech Brussels &#8211; 4 Avril 2025\",\"datePublished\":\"2025-03-05T08:58:51+00:00\",\"dateModified\":\"2025-03-12T08:53:49+00:00\",\"mainEntityOfPage\":{\"@id\":\"https:\\\/\\\/www.bedigitaltogether.be\\\/fr\\\/top-women-tech-brussels-4-avril-2025\\\/\"},\"wordCount\":94,\"image\":{\"@id\":\"https:\\\/\\\/www.bedigitaltogether.be\\\/fr\\\/top-women-tech-brussels-4-avril-2025\\\/#primaryimage\"},\"thumbnailUrl\":\"https:\\\/\\\/www.bedigitaltogether.be\\\/wp-content\\\/uploads\\\/2025\\\/03\\\/TWT.png\",\"articleSection\":[\"\u00c9tudes\",\"Monde du travail\",\"Retenir les femmes dans le num\u00e9rique\"],\"inLanguage\":\"fr-FR\"},{\"@type\":\"WebPage\",\"@id\":\"https:\\\/\\\/www.bedigitaltogether.be\\\/fr\\\/top-women-tech-brussels-4-avril-2025\\\/\",\"url\":\"https:\\\/\\\/www.bedigitaltogether.be\\\/fr\\\/top-women-tech-brussels-4-avril-2025\\\/\",\"name\":\"Top Women Tech Brussels - 4 Avril 2025 - BeDigitalTogether - Be Digital Together\",\"isPartOf\":{\"@id\":\"https:\\\/\\\/www.bedigitaltogether.be\\\/fr\\\/#website\"},\"primaryImageOfPage\":{\"@id\":\"https:\\\/\\\/www.bedigitaltogether.be\\\/fr\\\/top-women-tech-brussels-4-avril-2025\\\/#primaryimage\"},\"image\":{\"@id\":\"https:\\\/\\\/www.bedigitaltogether.be\\\/fr\\\/top-women-tech-brussels-4-avril-2025\\\/#primaryimage\"},\"thumbnailUrl\":\"https:\\\/\\\/www.bedigitaltogether.be\\\/wp-content\\\/uploads\\\/2025\\\/03\\\/TWT.png\",\"datePublished\":\"2025-03-05T08:58:51+00:00\",\"dateModified\":\"2025-03-12T08:53:49+00:00\",\"author\":{\"@id\":\"https:\\\/\\\/www.bedigitaltogether.be\\\/fr\\\/#\\\/schema\\\/person\\\/b56960572f725379f0873aa9fbd131c9\"},\"breadcrumb\":{\"@id\":\"https:\\\/\\\/www.bedigitaltogether.be\\\/fr\\\/top-women-tech-brussels-4-avril-2025\\\/#breadcrumb\"},\"inLanguage\":\"fr-FR\",\"potentialAction\":[{\"@type\":\"ReadAction\",\"target\":[\"https:\\\/\\\/www.bedigitaltogether.be\\\/fr\\\/top-women-tech-brussels-4-avril-2025\\\/\"]}]},{\"@type\":\"ImageObject\",\"inLanguage\":\"fr-FR\",\"@id\":\"https:\\\/\\\/www.bedigitaltogether.be\\\/fr\\\/top-women-tech-brussels-4-avril-2025\\\/#primaryimage\",\"url\":\"https:\\\/\\\/www.bedigitaltogether.be\\\/wp-content\\\/uploads\\\/2025\\\/03\\\/TWT.png\",\"contentUrl\":\"https:\\\/\\\/www.bedigitaltogether.be\\\/wp-content\\\/uploads\\\/2025\\\/03\\\/TWT.png\",\"width\":550,\"height\":368},{\"@type\":\"BreadcrumbList\",\"@id\":\"https:\\\/\\\/www.bedigitaltogether.be\\\/fr\\\/top-women-tech-brussels-4-avril-2025\\\/#breadcrumb\",\"itemListElement\":[{\"@type\":\"ListItem\",\"position\":1,\"name\":\"Accueil\",\"item\":\"https:\\\/\\\/www.bedigitaltogether.be\\\/fr\\\/\"},{\"@type\":\"ListItem\",\"position\":2,\"name\":\"\u00c9tudes\",\"item\":\"https:\\\/\\\/www.bedigitaltogether.be\\\/fr\\\/category\\\/etudes\\\/\"},{\"@type\":\"ListItem\",\"position\":3,\"name\":\"Top Women Tech Brussels &#8211; 4 Avril 2025\"}]},{\"@type\":\"WebSite\",\"@id\":\"https:\\\/\\\/www.bedigitaltogether.be\\\/fr\\\/#website\",\"url\":\"https:\\\/\\\/www.bedigitaltogether.be\\\/fr\\\/\",\"name\":\"BeDigitalTogether\",\"description\":\"\",\"potentialAction\":[{\"@type\":\"SearchAction\",\"target\":{\"@type\":\"EntryPoint\",\"urlTemplate\":\"https:\\\/\\\/www.bedigitaltogether.be\\\/fr\\\/?s={search_term_string}\"},\"query-input\":{\"@type\":\"PropertyValueSpecification\",\"valueRequired\":true,\"valueName\":\"search_term_string\"}}],\"inLanguage\":\"fr-FR\"},{\"@type\":\"Person\",\"@id\":\"https:\\\/\\\/www.bedigitaltogether.be\\\/fr\\\/#\\\/schema\\\/person\\\/b56960572f725379f0873aa9fbd131c9\",\"name\":\"admin\",\"image\":{\"@type\":\"ImageObject\",\"inLanguage\":\"fr-FR\",\"@id\":\"https:\\\/\\\/secure.gravatar.com\\\/avatar\\\/c64dbd098148d05d0d68c4c59f1bc02d90e703757e02c60e5fa7878c6f6c4855?s=96&d=mm&r=g\",\"url\":\"https:\\\/\\\/secure.gravatar.com\\\/avatar\\\/c64dbd098148d05d0d68c4c59f1bc02d90e703757e02c60e5fa7878c6f6c4855?s=96&d=mm&r=g\",\"contentUrl\":\"https:\\\/\\\/secure.gravatar.com\\\/avatar\\\/c64dbd098148d05d0d68c4c59f1bc02d90e703757e02c60e5fa7878c6f6c4855?s=96&d=mm&r=g\",\"caption\":\"admin\"},\"sameAs\":[\"https:\\\/\\\/www.bedigitaltogether.be\"],\"url\":\"https:\\\/\\\/www.bedigitaltogether.be\\\/fr\\\/author\\\/lh_2l609ggp\\\/\"}]}<\/script>\n<!-- \/ Yoast SEO plugin. -->","yoast_head_json":{"title":"Top Women Tech Brussels - 4 Avril 2025 - BeDigitalTogether - Be Digital Together","robots":{"index":"index","follow":"follow","max-snippet":"max-snippet:-1","max-image-preview":"max-image-preview:large","max-video-preview":"max-video-preview:-1"},"canonical":"https:\/\/www.bedigitaltogether.be\/fr\/","og_locale":"fr_FR","og_type":"article","og_title":"Top Women Tech Brussels - 4 Avril 2025 - BeDigitalTogether - Be Digital Together","og_description":"\u00c9v\u00e9nement de recrutement international regroupant 20 entreprises belges et non belges ainsi que 200 femmes TECH. \u00c0 Bruxelles le 4 avril 2025, durant toute une journ\u00e9e les entrerpises rencontrent les talents, soit aux stands soit durant des pr\u00e9sentations. Les participantes sont contact\u00e9es, s\u00e9lectionn\u00e9es et invit\u00e9es \u00e0 participer \u00e0 Top Women Tech et elle viennent de [&hellip;]","og_url":"https:\/\/www.bedigitaltogether.be\/fr\/","og_site_name":"BeDigitalTogether","article_published_time":"2025-03-05T08:58:51+00:00","article_modified_time":"2025-03-12T08:53:49+00:00","og_image":[{"width":550,"height":368,"url":"https:\/\/www.bedigitaltogether.be\/wp-content\/uploads\/2025\/03\/TWT.png","type":"image\/png"}],"author":"admin","twitter_card":"summary_large_image","twitter_misc":{"\u00c9crit par":"admin"},"schema":{"@context":"https:\/\/schema.org","@graph":[{"@type":"Article","@id":"https:\/\/www.bedigitaltogether.be\/fr\/top-women-tech-brussels-4-avril-2025\/#article","isPartOf":{"@id":"https:\/\/www.bedigitaltogether.be\/fr\/top-women-tech-brussels-4-avril-2025\/"},"author":{"name":"admin","@id":"https:\/\/www.bedigitaltogether.be\/fr\/#\/schema\/person\/b56960572f725379f0873aa9fbd131c9"},"headline":"Top Women Tech Brussels &#8211; 4 Avril 2025","datePublished":"2025-03-05T08:58:51+00:00","dateModified":"2025-03-12T08:53:49+00:00","mainEntityOfPage":{"@id":"https:\/\/www.bedigitaltogether.be\/fr\/top-women-tech-brussels-4-avril-2025\/"},"wordCount":94,"image":{"@id":"https:\/\/www.bedigitaltogether.be\/fr\/top-women-tech-brussels-4-avril-2025\/#primaryimage"},"thumbnailUrl":"https:\/\/www.bedigitaltogether.be\/wp-content\/uploads\/2025\/03\/TWT.png","articleSection":["\u00c9tudes","Monde du travail","Retenir les femmes dans le num\u00e9rique"],"inLanguage":"fr-FR"},{"@type":"WebPage","@id":"https:\/\/www.bedigitaltogether.be\/fr\/top-women-tech-brussels-4-avril-2025\/","url":"https:\/\/www.bedigitaltogether.be\/fr\/top-women-tech-brussels-4-avril-2025\/","name":"Top Women Tech Brussels - 4 Avril 2025 - BeDigitalTogether - Be Digital Together","isPartOf":{"@id":"https:\/\/www.bedigitaltogether.be\/fr\/#website"},"primaryImageOfPage":{"@id":"https:\/\/www.bedigitaltogether.be\/fr\/top-women-tech-brussels-4-avril-2025\/#primaryimage"},"image":{"@id":"https:\/\/www.bedigitaltogether.be\/fr\/top-women-tech-brussels-4-avril-2025\/#primaryimage"},"thumbnailUrl":"https:\/\/www.bedigitaltogether.be\/wp-content\/uploads\/2025\/03\/TWT.png","datePublished":"2025-03-05T08:58:51+00:00","dateModified":"2025-03-12T08:53:49+00:00","author":{"@id":"https:\/\/www.bedigitaltogether.be\/fr\/#\/schema\/person\/b56960572f725379f0873aa9fbd131c9"},"breadcrumb":{"@id":"https:\/\/www.bedigitaltogether.be\/fr\/top-women-tech-brussels-4-avril-2025\/#breadcrumb"},"inLanguage":"fr-FR","potentialAction":[{"@type":"ReadAction","target":["https:\/\/www.bedigitaltogether.be\/fr\/top-women-tech-brussels-4-avril-2025\/"]}]},{"@type":"ImageObject","inLanguage":"fr-FR","@id":"https:\/\/www.bedigitaltogether.be\/fr\/top-women-tech-brussels-4-avril-2025\/#primaryimage","url":"https:\/\/www.bedigitaltogether.be\/wp-content\/uploads\/2025\/03\/TWT.png","contentUrl":"https:\/\/www.bedigitaltogether.be\/wp-content\/uploads\/2025\/03\/TWT.png","width":550,"height":368},{"@type":"BreadcrumbList","@id":"https:\/\/www.bedigitaltogether.be\/fr\/top-women-tech-brussels-4-avril-2025\/#breadcrumb","itemListElement":[{"@type":"ListItem","position":1,"name":"Accueil","item":"https:\/\/www.bedigitaltogether.be\/fr\/"},{"@type":"ListItem","position":2,"name":"\u00c9tudes","item":"https:\/\/www.bedigitaltogether.be\/fr\/category\/etudes\/"},{"@type":"ListItem","position":3,"name":"Top Women Tech Brussels &#8211; 4 Avril 2025"}]},{"@type":"WebSite","@id":"https:\/\/www.bedigitaltogether.be\/fr\/#website","url":"https:\/\/www.bedigitaltogether.be\/fr\/","name":"BeDigitalTogether","description":"","potentialAction":[{"@type":"SearchAction","target":{"@type":"EntryPoint","urlTemplate":"https:\/\/www.bedigitaltogether.be\/fr\/?s={search_term_string}"},"query-input":{"@type":"PropertyValueSpecification","valueRequired":true,"valueName":"search_term_string"}}],"inLanguage":"fr-FR"},{"@type":"Person","@id":"https:\/\/www.bedigitaltogether.be\/fr\/#\/schema\/person\/b56960572f725379f0873aa9fbd131c9","name":"admin","image":{"@type":"ImageObject","inLanguage":"fr-FR","@id":"https:\/\/secure.gravatar.com\/avatar\/c64dbd098148d05d0d68c4c59f1bc02d90e703757e02c60e5fa7878c6f6c4855?s=96&d=mm&r=g","url":"https:\/\/secure.gravatar.com\/avatar\/c64dbd098148d05d0d68c4c59f1bc02d90e703757e02c60e5fa7878c6f6c4855?s=96&d=mm&r=g","contentUrl":"https:\/\/secure.gravatar.com\/avatar\/c64dbd098148d05d0d68c4c59f1bc02d90e703757e02c60e5fa7878c6f6c4855?s=96&d=mm&r=g","caption":"admin"},"sameAs":["https:\/\/www.bedigitaltogether.be"],"url":"https:\/\/www.bedigitaltogether.be\/fr\/author\/lh_2l609ggp\/"}]}},"_links":{"self":[{"href":"https:\/\/www.bedigitaltogether.be\/fr\/wp-json\/wp\/v2\/posts\/10563","targetHints":{"allow":["GET"]}}],"collection":[{"href":"https:\/\/www.bedigitaltogether.be\/fr\/wp-json\/wp\/v2\/posts"}],"about":[{"href":"https:\/\/www.bedigitaltogether.be\/fr\/wp-json\/wp\/v2\/types\/post"}],"author":[{"embeddable":true,"href":"https:\/\/www.bedigitaltogether.be\/fr\/wp-json\/wp\/v2\/users\/1"}],"replies":[{"embeddable":true,"href":"https:\/\/www.bedigitaltogether.be\/fr\/wp-json\/wp\/v2\/comments?post=10563"}],"version-history":[{"count":4,"href":"https:\/\/www.bedigitaltogether.be\/fr\/wp-json\/wp\/v2\/posts\/10563\/revisions"}],"predecessor-version":[{"id":10570,"href":"https:\/\/www.bedigitaltogether.be\/fr\/wp-json\/wp\/v2\/posts\/10563\/revisions\/10570"}],"wp:featuredmedia":[{"embeddable":true,"href":"https:\/\/www.bedigitaltogether.be\/fr\/wp-json\/wp\/v2\/media\/10574"}],"wp:attachment":[{"href":"https:\/\/www.bedigitaltogether.be\/fr\/wp-json\/wp\/v2\/media?parent=10563"}],"wp:term":[{"taxonomy":"category","embeddable":true,"href":"https:\/\/www.bedigitaltogether.be\/fr\/wp-json\/wp\/v2\/categories?post=10563"},{"taxonomy":"post_tag","embeddable":true,"href":"https:\/\/www.bedigitaltogether.be\/fr\/wp-json\/wp\/v2\/tags?post=10563"},{"taxonomy":"active","embeddable":true,"href":"https:\/\/www.bedigitaltogether.be\/fr\/wp-json\/wp\/v2\/active?post=10563"}],"curies":[{"name":"wp","href":"https:\/\/api.w.org\/{rel}","templated":true}]}}