{"id":10488,"date":"2025-03-04T13:59:08","date_gmt":"2025-03-04T13:59:08","guid":{"rendered":"https:\/\/www.bedigitaltogether.be\/?p=10488"},"modified":"2025-04-08T11:02:12","modified_gmt":"2025-04-08T11:02:12","slug":"save-the-date-international-girls-in-ict-day-24-04-2025","status":"publish","type":"post","link":"https:\/\/www.bedigitaltogether.be\/fr\/save-the-date-international-girls-in-ict-day-24-04-2025\/","title":{"rendered":"International Girls in ICT-Day &#8211; 24.04.2025"},"content":{"rendered":"\t\t<div data-elementor-type=\"wp-post\" data-elementor-id=\"10488\" class=\"elementor elementor-10488\" data-elementor-post-type=\"post\">\n\t\t\t\t\t\t<section class=\"elementor-section elementor-top-section elementor-element elementor-element-2ad149dd elementor-section-boxed elementor-section-height-default elementor-section-height-default\" data-id=\"2ad149dd\" data-element_type=\"section\">\n\t\t\t\t\t\t<div class=\"elementor-container elementor-column-gap-default\">\n\t\t\t\t\t<div class=\"elementor-column elementor-col-100 elementor-top-column elementor-element elementor-element-1f5670f2\" data-id=\"1f5670f2\" data-element_type=\"column\">\n\t\t\t<div class=\"elementor-widget-wrap elementor-element-populated\">\n\t\t\t\t\t\t<div class=\"elementor-element elementor-element-5704ebf elementor-widget elementor-widget-text-editor\" data-id=\"5704ebf\" data-element_type=\"widget\" data-widget_type=\"text-editor.default\">\n\t\t\t\t<div class=\"elementor-widget-container\">\n\t\t\t\t\t\t\t\t\t<h2 style=\"text-align: center;\"><strong>Rendez-vous avec le SPF Economie <\/strong><strong>\u00e0 l&rsquo;occasion\u00a0<br \/>\u00a0de l&rsquo; <em>International Girls in ICT Day.<\/em><\/strong><\/h2><div><strong><em>\u00a0<\/em><\/strong><\/div><p><strong>Le 24 avril prochain sera c\u00e9l\u00e9br\u00e9 l\u2019<em>International Girls in ICT Day<\/em><\/strong>. Une initiative qui a lieu chaque 4e jeudi du mois d\u2019avril. \u00c0 cette occasion, le SPF Economie vous propose un \u00e9v\u00e9nement en pr\u00e9sentiel \u00e0 Bruxelles, organis\u00e9 avec le soutien de ses ministres.<br \/>Objectif : encourager la pr\u00e9sence des femmes dans les secteurs des TIC (Technologies de l\u2019Information et de la Communication) ; et des STIM (Science, Technologie, Ing\u00e9nierie et Math\u00e9matiques).<\/p><p><strong>Au programme de cet \u00e9v\u00e9nement<\/strong> : des \u00e9changes sur les d\u00e9fis et solutions pour renforcer la participation des femmes dans le secteur des TIC et des STIM, afin de r\u00e9pondre \u00e0 la demande croissante de main-d&rsquo;\u0153uvre qualifi\u00e9e dans ces domaines.<br \/>Plusieurs intervenants participeront aux \u00e9changes : des acteurs du secteur public, des entreprises, des \u00e9tablissements d\u2019enseignement et des institutions engag\u00e9es pour l&rsquo;inclusion num\u00e9rique.<\/p><p>Des universitaires partageront \u00e9galement leur expertise sur l\u2019impact des st\u00e9r\u00e9otypes de genre et du r\u00f4le que peut jouer l&rsquo;intelligence artificielle (IA) dans la construction des perceptions des jeunes vis-\u00e0-vis des professions du num\u00e9rique et des STIM. Enfin, nous aurons le privil\u00e8ge d\u2019accueillir un repr\u00e9sentant de la Commission europ\u00e9enne.<\/p><p><strong>\u00a0<\/strong><\/p><p><strong>Informations pratiques<\/strong><\/p><p><strong>Date<\/strong> : Le 24 avril 2025<br \/><strong>Heure<\/strong> : de 8h30 \u00e0 14h<br \/><strong>Lieu<\/strong> : Bruxelles<\/p><p>Attention ! <strong>Cet \u00e9v\u00e9nement se tiendra uniquement en pr\u00e9sentiel et sur inscription.<\/strong><\/p><p>Une <strong>traduction simultan\u00e9e<\/strong> sera assur\u00e9e (Fran\u00e7ais, N\u00e9erlandais, Anglais, Langue des Signes).<\/p>\t\t\t\t\t\t\t\t<\/div>\n\t\t\t\t<\/div>\n\t\t\t\t\t<\/div>\n\t\t<\/div>\n\t\t\t\t\t<\/div>\n\t\t<\/section>\n\t\t\t\t<\/div>\n\t\t","protected":false},"excerpt":{"rendered":"<p>Rendez-vous avec le SPF Economie \u00e0 l&rsquo;occasion\u00a0\u00a0de l&rsquo; International Girls in ICT Day. \u00a0 Le 24 avril prochain sera c\u00e9l\u00e9br\u00e9 l\u2019International Girls in ICT Day. Une initiative qui a lieu chaque 4e jeudi du mois d\u2019avril. \u00c0 cette occasion, le SPF Economie vous propose un \u00e9v\u00e9nement en pr\u00e9sentiel \u00e0 Bruxelles, organis\u00e9 avec le soutien de [&hellip;]<\/p>\n","protected":false},"author":3,"featured_media":0,"comment_status":"open","ping_status":"closed","sticky":true,"template":"","format":"standard","meta":{"_acf_changed":false,"footnotes":""},"categories":[141],"tags":[],"active":[146],"class_list":["post-10488","post","type-post","status-publish","format-standard","hentry","category-blog-fr","active-active-fr"],"acf":[],"yoast_head":"<!-- This site is optimized with the Yoast SEO plugin v27.5 - https:\/\/yoast.com\/product\/yoast-seo-wordpress\/ -->\n<title>International Girls in ICT-Day - 24.04.2025 - BeDigitalTogether - Be Digital Together<\/title>\n<meta name=\"robots\" content=\"index, follow, max-snippet:-1, max-image-preview:large, max-video-preview:-1\" \/>\n<link rel=\"canonical\" href=\"https:\/\/www.bedigitaltogether.be\/fr\/\" \/>\n<meta property=\"og:locale\" content=\"fr_FR\" \/>\n<meta property=\"og:type\" content=\"article\" \/>\n<meta property=\"og:title\" content=\"International Girls in ICT-Day - 24.04.2025 - BeDigitalTogether - Be Digital Together\" \/>\n<meta property=\"og:description\" content=\"Rendez-vous avec le SPF Economie \u00e0 l&rsquo;occasion\u00a0\u00a0de l&rsquo; International Girls in ICT Day. \u00a0 Le 24 avril prochain sera c\u00e9l\u00e9br\u00e9 l\u2019International Girls in ICT Day. Une initiative qui a lieu chaque 4e jeudi du mois d\u2019avril. \u00c0 cette occasion, le SPF Economie vous propose un \u00e9v\u00e9nement en pr\u00e9sentiel \u00e0 Bruxelles, organis\u00e9 avec le soutien de [&hellip;]\" \/>\n<meta property=\"og:url\" content=\"https:\/\/www.bedigitaltogether.be\/fr\/\" \/>\n<meta property=\"og:site_name\" content=\"BeDigitalTogether\" \/>\n<meta property=\"article:published_time\" content=\"2025-03-04T13:59:08+00:00\" \/>\n<meta property=\"article:modified_time\" content=\"2025-04-08T11:02:12+00:00\" \/>\n<meta name=\"author\" content=\"Pierre\" \/>\n<meta name=\"twitter:card\" content=\"summary_large_image\" \/>\n<meta name=\"twitter:label1\" content=\"\u00c9crit par\" \/>\n\t<meta name=\"twitter:data1\" content=\"Pierre\" \/>\n\t<meta name=\"twitter:label2\" content=\"Dur\u00e9e de lecture estim\u00e9e\" \/>\n\t<meta name=\"twitter:data2\" content=\"2 minutes\" \/>\n<script type=\"application\/ld+json\" class=\"yoast-schema-graph\">{\"@context\":\"https:\\\/\\\/schema.org\",\"@graph\":[{\"@type\":\"Article\",\"@id\":\"https:\\\/\\\/www.bedigitaltogether.be\\\/fr\\\/save-the-date-international-girls-in-ict-day-24-04-2025\\\/#article\",\"isPartOf\":{\"@id\":\"https:\\\/\\\/www.bedigitaltogether.be\\\/fr\\\/save-the-date-international-girls-in-ict-day-24-04-2025\\\/\"},\"author\":{\"name\":\"Pierre\",\"@id\":\"https:\\\/\\\/www.bedigitaltogether.be\\\/fr\\\/#\\\/schema\\\/person\\\/c3722c9f6ae2f22bc468e0468cc276d4\"},\"headline\":\"International Girls in ICT-Day &#8211; 24.04.2025\",\"datePublished\":\"2025-03-04T13:59:08+00:00\",\"dateModified\":\"2025-04-08T11:02:12+00:00\",\"mainEntityOfPage\":{\"@id\":\"https:\\\/\\\/www.bedigitaltogether.be\\\/fr\\\/save-the-date-international-girls-in-ict-day-24-04-2025\\\/\"},\"wordCount\":262,\"commentCount\":0,\"articleSection\":[\"Actualit\u00e9\"],\"inLanguage\":\"fr-FR\",\"potentialAction\":[{\"@type\":\"CommentAction\",\"name\":\"Comment\",\"target\":[\"https:\\\/\\\/www.bedigitaltogether.be\\\/fr\\\/save-the-date-international-girls-in-ict-day-24-04-2025\\\/#respond\"]}]},{\"@type\":\"WebPage\",\"@id\":\"https:\\\/\\\/www.bedigitaltogether.be\\\/fr\\\/save-the-date-international-girls-in-ict-day-24-04-2025\\\/\",\"url\":\"https:\\\/\\\/www.bedigitaltogether.be\\\/fr\\\/save-the-date-international-girls-in-ict-day-24-04-2025\\\/\",\"name\":\"International Girls in ICT-Day - 24.04.2025 - BeDigitalTogether - Be Digital Together\",\"isPartOf\":{\"@id\":\"https:\\\/\\\/www.bedigitaltogether.be\\\/fr\\\/#website\"},\"datePublished\":\"2025-03-04T13:59:08+00:00\",\"dateModified\":\"2025-04-08T11:02:12+00:00\",\"author\":{\"@id\":\"https:\\\/\\\/www.bedigitaltogether.be\\\/fr\\\/#\\\/schema\\\/person\\\/c3722c9f6ae2f22bc468e0468cc276d4\"},\"breadcrumb\":{\"@id\":\"https:\\\/\\\/www.bedigitaltogether.be\\\/fr\\\/save-the-date-international-girls-in-ict-day-24-04-2025\\\/#breadcrumb\"},\"inLanguage\":\"fr-FR\",\"potentialAction\":[{\"@type\":\"ReadAction\",\"target\":[\"https:\\\/\\\/www.bedigitaltogether.be\\\/fr\\\/save-the-date-international-girls-in-ict-day-24-04-2025\\\/\"]}]},{\"@type\":\"BreadcrumbList\",\"@id\":\"https:\\\/\\\/www.bedigitaltogether.be\\\/fr\\\/save-the-date-international-girls-in-ict-day-24-04-2025\\\/#breadcrumb\",\"itemListElement\":[{\"@type\":\"ListItem\",\"position\":1,\"name\":\"Accueil\",\"item\":\"https:\\\/\\\/www.bedigitaltogether.be\\\/fr\\\/\"},{\"@type\":\"ListItem\",\"position\":2,\"name\":\"Actualit\u00e9\",\"item\":\"https:\\\/\\\/www.bedigitaltogether.be\\\/fr\\\/category\\\/blog-fr\\\/\"},{\"@type\":\"ListItem\",\"position\":3,\"name\":\"International Girls in ICT-Day &#8211; 24.04.2025\"}]},{\"@type\":\"WebSite\",\"@id\":\"https:\\\/\\\/www.bedigitaltogether.be\\\/fr\\\/#website\",\"url\":\"https:\\\/\\\/www.bedigitaltogether.be\\\/fr\\\/\",\"name\":\"BeDigitalTogether\",\"description\":\"\",\"potentialAction\":[{\"@type\":\"SearchAction\",\"target\":{\"@type\":\"EntryPoint\",\"urlTemplate\":\"https:\\\/\\\/www.bedigitaltogether.be\\\/fr\\\/?s={search_term_string}\"},\"query-input\":{\"@type\":\"PropertyValueSpecification\",\"valueRequired\":true,\"valueName\":\"search_term_string\"}}],\"inLanguage\":\"fr-FR\"},{\"@type\":\"Person\",\"@id\":\"https:\\\/\\\/www.bedigitaltogether.be\\\/fr\\\/#\\\/schema\\\/person\\\/c3722c9f6ae2f22bc468e0468cc276d4\",\"name\":\"Pierre\",\"image\":{\"@type\":\"ImageObject\",\"inLanguage\":\"fr-FR\",\"@id\":\"https:\\\/\\\/secure.gravatar.com\\\/avatar\\\/0014f2ba89c362b3698258bdca87ea80bf638afe793c6a820bef9cb601ca2a41?s=96&d=mm&r=g\",\"url\":\"https:\\\/\\\/secure.gravatar.com\\\/avatar\\\/0014f2ba89c362b3698258bdca87ea80bf638afe793c6a820bef9cb601ca2a41?s=96&d=mm&r=g\",\"contentUrl\":\"https:\\\/\\\/secure.gravatar.com\\\/avatar\\\/0014f2ba89c362b3698258bdca87ea80bf638afe793c6a820bef9cb601ca2a41?s=96&d=mm&r=g\",\"caption\":\"Pierre\"},\"url\":\"https:\\\/\\\/www.bedigitaltogether.be\\\/fr\\\/author\\\/pierre\\\/\"}]}<\/script>\n<!-- \/ Yoast SEO plugin. -->","yoast_head_json":{"title":"International Girls in ICT-Day - 24.04.2025 - BeDigitalTogether - Be Digital Together","robots":{"index":"index","follow":"follow","max-snippet":"max-snippet:-1","max-image-preview":"max-image-preview:large","max-video-preview":"max-video-preview:-1"},"canonical":"https:\/\/www.bedigitaltogether.be\/fr\/","og_locale":"fr_FR","og_type":"article","og_title":"International Girls in ICT-Day - 24.04.2025 - BeDigitalTogether - Be Digital Together","og_description":"Rendez-vous avec le SPF Economie \u00e0 l&rsquo;occasion\u00a0\u00a0de l&rsquo; International Girls in ICT Day. \u00a0 Le 24 avril prochain sera c\u00e9l\u00e9br\u00e9 l\u2019International Girls in ICT Day. Une initiative qui a lieu chaque 4e jeudi du mois d\u2019avril. \u00c0 cette occasion, le SPF Economie vous propose un \u00e9v\u00e9nement en pr\u00e9sentiel \u00e0 Bruxelles, organis\u00e9 avec le soutien de [&hellip;]","og_url":"https:\/\/www.bedigitaltogether.be\/fr\/","og_site_name":"BeDigitalTogether","article_published_time":"2025-03-04T13:59:08+00:00","article_modified_time":"2025-04-08T11:02:12+00:00","author":"Pierre","twitter_card":"summary_large_image","twitter_misc":{"\u00c9crit par":"Pierre","Dur\u00e9e de lecture estim\u00e9e":"2 minutes"},"schema":{"@context":"https:\/\/schema.org","@graph":[{"@type":"Article","@id":"https:\/\/www.bedigitaltogether.be\/fr\/save-the-date-international-girls-in-ict-day-24-04-2025\/#article","isPartOf":{"@id":"https:\/\/www.bedigitaltogether.be\/fr\/save-the-date-international-girls-in-ict-day-24-04-2025\/"},"author":{"name":"Pierre","@id":"https:\/\/www.bedigitaltogether.be\/fr\/#\/schema\/person\/c3722c9f6ae2f22bc468e0468cc276d4"},"headline":"International Girls in ICT-Day &#8211; 24.04.2025","datePublished":"2025-03-04T13:59:08+00:00","dateModified":"2025-04-08T11:02:12+00:00","mainEntityOfPage":{"@id":"https:\/\/www.bedigitaltogether.be\/fr\/save-the-date-international-girls-in-ict-day-24-04-2025\/"},"wordCount":262,"commentCount":0,"articleSection":["Actualit\u00e9"],"inLanguage":"fr-FR","potentialAction":[{"@type":"CommentAction","name":"Comment","target":["https:\/\/www.bedigitaltogether.be\/fr\/save-the-date-international-girls-in-ict-day-24-04-2025\/#respond"]}]},{"@type":"WebPage","@id":"https:\/\/www.bedigitaltogether.be\/fr\/save-the-date-international-girls-in-ict-day-24-04-2025\/","url":"https:\/\/www.bedigitaltogether.be\/fr\/save-the-date-international-girls-in-ict-day-24-04-2025\/","name":"International Girls in ICT-Day - 24.04.2025 - BeDigitalTogether - Be Digital Together","isPartOf":{"@id":"https:\/\/www.bedigitaltogether.be\/fr\/#website"},"datePublished":"2025-03-04T13:59:08+00:00","dateModified":"2025-04-08T11:02:12+00:00","author":{"@id":"https:\/\/www.bedigitaltogether.be\/fr\/#\/schema\/person\/c3722c9f6ae2f22bc468e0468cc276d4"},"breadcrumb":{"@id":"https:\/\/www.bedigitaltogether.be\/fr\/save-the-date-international-girls-in-ict-day-24-04-2025\/#breadcrumb"},"inLanguage":"fr-FR","potentialAction":[{"@type":"ReadAction","target":["https:\/\/www.bedigitaltogether.be\/fr\/save-the-date-international-girls-in-ict-day-24-04-2025\/"]}]},{"@type":"BreadcrumbList","@id":"https:\/\/www.bedigitaltogether.be\/fr\/save-the-date-international-girls-in-ict-day-24-04-2025\/#breadcrumb","itemListElement":[{"@type":"ListItem","position":1,"name":"Accueil","item":"https:\/\/www.bedigitaltogether.be\/fr\/"},{"@type":"ListItem","position":2,"name":"Actualit\u00e9","item":"https:\/\/www.bedigitaltogether.be\/fr\/category\/blog-fr\/"},{"@type":"ListItem","position":3,"name":"International Girls in ICT-Day &#8211; 24.04.2025"}]},{"@type":"WebSite","@id":"https:\/\/www.bedigitaltogether.be\/fr\/#website","url":"https:\/\/www.bedigitaltogether.be\/fr\/","name":"BeDigitalTogether","description":"","potentialAction":[{"@type":"SearchAction","target":{"@type":"EntryPoint","urlTemplate":"https:\/\/www.bedigitaltogether.be\/fr\/?s={search_term_string}"},"query-input":{"@type":"PropertyValueSpecification","valueRequired":true,"valueName":"search_term_string"}}],"inLanguage":"fr-FR"},{"@type":"Person","@id":"https:\/\/www.bedigitaltogether.be\/fr\/#\/schema\/person\/c3722c9f6ae2f22bc468e0468cc276d4","name":"Pierre","image":{"@type":"ImageObject","inLanguage":"fr-FR","@id":"https:\/\/secure.gravatar.com\/avatar\/0014f2ba89c362b3698258bdca87ea80bf638afe793c6a820bef9cb601ca2a41?s=96&d=mm&r=g","url":"https:\/\/secure.gravatar.com\/avatar\/0014f2ba89c362b3698258bdca87ea80bf638afe793c6a820bef9cb601ca2a41?s=96&d=mm&r=g","contentUrl":"https:\/\/secure.gravatar.com\/avatar\/0014f2ba89c362b3698258bdca87ea80bf638afe793c6a820bef9cb601ca2a41?s=96&d=mm&r=g","caption":"Pierre"},"url":"https:\/\/www.bedigitaltogether.be\/fr\/author\/pierre\/"}]}},"_links":{"self":[{"href":"https:\/\/www.bedigitaltogether.be\/fr\/wp-json\/wp\/v2\/posts\/10488","targetHints":{"allow":["GET"]}}],"collection":[{"href":"https:\/\/www.bedigitaltogether.be\/fr\/wp-json\/wp\/v2\/posts"}],"about":[{"href":"https:\/\/www.bedigitaltogether.be\/fr\/wp-json\/wp\/v2\/types\/post"}],"author":[{"embeddable":true,"href":"https:\/\/www.bedigitaltogether.be\/fr\/wp-json\/wp\/v2\/users\/3"}],"replies":[{"embeddable":true,"href":"https:\/\/www.bedigitaltogether.be\/fr\/wp-json\/wp\/v2\/comments?post=10488"}],"version-history":[{"count":27,"href":"https:\/\/www.bedigitaltogether.be\/fr\/wp-json\/wp\/v2\/posts\/10488\/revisions"}],"predecessor-version":[{"id":10653,"href":"https:\/\/www.bedigitaltogether.be\/fr\/wp-json\/wp\/v2\/posts\/10488\/revisions\/10653"}],"wp:attachment":[{"href":"https:\/\/www.bedigitaltogether.be\/fr\/wp-json\/wp\/v2\/media?parent=10488"}],"wp:term":[{"taxonomy":"category","embeddable":true,"href":"https:\/\/www.bedigitaltogether.be\/fr\/wp-json\/wp\/v2\/categories?post=10488"},{"taxonomy":"post_tag","embeddable":true,"href":"https:\/\/www.bedigitaltogether.be\/fr\/wp-json\/wp\/v2\/tags?post=10488"},{"taxonomy":"active","embeddable":true,"href":"https:\/\/www.bedigitaltogether.be\/fr\/wp-json\/wp\/v2\/active?post=10488"}],"curies":[{"name":"wp","href":"https:\/\/api.w.org\/{rel}","templated":true}]}}