{"id":9705,"date":"2023-04-11T15:10:21","date_gmt":"2023-04-11T15:10:21","guid":{"rendered":"https:\/\/www.bedigitaltogether.be\/inklusion-in-der-neuen-arbeitswelt-neu-erfinden-ihr-handbuch-fuer-eine-kultur-der-inklusion-und-des-gendergleichgewichts-in-der-postpandemischen-welt\/"},"modified":"2023-04-12T07:36:52","modified_gmt":"2023-04-12T07:36:52","slug":"inklusion-in-der-neuen-arbeitswelt-neu-erfinden-ihr-handbuch-fuer-eine-kultur-der-inklusion-und-des-gendergleichgewichts-in-der-postpandemischen-welt","status":"publish","type":"post","link":"https:\/\/www.bedigitaltogether.be\/de\/inklusion-in-der-neuen-arbeitswelt-neu-erfinden-ihr-handbuch-fuer-eine-kultur-der-inklusion-und-des-gendergleichgewichts-in-der-postpandemischen-welt\/","title":{"rendered":"Inklusion in der neuen Arbeitswelt neu erfinden. Ihr Handbuch f\u00fcr eine Kultur der Inklusion und des Gendergleichgewichts in der postpandemischen Welt."},"content":{"rendered":"\n<p>In diesem praktischen Leitfaden pr\u00fcfen wir den Einfluss der neuen Arbeitsweisen in der Postpandemie auf die beruflichen Ungleichheiten. Wir bieten ein Modell an, um die Inklusion neu zu erfinden im Rahmen dieser neuen Arbeitsmodi, der Praxisf\u00e4lle und der Empfehlungen von Fachleuten, sowie eine Liste guter Praktiken f\u00fcr die F\u00fchrungskr\u00e4fte, Manager und Verantwortlichen f\u00fcr Personal und D&amp;I, um in einem Kontext von Telearbeit und Hybridarbeit eine Inklusionskultur zu entwickeln und die berufliche Gleichheit zu f\u00f6rdern.<\/p>\n","protected":false},"excerpt":{"rendered":"<p>In diesem praktischen Leitfaden pr\u00fcfen wir den Einfluss der neuen Arbeitsweisen in der Postpandemie auf die beruflichen Ungleichheiten. Wir bieten ein Modell an, um die Inklusion neu zu erfinden im Rahmen dieser neuen Arbeitsmodi, der Praxisf\u00e4lle und der Empfehlungen von Fachleuten, sowie eine Liste guter Praktiken f\u00fcr die F\u00fchrungskr\u00e4fte, Manager und Verantwortlichen f\u00fcr Personal und [&hellip;]<\/p>\n","protected":false},"author":1,"featured_media":9747,"comment_status":"open","ping_status":"closed","sticky":false,"template":"","format":"standard","meta":{"_acf_changed":false,"footnotes":""},"categories":[105],"tags":[117],"active":[151,148],"class_list":["post-9705","post","type-post","status-publish","format-standard","has-post-thumbnail","hentry","category-frauen-im-digitalen-halten","tag-nachrichten","active-archive-de","active-archive"],"acf":[],"yoast_head":"<!-- This site is optimized with the Yoast SEO plugin v27.5 - https:\/\/yoast.com\/product\/yoast-seo-wordpress\/ -->\n<title>Inklusion in der neuen Arbeitswelt neu erfinden. Ihr Handbuch f\u00fcr eine Kultur der Inklusion und des Gendergleichgewichts in der postpandemischen Welt. - BeDigitalTogether - Be Digital Together<\/title>\n<meta name=\"robots\" content=\"index, follow, max-snippet:-1, max-image-preview:large, max-video-preview:-1\" \/>\n<link rel=\"canonical\" href=\"https:\/\/www.bedigitaltogether.be\/de\/\" \/>\n<meta property=\"og:locale\" content=\"de_DE\" \/>\n<meta property=\"og:type\" content=\"article\" \/>\n<meta property=\"og:title\" content=\"Inklusion in der neuen Arbeitswelt neu erfinden. Ihr Handbuch f\u00fcr eine Kultur der Inklusion und des Gendergleichgewichts in der postpandemischen Welt. - BeDigitalTogether - Be Digital Together\" \/>\n<meta property=\"og:description\" content=\"In diesem praktischen Leitfaden pr\u00fcfen wir den Einfluss der neuen Arbeitsweisen in der Postpandemie auf die beruflichen Ungleichheiten. Wir bieten ein Modell an, um die Inklusion neu zu erfinden im Rahmen dieser neuen Arbeitsmodi, der Praxisf\u00e4lle und der Empfehlungen von Fachleuten, sowie eine Liste guter Praktiken f\u00fcr die F\u00fchrungskr\u00e4fte, Manager und Verantwortlichen f\u00fcr Personal und [&hellip;]\" \/>\n<meta property=\"og:url\" content=\"https:\/\/www.bedigitaltogether.be\/de\/\" \/>\n<meta property=\"og:site_name\" content=\"BeDigitalTogether\" \/>\n<meta property=\"article:published_time\" content=\"2023-04-11T15:10:21+00:00\" \/>\n<meta property=\"article:modified_time\" content=\"2023-04-12T07:36:52+00:00\" \/>\n<meta property=\"og:image\" content=\"https:\/\/www.bedigitaltogether.be\/wp-content\/uploads\/2023\/04\/114245882066_JUMP_inclusion_new_way_of_work_report_cover.png\" \/>\n\t<meta property=\"og:image:width\" content=\"960\" \/>\n\t<meta property=\"og:image:height\" content=\"640\" \/>\n\t<meta property=\"og:image:type\" content=\"image\/png\" \/>\n<meta name=\"author\" content=\"admin\" \/>\n<meta name=\"twitter:card\" content=\"summary_large_image\" \/>\n<meta name=\"twitter:label1\" content=\"Verfasst von\" \/>\n\t<meta name=\"twitter:data1\" content=\"admin\" \/>\n<script type=\"application\/ld+json\" class=\"yoast-schema-graph\">{\"@context\":\"https:\\\/\\\/schema.org\",\"@graph\":[{\"@type\":\"Article\",\"@id\":\"https:\\\/\\\/www.bedigitaltogether.be\\\/de\\\/inklusion-in-der-neuen-arbeitswelt-neu-erfinden-ihr-handbuch-fuer-eine-kultur-der-inklusion-und-des-gendergleichgewichts-in-der-postpandemischen-welt\\\/#article\",\"isPartOf\":{\"@id\":\"https:\\\/\\\/www.bedigitaltogether.be\\\/de\\\/inklusion-in-der-neuen-arbeitswelt-neu-erfinden-ihr-handbuch-fuer-eine-kultur-der-inklusion-und-des-gendergleichgewichts-in-der-postpandemischen-welt\\\/\"},\"author\":{\"name\":\"admin\",\"@id\":\"https:\\\/\\\/www.bedigitaltogether.be\\\/de\\\/#\\\/schema\\\/person\\\/b56960572f725379f0873aa9fbd131c9\"},\"headline\":\"Inklusion in der neuen Arbeitswelt neu erfinden. Ihr Handbuch f\u00fcr eine Kultur der Inklusion und des Gendergleichgewichts in der postpandemischen Welt.\",\"datePublished\":\"2023-04-11T15:10:21+00:00\",\"dateModified\":\"2023-04-12T07:36:52+00:00\",\"mainEntityOfPage\":{\"@id\":\"https:\\\/\\\/www.bedigitaltogether.be\\\/de\\\/inklusion-in-der-neuen-arbeitswelt-neu-erfinden-ihr-handbuch-fuer-eine-kultur-der-inklusion-und-des-gendergleichgewichts-in-der-postpandemischen-welt\\\/\"},\"wordCount\":105,\"commentCount\":0,\"image\":{\"@id\":\"https:\\\/\\\/www.bedigitaltogether.be\\\/de\\\/inklusion-in-der-neuen-arbeitswelt-neu-erfinden-ihr-handbuch-fuer-eine-kultur-der-inklusion-und-des-gendergleichgewichts-in-der-postpandemischen-welt\\\/#primaryimage\"},\"thumbnailUrl\":\"https:\\\/\\\/www.bedigitaltogether.be\\\/wp-content\\\/uploads\\\/2023\\\/04\\\/114245882066_JUMP_inclusion_new_way_of_work_report_cover.png\",\"keywords\":[\"Nachrichten\"],\"articleSection\":[\"Frauen im Digitalen halten\"],\"inLanguage\":\"de\",\"potentialAction\":[{\"@type\":\"CommentAction\",\"name\":\"Comment\",\"target\":[\"https:\\\/\\\/www.bedigitaltogether.be\\\/de\\\/inklusion-in-der-neuen-arbeitswelt-neu-erfinden-ihr-handbuch-fuer-eine-kultur-der-inklusion-und-des-gendergleichgewichts-in-der-postpandemischen-welt\\\/#respond\"]}]},{\"@type\":\"WebPage\",\"@id\":\"https:\\\/\\\/www.bedigitaltogether.be\\\/de\\\/inklusion-in-der-neuen-arbeitswelt-neu-erfinden-ihr-handbuch-fuer-eine-kultur-der-inklusion-und-des-gendergleichgewichts-in-der-postpandemischen-welt\\\/\",\"url\":\"https:\\\/\\\/www.bedigitaltogether.be\\\/de\\\/inklusion-in-der-neuen-arbeitswelt-neu-erfinden-ihr-handbuch-fuer-eine-kultur-der-inklusion-und-des-gendergleichgewichts-in-der-postpandemischen-welt\\\/\",\"name\":\"Inklusion in der neuen Arbeitswelt neu erfinden. Ihr Handbuch f\u00fcr eine Kultur der Inklusion und des Gendergleichgewichts in der postpandemischen Welt. - BeDigitalTogether - Be Digital Together\",\"isPartOf\":{\"@id\":\"https:\\\/\\\/www.bedigitaltogether.be\\\/de\\\/#website\"},\"primaryImageOfPage\":{\"@id\":\"https:\\\/\\\/www.bedigitaltogether.be\\\/de\\\/inklusion-in-der-neuen-arbeitswelt-neu-erfinden-ihr-handbuch-fuer-eine-kultur-der-inklusion-und-des-gendergleichgewichts-in-der-postpandemischen-welt\\\/#primaryimage\"},\"image\":{\"@id\":\"https:\\\/\\\/www.bedigitaltogether.be\\\/de\\\/inklusion-in-der-neuen-arbeitswelt-neu-erfinden-ihr-handbuch-fuer-eine-kultur-der-inklusion-und-des-gendergleichgewichts-in-der-postpandemischen-welt\\\/#primaryimage\"},\"thumbnailUrl\":\"https:\\\/\\\/www.bedigitaltogether.be\\\/wp-content\\\/uploads\\\/2023\\\/04\\\/114245882066_JUMP_inclusion_new_way_of_work_report_cover.png\",\"datePublished\":\"2023-04-11T15:10:21+00:00\",\"dateModified\":\"2023-04-12T07:36:52+00:00\",\"author\":{\"@id\":\"https:\\\/\\\/www.bedigitaltogether.be\\\/de\\\/#\\\/schema\\\/person\\\/b56960572f725379f0873aa9fbd131c9\"},\"breadcrumb\":{\"@id\":\"https:\\\/\\\/www.bedigitaltogether.be\\\/de\\\/inklusion-in-der-neuen-arbeitswelt-neu-erfinden-ihr-handbuch-fuer-eine-kultur-der-inklusion-und-des-gendergleichgewichts-in-der-postpandemischen-welt\\\/#breadcrumb\"},\"inLanguage\":\"de\",\"potentialAction\":[{\"@type\":\"ReadAction\",\"target\":[\"https:\\\/\\\/www.bedigitaltogether.be\\\/de\\\/inklusion-in-der-neuen-arbeitswelt-neu-erfinden-ihr-handbuch-fuer-eine-kultur-der-inklusion-und-des-gendergleichgewichts-in-der-postpandemischen-welt\\\/\"]}]},{\"@type\":\"ImageObject\",\"inLanguage\":\"de\",\"@id\":\"https:\\\/\\\/www.bedigitaltogether.be\\\/de\\\/inklusion-in-der-neuen-arbeitswelt-neu-erfinden-ihr-handbuch-fuer-eine-kultur-der-inklusion-und-des-gendergleichgewichts-in-der-postpandemischen-welt\\\/#primaryimage\",\"url\":\"https:\\\/\\\/www.bedigitaltogether.be\\\/wp-content\\\/uploads\\\/2023\\\/04\\\/114245882066_JUMP_inclusion_new_way_of_work_report_cover.png\",\"contentUrl\":\"https:\\\/\\\/www.bedigitaltogether.be\\\/wp-content\\\/uploads\\\/2023\\\/04\\\/114245882066_JUMP_inclusion_new_way_of_work_report_cover.png\",\"width\":960,\"height\":640},{\"@type\":\"BreadcrumbList\",\"@id\":\"https:\\\/\\\/www.bedigitaltogether.be\\\/de\\\/inklusion-in-der-neuen-arbeitswelt-neu-erfinden-ihr-handbuch-fuer-eine-kultur-der-inklusion-und-des-gendergleichgewichts-in-der-postpandemischen-welt\\\/#breadcrumb\",\"itemListElement\":[{\"@type\":\"ListItem\",\"position\":1,\"name\":\"Zuhause\",\"item\":\"https:\\\/\\\/www.bedigitaltogether.be\\\/de\\\/\"},{\"@type\":\"ListItem\",\"position\":2,\"name\":\"Frauen im Digitalen halten\",\"item\":\"https:\\\/\\\/www.bedigitaltogether.be\\\/de\\\/category\\\/frauen-im-digitalen-halten\\\/\"},{\"@type\":\"ListItem\",\"position\":3,\"name\":\"Inklusion in der neuen Arbeitswelt neu erfinden. Ihr Handbuch f\u00fcr eine Kultur der Inklusion und des Gendergleichgewichts in der postpandemischen Welt.\"}]},{\"@type\":\"WebSite\",\"@id\":\"https:\\\/\\\/www.bedigitaltogether.be\\\/de\\\/#website\",\"url\":\"https:\\\/\\\/www.bedigitaltogether.be\\\/de\\\/\",\"name\":\"BeDigitalTogether\",\"description\":\"\",\"potentialAction\":[{\"@type\":\"SearchAction\",\"target\":{\"@type\":\"EntryPoint\",\"urlTemplate\":\"https:\\\/\\\/www.bedigitaltogether.be\\\/de\\\/?s={search_term_string}\"},\"query-input\":{\"@type\":\"PropertyValueSpecification\",\"valueRequired\":true,\"valueName\":\"search_term_string\"}}],\"inLanguage\":\"de\"},{\"@type\":\"Person\",\"@id\":\"https:\\\/\\\/www.bedigitaltogether.be\\\/de\\\/#\\\/schema\\\/person\\\/b56960572f725379f0873aa9fbd131c9\",\"name\":\"admin\",\"image\":{\"@type\":\"ImageObject\",\"inLanguage\":\"de\",\"@id\":\"https:\\\/\\\/secure.gravatar.com\\\/avatar\\\/c64dbd098148d05d0d68c4c59f1bc02d90e703757e02c60e5fa7878c6f6c4855?s=96&d=mm&r=g\",\"url\":\"https:\\\/\\\/secure.gravatar.com\\\/avatar\\\/c64dbd098148d05d0d68c4c59f1bc02d90e703757e02c60e5fa7878c6f6c4855?s=96&d=mm&r=g\",\"contentUrl\":\"https:\\\/\\\/secure.gravatar.com\\\/avatar\\\/c64dbd098148d05d0d68c4c59f1bc02d90e703757e02c60e5fa7878c6f6c4855?s=96&d=mm&r=g\",\"caption\":\"admin\"},\"sameAs\":[\"https:\\\/\\\/www.bedigitaltogether.be\"],\"url\":\"https:\\\/\\\/www.bedigitaltogether.be\\\/de\\\/author\\\/lh_2l609ggp\\\/\"}]}<\/script>\n<!-- \/ Yoast SEO plugin. -->","yoast_head_json":{"title":"Inklusion in der neuen Arbeitswelt neu erfinden. Ihr Handbuch f\u00fcr eine Kultur der Inklusion und des Gendergleichgewichts in der postpandemischen Welt. - BeDigitalTogether - Be Digital Together","robots":{"index":"index","follow":"follow","max-snippet":"max-snippet:-1","max-image-preview":"max-image-preview:large","max-video-preview":"max-video-preview:-1"},"canonical":"https:\/\/www.bedigitaltogether.be\/de\/","og_locale":"de_DE","og_type":"article","og_title":"Inklusion in der neuen Arbeitswelt neu erfinden. Ihr Handbuch f\u00fcr eine Kultur der Inklusion und des Gendergleichgewichts in der postpandemischen Welt. - BeDigitalTogether - Be Digital Together","og_description":"In diesem praktischen Leitfaden pr\u00fcfen wir den Einfluss der neuen Arbeitsweisen in der Postpandemie auf die beruflichen Ungleichheiten. Wir bieten ein Modell an, um die Inklusion neu zu erfinden im Rahmen dieser neuen Arbeitsmodi, der Praxisf\u00e4lle und der Empfehlungen von Fachleuten, sowie eine Liste guter Praktiken f\u00fcr die F\u00fchrungskr\u00e4fte, Manager und Verantwortlichen f\u00fcr Personal und [&hellip;]","og_url":"https:\/\/www.bedigitaltogether.be\/de\/","og_site_name":"BeDigitalTogether","article_published_time":"2023-04-11T15:10:21+00:00","article_modified_time":"2023-04-12T07:36:52+00:00","og_image":[{"width":960,"height":640,"url":"https:\/\/www.bedigitaltogether.be\/wp-content\/uploads\/2023\/04\/114245882066_JUMP_inclusion_new_way_of_work_report_cover.png","type":"image\/png"}],"author":"admin","twitter_card":"summary_large_image","twitter_misc":{"Verfasst von":"admin"},"schema":{"@context":"https:\/\/schema.org","@graph":[{"@type":"Article","@id":"https:\/\/www.bedigitaltogether.be\/de\/inklusion-in-der-neuen-arbeitswelt-neu-erfinden-ihr-handbuch-fuer-eine-kultur-der-inklusion-und-des-gendergleichgewichts-in-der-postpandemischen-welt\/#article","isPartOf":{"@id":"https:\/\/www.bedigitaltogether.be\/de\/inklusion-in-der-neuen-arbeitswelt-neu-erfinden-ihr-handbuch-fuer-eine-kultur-der-inklusion-und-des-gendergleichgewichts-in-der-postpandemischen-welt\/"},"author":{"name":"admin","@id":"https:\/\/www.bedigitaltogether.be\/de\/#\/schema\/person\/b56960572f725379f0873aa9fbd131c9"},"headline":"Inklusion in der neuen Arbeitswelt neu erfinden. Ihr Handbuch f\u00fcr eine Kultur der Inklusion und des Gendergleichgewichts in der postpandemischen Welt.","datePublished":"2023-04-11T15:10:21+00:00","dateModified":"2023-04-12T07:36:52+00:00","mainEntityOfPage":{"@id":"https:\/\/www.bedigitaltogether.be\/de\/inklusion-in-der-neuen-arbeitswelt-neu-erfinden-ihr-handbuch-fuer-eine-kultur-der-inklusion-und-des-gendergleichgewichts-in-der-postpandemischen-welt\/"},"wordCount":105,"commentCount":0,"image":{"@id":"https:\/\/www.bedigitaltogether.be\/de\/inklusion-in-der-neuen-arbeitswelt-neu-erfinden-ihr-handbuch-fuer-eine-kultur-der-inklusion-und-des-gendergleichgewichts-in-der-postpandemischen-welt\/#primaryimage"},"thumbnailUrl":"https:\/\/www.bedigitaltogether.be\/wp-content\/uploads\/2023\/04\/114245882066_JUMP_inclusion_new_way_of_work_report_cover.png","keywords":["Nachrichten"],"articleSection":["Frauen im Digitalen halten"],"inLanguage":"de","potentialAction":[{"@type":"CommentAction","name":"Comment","target":["https:\/\/www.bedigitaltogether.be\/de\/inklusion-in-der-neuen-arbeitswelt-neu-erfinden-ihr-handbuch-fuer-eine-kultur-der-inklusion-und-des-gendergleichgewichts-in-der-postpandemischen-welt\/#respond"]}]},{"@type":"WebPage","@id":"https:\/\/www.bedigitaltogether.be\/de\/inklusion-in-der-neuen-arbeitswelt-neu-erfinden-ihr-handbuch-fuer-eine-kultur-der-inklusion-und-des-gendergleichgewichts-in-der-postpandemischen-welt\/","url":"https:\/\/www.bedigitaltogether.be\/de\/inklusion-in-der-neuen-arbeitswelt-neu-erfinden-ihr-handbuch-fuer-eine-kultur-der-inklusion-und-des-gendergleichgewichts-in-der-postpandemischen-welt\/","name":"Inklusion in der neuen Arbeitswelt neu erfinden. Ihr Handbuch f\u00fcr eine Kultur der Inklusion und des Gendergleichgewichts in der postpandemischen Welt. - BeDigitalTogether - Be Digital Together","isPartOf":{"@id":"https:\/\/www.bedigitaltogether.be\/de\/#website"},"primaryImageOfPage":{"@id":"https:\/\/www.bedigitaltogether.be\/de\/inklusion-in-der-neuen-arbeitswelt-neu-erfinden-ihr-handbuch-fuer-eine-kultur-der-inklusion-und-des-gendergleichgewichts-in-der-postpandemischen-welt\/#primaryimage"},"image":{"@id":"https:\/\/www.bedigitaltogether.be\/de\/inklusion-in-der-neuen-arbeitswelt-neu-erfinden-ihr-handbuch-fuer-eine-kultur-der-inklusion-und-des-gendergleichgewichts-in-der-postpandemischen-welt\/#primaryimage"},"thumbnailUrl":"https:\/\/www.bedigitaltogether.be\/wp-content\/uploads\/2023\/04\/114245882066_JUMP_inclusion_new_way_of_work_report_cover.png","datePublished":"2023-04-11T15:10:21+00:00","dateModified":"2023-04-12T07:36:52+00:00","author":{"@id":"https:\/\/www.bedigitaltogether.be\/de\/#\/schema\/person\/b56960572f725379f0873aa9fbd131c9"},"breadcrumb":{"@id":"https:\/\/www.bedigitaltogether.be\/de\/inklusion-in-der-neuen-arbeitswelt-neu-erfinden-ihr-handbuch-fuer-eine-kultur-der-inklusion-und-des-gendergleichgewichts-in-der-postpandemischen-welt\/#breadcrumb"},"inLanguage":"de","potentialAction":[{"@type":"ReadAction","target":["https:\/\/www.bedigitaltogether.be\/de\/inklusion-in-der-neuen-arbeitswelt-neu-erfinden-ihr-handbuch-fuer-eine-kultur-der-inklusion-und-des-gendergleichgewichts-in-der-postpandemischen-welt\/"]}]},{"@type":"ImageObject","inLanguage":"de","@id":"https:\/\/www.bedigitaltogether.be\/de\/inklusion-in-der-neuen-arbeitswelt-neu-erfinden-ihr-handbuch-fuer-eine-kultur-der-inklusion-und-des-gendergleichgewichts-in-der-postpandemischen-welt\/#primaryimage","url":"https:\/\/www.bedigitaltogether.be\/wp-content\/uploads\/2023\/04\/114245882066_JUMP_inclusion_new_way_of_work_report_cover.png","contentUrl":"https:\/\/www.bedigitaltogether.be\/wp-content\/uploads\/2023\/04\/114245882066_JUMP_inclusion_new_way_of_work_report_cover.png","width":960,"height":640},{"@type":"BreadcrumbList","@id":"https:\/\/www.bedigitaltogether.be\/de\/inklusion-in-der-neuen-arbeitswelt-neu-erfinden-ihr-handbuch-fuer-eine-kultur-der-inklusion-und-des-gendergleichgewichts-in-der-postpandemischen-welt\/#breadcrumb","itemListElement":[{"@type":"ListItem","position":1,"name":"Zuhause","item":"https:\/\/www.bedigitaltogether.be\/de\/"},{"@type":"ListItem","position":2,"name":"Frauen im Digitalen halten","item":"https:\/\/www.bedigitaltogether.be\/de\/category\/frauen-im-digitalen-halten\/"},{"@type":"ListItem","position":3,"name":"Inklusion in der neuen Arbeitswelt neu erfinden. Ihr Handbuch f\u00fcr eine Kultur der Inklusion und des Gendergleichgewichts in der postpandemischen Welt."}]},{"@type":"WebSite","@id":"https:\/\/www.bedigitaltogether.be\/de\/#website","url":"https:\/\/www.bedigitaltogether.be\/de\/","name":"BeDigitalTogether","description":"","potentialAction":[{"@type":"SearchAction","target":{"@type":"EntryPoint","urlTemplate":"https:\/\/www.bedigitaltogether.be\/de\/?s={search_term_string}"},"query-input":{"@type":"PropertyValueSpecification","valueRequired":true,"valueName":"search_term_string"}}],"inLanguage":"de"},{"@type":"Person","@id":"https:\/\/www.bedigitaltogether.be\/de\/#\/schema\/person\/b56960572f725379f0873aa9fbd131c9","name":"admin","image":{"@type":"ImageObject","inLanguage":"de","@id":"https:\/\/secure.gravatar.com\/avatar\/c64dbd098148d05d0d68c4c59f1bc02d90e703757e02c60e5fa7878c6f6c4855?s=96&d=mm&r=g","url":"https:\/\/secure.gravatar.com\/avatar\/c64dbd098148d05d0d68c4c59f1bc02d90e703757e02c60e5fa7878c6f6c4855?s=96&d=mm&r=g","contentUrl":"https:\/\/secure.gravatar.com\/avatar\/c64dbd098148d05d0d68c4c59f1bc02d90e703757e02c60e5fa7878c6f6c4855?s=96&d=mm&r=g","caption":"admin"},"sameAs":["https:\/\/www.bedigitaltogether.be"],"url":"https:\/\/www.bedigitaltogether.be\/de\/author\/lh_2l609ggp\/"}]}},"_links":{"self":[{"href":"https:\/\/www.bedigitaltogether.be\/de\/wp-json\/wp\/v2\/posts\/9705","targetHints":{"allow":["GET"]}}],"collection":[{"href":"https:\/\/www.bedigitaltogether.be\/de\/wp-json\/wp\/v2\/posts"}],"about":[{"href":"https:\/\/www.bedigitaltogether.be\/de\/wp-json\/wp\/v2\/types\/post"}],"author":[{"embeddable":true,"href":"https:\/\/www.bedigitaltogether.be\/de\/wp-json\/wp\/v2\/users\/1"}],"replies":[{"embeddable":true,"href":"https:\/\/www.bedigitaltogether.be\/de\/wp-json\/wp\/v2\/comments?post=9705"}],"version-history":[{"count":1,"href":"https:\/\/www.bedigitaltogether.be\/de\/wp-json\/wp\/v2\/posts\/9705\/revisions"}],"predecessor-version":[{"id":9706,"href":"https:\/\/www.bedigitaltogether.be\/de\/wp-json\/wp\/v2\/posts\/9705\/revisions\/9706"}],"wp:featuredmedia":[{"embeddable":true,"href":"https:\/\/www.bedigitaltogether.be\/de\/wp-json\/wp\/v2\/media\/9747"}],"wp:attachment":[{"href":"https:\/\/www.bedigitaltogether.be\/de\/wp-json\/wp\/v2\/media?parent=9705"}],"wp:term":[{"taxonomy":"category","embeddable":true,"href":"https:\/\/www.bedigitaltogether.be\/de\/wp-json\/wp\/v2\/categories?post=9705"},{"taxonomy":"post_tag","embeddable":true,"href":"https:\/\/www.bedigitaltogether.be\/de\/wp-json\/wp\/v2\/tags?post=9705"},{"taxonomy":"active","embeddable":true,"href":"https:\/\/www.bedigitaltogether.be\/de\/wp-json\/wp\/v2\/active?post=9705"}],"curies":[{"name":"wp","href":"https:\/\/api.w.org\/{rel}","templated":true}]}}