{"id":9694,"date":"2023-04-11T15:01:30","date_gmt":"2023-04-11T15:01:30","guid":{"rendered":"https:\/\/www.bedigitaltogether.be\/stimuler-la-politique-inclusive-dans-le-secteur-audiovisuel-flamand\/"},"modified":"2023-04-11T15:07:02","modified_gmt":"2023-04-11T15:07:02","slug":"stimuler-la-politique-inclusive-dans-le-secteur-audiovisuel-flamand","status":"publish","type":"post","link":"https:\/\/www.bedigitaltogether.be\/de\/stimuler-la-politique-inclusive-dans-le-secteur-audiovisuel-flamand\/","title":{"rendered":"F\u00f6rderung einer inklusiveren Politik in der fl\u00e4mischen audiovisuellen Branche."},"content":{"rendered":"\n<p>Im Rahmen des neuen Verwaltungsabkommens (2022-2025) zwischen der Fl\u00e4mischen Gemeinschaft und dem Vlaams Audiovisueel Fonds beinhaltete der Auftrag auch, dass der VAF im audiovisuellen Sektor und in der Gamebranche Inklusion f\u00f6rdern muss. Der VAF wird eine Politik betreiben, die bei gleichzeitiger Achtung vor der Eigenheit des kreativen Prozesses Diversit\u00e4t und Inklusion f\u00f6rdert. In enger Zusammenarbeit mit dem audiovisuellen Sektor arbeitet der VAF an einer respr\u00e4sentativeren Darstellung in den vom VAF unterst\u00fctzten Produktionen (sowohl vor als auch hinter den Kulissen). Der VAF setzt auch in seiner Organisation auf die Diversit\u00e4t. In der n\u00e4chsten Zeit wird der VAF sich eigens auf Gendergleichheit konzentrieren. Er ergreift daher Ma\u00dfnahmen wie Datenerhebung, Bewusstseinsbildung, die eigene Anwendung der inklusiven Herangehensweise (Genderbilanz in Jurys) und Erkundigungen zur Herangehensweise bez\u00fcglich der Inklusion bei Antr\u00e4gen.<\/p>\n","protected":false},"excerpt":{"rendered":"<p>Im Rahmen des neuen Verwaltungsabkommens (2022-2025) zwischen der Fl\u00e4mischen Gemeinschaft und dem Vlaams Audiovisueel Fonds beinhaltete der Auftrag auch, dass der VAF im audiovisuellen Sektor und in der Gamebranche Inklusion f\u00f6rdern muss. Der VAF wird eine Politik betreiben, die bei gleichzeitiger Achtung vor der Eigenheit des kreativen Prozesses Diversit\u00e4t und Inklusion f\u00f6rdert. In enger Zusammenarbeit [&hellip;]<\/p>\n","protected":false},"author":1,"featured_media":0,"comment_status":"open","ping_status":"closed","sticky":false,"template":"","format":"standard","meta":{"_acf_changed":false,"footnotes":""},"categories":[99],"tags":[119],"active":[151],"class_list":["post-9694","post","type-post","status-publish","format-standard","hentry","category-arbeitswelt","tag-initiative-de","active-archive-de"],"acf":[],"yoast_head":"<!-- This site is optimized with the Yoast SEO plugin v27.5 - https:\/\/yoast.com\/product\/yoast-seo-wordpress\/ -->\n<title>F\u00f6rderung einer inklusiveren Politik in der fl\u00e4mischen audiovisuellen Branche. - BeDigitalTogether - Be Digital Together<\/title>\n<meta name=\"robots\" content=\"index, follow, max-snippet:-1, max-image-preview:large, max-video-preview:-1\" \/>\n<link rel=\"canonical\" href=\"https:\/\/www.bedigitaltogether.be\/de\/\" \/>\n<meta property=\"og:locale\" content=\"de_DE\" \/>\n<meta property=\"og:type\" content=\"article\" \/>\n<meta property=\"og:title\" content=\"F\u00f6rderung einer inklusiveren Politik in der fl\u00e4mischen audiovisuellen Branche. - BeDigitalTogether - Be Digital Together\" \/>\n<meta property=\"og:description\" content=\"Im Rahmen des neuen Verwaltungsabkommens (2022-2025) zwischen der Fl\u00e4mischen Gemeinschaft und dem Vlaams Audiovisueel Fonds beinhaltete der Auftrag auch, dass der VAF im audiovisuellen Sektor und in der Gamebranche Inklusion f\u00f6rdern muss. Der VAF wird eine Politik betreiben, die bei gleichzeitiger Achtung vor der Eigenheit des kreativen Prozesses Diversit\u00e4t und Inklusion f\u00f6rdert. In enger Zusammenarbeit [&hellip;]\" \/>\n<meta property=\"og:url\" content=\"https:\/\/www.bedigitaltogether.be\/de\/\" \/>\n<meta property=\"og:site_name\" content=\"BeDigitalTogether\" \/>\n<meta property=\"article:published_time\" content=\"2023-04-11T15:01:30+00:00\" \/>\n<meta property=\"article:modified_time\" content=\"2023-04-11T15:07:02+00:00\" \/>\n<meta name=\"author\" content=\"admin\" \/>\n<meta name=\"twitter:card\" content=\"summary_large_image\" \/>\n<meta name=\"twitter:label1\" content=\"Verfasst von\" \/>\n\t<meta name=\"twitter:data1\" content=\"admin\" \/>\n\t<meta name=\"twitter:label2\" content=\"Gesch\u00e4tzte Lesezeit\" \/>\n\t<meta name=\"twitter:data2\" content=\"1\u00a0Minute\" \/>\n<script type=\"application\/ld+json\" class=\"yoast-schema-graph\">{\"@context\":\"https:\\\/\\\/schema.org\",\"@graph\":[{\"@type\":\"Article\",\"@id\":\"https:\\\/\\\/www.bedigitaltogether.be\\\/de\\\/stimuler-la-politique-inclusive-dans-le-secteur-audiovisuel-flamand\\\/#article\",\"isPartOf\":{\"@id\":\"https:\\\/\\\/www.bedigitaltogether.be\\\/de\\\/stimuler-la-politique-inclusive-dans-le-secteur-audiovisuel-flamand\\\/\"},\"author\":{\"name\":\"admin\",\"@id\":\"https:\\\/\\\/www.bedigitaltogether.be\\\/de\\\/#\\\/schema\\\/person\\\/b56960572f725379f0873aa9fbd131c9\"},\"headline\":\"F\u00f6rderung einer inklusiveren Politik in der fl\u00e4mischen audiovisuellen Branche.\",\"datePublished\":\"2023-04-11T15:01:30+00:00\",\"dateModified\":\"2023-04-11T15:07:02+00:00\",\"mainEntityOfPage\":{\"@id\":\"https:\\\/\\\/www.bedigitaltogether.be\\\/de\\\/stimuler-la-politique-inclusive-dans-le-secteur-audiovisuel-flamand\\\/\"},\"wordCount\":148,\"commentCount\":0,\"keywords\":[\"Initiative\"],\"articleSection\":[\"Arbeitswelt\"],\"inLanguage\":\"de\",\"potentialAction\":[{\"@type\":\"CommentAction\",\"name\":\"Comment\",\"target\":[\"https:\\\/\\\/www.bedigitaltogether.be\\\/de\\\/stimuler-la-politique-inclusive-dans-le-secteur-audiovisuel-flamand\\\/#respond\"]}]},{\"@type\":\"WebPage\",\"@id\":\"https:\\\/\\\/www.bedigitaltogether.be\\\/de\\\/stimuler-la-politique-inclusive-dans-le-secteur-audiovisuel-flamand\\\/\",\"url\":\"https:\\\/\\\/www.bedigitaltogether.be\\\/de\\\/stimuler-la-politique-inclusive-dans-le-secteur-audiovisuel-flamand\\\/\",\"name\":\"F\u00f6rderung einer inklusiveren Politik in der fl\u00e4mischen audiovisuellen Branche. - BeDigitalTogether - Be Digital Together\",\"isPartOf\":{\"@id\":\"https:\\\/\\\/www.bedigitaltogether.be\\\/de\\\/#website\"},\"datePublished\":\"2023-04-11T15:01:30+00:00\",\"dateModified\":\"2023-04-11T15:07:02+00:00\",\"author\":{\"@id\":\"https:\\\/\\\/www.bedigitaltogether.be\\\/de\\\/#\\\/schema\\\/person\\\/b56960572f725379f0873aa9fbd131c9\"},\"breadcrumb\":{\"@id\":\"https:\\\/\\\/www.bedigitaltogether.be\\\/de\\\/stimuler-la-politique-inclusive-dans-le-secteur-audiovisuel-flamand\\\/#breadcrumb\"},\"inLanguage\":\"de\",\"potentialAction\":[{\"@type\":\"ReadAction\",\"target\":[\"https:\\\/\\\/www.bedigitaltogether.be\\\/de\\\/stimuler-la-politique-inclusive-dans-le-secteur-audiovisuel-flamand\\\/\"]}]},{\"@type\":\"BreadcrumbList\",\"@id\":\"https:\\\/\\\/www.bedigitaltogether.be\\\/de\\\/stimuler-la-politique-inclusive-dans-le-secteur-audiovisuel-flamand\\\/#breadcrumb\",\"itemListElement\":[{\"@type\":\"ListItem\",\"position\":1,\"name\":\"Zuhause\",\"item\":\"https:\\\/\\\/www.bedigitaltogether.be\\\/de\\\/\"},{\"@type\":\"ListItem\",\"position\":2,\"name\":\"Arbeitswelt\",\"item\":\"https:\\\/\\\/www.bedigitaltogether.be\\\/de\\\/category\\\/arbeitswelt\\\/\"},{\"@type\":\"ListItem\",\"position\":3,\"name\":\"F\u00f6rderung einer inklusiveren Politik in der fl\u00e4mischen audiovisuellen Branche.\"}]},{\"@type\":\"WebSite\",\"@id\":\"https:\\\/\\\/www.bedigitaltogether.be\\\/de\\\/#website\",\"url\":\"https:\\\/\\\/www.bedigitaltogether.be\\\/de\\\/\",\"name\":\"BeDigitalTogether\",\"description\":\"\",\"potentialAction\":[{\"@type\":\"SearchAction\",\"target\":{\"@type\":\"EntryPoint\",\"urlTemplate\":\"https:\\\/\\\/www.bedigitaltogether.be\\\/de\\\/?s={search_term_string}\"},\"query-input\":{\"@type\":\"PropertyValueSpecification\",\"valueRequired\":true,\"valueName\":\"search_term_string\"}}],\"inLanguage\":\"de\"},{\"@type\":\"Person\",\"@id\":\"https:\\\/\\\/www.bedigitaltogether.be\\\/de\\\/#\\\/schema\\\/person\\\/b56960572f725379f0873aa9fbd131c9\",\"name\":\"admin\",\"image\":{\"@type\":\"ImageObject\",\"inLanguage\":\"de\",\"@id\":\"https:\\\/\\\/secure.gravatar.com\\\/avatar\\\/c64dbd098148d05d0d68c4c59f1bc02d90e703757e02c60e5fa7878c6f6c4855?s=96&d=mm&r=g\",\"url\":\"https:\\\/\\\/secure.gravatar.com\\\/avatar\\\/c64dbd098148d05d0d68c4c59f1bc02d90e703757e02c60e5fa7878c6f6c4855?s=96&d=mm&r=g\",\"contentUrl\":\"https:\\\/\\\/secure.gravatar.com\\\/avatar\\\/c64dbd098148d05d0d68c4c59f1bc02d90e703757e02c60e5fa7878c6f6c4855?s=96&d=mm&r=g\",\"caption\":\"admin\"},\"sameAs\":[\"https:\\\/\\\/www.bedigitaltogether.be\"],\"url\":\"https:\\\/\\\/www.bedigitaltogether.be\\\/de\\\/author\\\/lh_2l609ggp\\\/\"}]}<\/script>\n<!-- \/ Yoast SEO plugin. -->","yoast_head_json":{"title":"F\u00f6rderung einer inklusiveren Politik in der fl\u00e4mischen audiovisuellen Branche. - BeDigitalTogether - Be Digital Together","robots":{"index":"index","follow":"follow","max-snippet":"max-snippet:-1","max-image-preview":"max-image-preview:large","max-video-preview":"max-video-preview:-1"},"canonical":"https:\/\/www.bedigitaltogether.be\/de\/","og_locale":"de_DE","og_type":"article","og_title":"F\u00f6rderung einer inklusiveren Politik in der fl\u00e4mischen audiovisuellen Branche. - BeDigitalTogether - Be Digital Together","og_description":"Im Rahmen des neuen Verwaltungsabkommens (2022-2025) zwischen der Fl\u00e4mischen Gemeinschaft und dem Vlaams Audiovisueel Fonds beinhaltete der Auftrag auch, dass der VAF im audiovisuellen Sektor und in der Gamebranche Inklusion f\u00f6rdern muss. Der VAF wird eine Politik betreiben, die bei gleichzeitiger Achtung vor der Eigenheit des kreativen Prozesses Diversit\u00e4t und Inklusion f\u00f6rdert. In enger Zusammenarbeit [&hellip;]","og_url":"https:\/\/www.bedigitaltogether.be\/de\/","og_site_name":"BeDigitalTogether","article_published_time":"2023-04-11T15:01:30+00:00","article_modified_time":"2023-04-11T15:07:02+00:00","author":"admin","twitter_card":"summary_large_image","twitter_misc":{"Verfasst von":"admin","Gesch\u00e4tzte Lesezeit":"1\u00a0Minute"},"schema":{"@context":"https:\/\/schema.org","@graph":[{"@type":"Article","@id":"https:\/\/www.bedigitaltogether.be\/de\/stimuler-la-politique-inclusive-dans-le-secteur-audiovisuel-flamand\/#article","isPartOf":{"@id":"https:\/\/www.bedigitaltogether.be\/de\/stimuler-la-politique-inclusive-dans-le-secteur-audiovisuel-flamand\/"},"author":{"name":"admin","@id":"https:\/\/www.bedigitaltogether.be\/de\/#\/schema\/person\/b56960572f725379f0873aa9fbd131c9"},"headline":"F\u00f6rderung einer inklusiveren Politik in der fl\u00e4mischen audiovisuellen Branche.","datePublished":"2023-04-11T15:01:30+00:00","dateModified":"2023-04-11T15:07:02+00:00","mainEntityOfPage":{"@id":"https:\/\/www.bedigitaltogether.be\/de\/stimuler-la-politique-inclusive-dans-le-secteur-audiovisuel-flamand\/"},"wordCount":148,"commentCount":0,"keywords":["Initiative"],"articleSection":["Arbeitswelt"],"inLanguage":"de","potentialAction":[{"@type":"CommentAction","name":"Comment","target":["https:\/\/www.bedigitaltogether.be\/de\/stimuler-la-politique-inclusive-dans-le-secteur-audiovisuel-flamand\/#respond"]}]},{"@type":"WebPage","@id":"https:\/\/www.bedigitaltogether.be\/de\/stimuler-la-politique-inclusive-dans-le-secteur-audiovisuel-flamand\/","url":"https:\/\/www.bedigitaltogether.be\/de\/stimuler-la-politique-inclusive-dans-le-secteur-audiovisuel-flamand\/","name":"F\u00f6rderung einer inklusiveren Politik in der fl\u00e4mischen audiovisuellen Branche. - BeDigitalTogether - Be Digital Together","isPartOf":{"@id":"https:\/\/www.bedigitaltogether.be\/de\/#website"},"datePublished":"2023-04-11T15:01:30+00:00","dateModified":"2023-04-11T15:07:02+00:00","author":{"@id":"https:\/\/www.bedigitaltogether.be\/de\/#\/schema\/person\/b56960572f725379f0873aa9fbd131c9"},"breadcrumb":{"@id":"https:\/\/www.bedigitaltogether.be\/de\/stimuler-la-politique-inclusive-dans-le-secteur-audiovisuel-flamand\/#breadcrumb"},"inLanguage":"de","potentialAction":[{"@type":"ReadAction","target":["https:\/\/www.bedigitaltogether.be\/de\/stimuler-la-politique-inclusive-dans-le-secteur-audiovisuel-flamand\/"]}]},{"@type":"BreadcrumbList","@id":"https:\/\/www.bedigitaltogether.be\/de\/stimuler-la-politique-inclusive-dans-le-secteur-audiovisuel-flamand\/#breadcrumb","itemListElement":[{"@type":"ListItem","position":1,"name":"Zuhause","item":"https:\/\/www.bedigitaltogether.be\/de\/"},{"@type":"ListItem","position":2,"name":"Arbeitswelt","item":"https:\/\/www.bedigitaltogether.be\/de\/category\/arbeitswelt\/"},{"@type":"ListItem","position":3,"name":"F\u00f6rderung einer inklusiveren Politik in der fl\u00e4mischen audiovisuellen Branche."}]},{"@type":"WebSite","@id":"https:\/\/www.bedigitaltogether.be\/de\/#website","url":"https:\/\/www.bedigitaltogether.be\/de\/","name":"BeDigitalTogether","description":"","potentialAction":[{"@type":"SearchAction","target":{"@type":"EntryPoint","urlTemplate":"https:\/\/www.bedigitaltogether.be\/de\/?s={search_term_string}"},"query-input":{"@type":"PropertyValueSpecification","valueRequired":true,"valueName":"search_term_string"}}],"inLanguage":"de"},{"@type":"Person","@id":"https:\/\/www.bedigitaltogether.be\/de\/#\/schema\/person\/b56960572f725379f0873aa9fbd131c9","name":"admin","image":{"@type":"ImageObject","inLanguage":"de","@id":"https:\/\/secure.gravatar.com\/avatar\/c64dbd098148d05d0d68c4c59f1bc02d90e703757e02c60e5fa7878c6f6c4855?s=96&d=mm&r=g","url":"https:\/\/secure.gravatar.com\/avatar\/c64dbd098148d05d0d68c4c59f1bc02d90e703757e02c60e5fa7878c6f6c4855?s=96&d=mm&r=g","contentUrl":"https:\/\/secure.gravatar.com\/avatar\/c64dbd098148d05d0d68c4c59f1bc02d90e703757e02c60e5fa7878c6f6c4855?s=96&d=mm&r=g","caption":"admin"},"sameAs":["https:\/\/www.bedigitaltogether.be"],"url":"https:\/\/www.bedigitaltogether.be\/de\/author\/lh_2l609ggp\/"}]}},"_links":{"self":[{"href":"https:\/\/www.bedigitaltogether.be\/de\/wp-json\/wp\/v2\/posts\/9694","targetHints":{"allow":["GET"]}}],"collection":[{"href":"https:\/\/www.bedigitaltogether.be\/de\/wp-json\/wp\/v2\/posts"}],"about":[{"href":"https:\/\/www.bedigitaltogether.be\/de\/wp-json\/wp\/v2\/types\/post"}],"author":[{"embeddable":true,"href":"https:\/\/www.bedigitaltogether.be\/de\/wp-json\/wp\/v2\/users\/1"}],"replies":[{"embeddable":true,"href":"https:\/\/www.bedigitaltogether.be\/de\/wp-json\/wp\/v2\/comments?post=9694"}],"version-history":[{"count":3,"href":"https:\/\/www.bedigitaltogether.be\/de\/wp-json\/wp\/v2\/posts\/9694\/revisions"}],"predecessor-version":[{"id":9697,"href":"https:\/\/www.bedigitaltogether.be\/de\/wp-json\/wp\/v2\/posts\/9694\/revisions\/9697"}],"wp:attachment":[{"href":"https:\/\/www.bedigitaltogether.be\/de\/wp-json\/wp\/v2\/media?parent=9694"}],"wp:term":[{"taxonomy":"category","embeddable":true,"href":"https:\/\/www.bedigitaltogether.be\/de\/wp-json\/wp\/v2\/categories?post=9694"},{"taxonomy":"post_tag","embeddable":true,"href":"https:\/\/www.bedigitaltogether.be\/de\/wp-json\/wp\/v2\/tags?post=9694"},{"taxonomy":"active","embeddable":true,"href":"https:\/\/www.bedigitaltogether.be\/de\/wp-json\/wp\/v2\/active?post=9694"}],"curies":[{"name":"wp","href":"https:\/\/api.w.org\/{rel}","templated":true}]}}