{"id":8519,"date":"2022-11-09T07:59:38","date_gmt":"2022-11-09T07:59:38","guid":{"rendered":"https:\/\/www.bedigitaltogether.be\/womenpreneur-market-awards\/"},"modified":"2022-11-09T08:07:32","modified_gmt":"2022-11-09T08:07:32","slug":"womenpreneur-market-awards","status":"publish","type":"post","link":"https:\/\/www.bedigitaltogether.be\/de\/womenpreneur-market-awards\/","title":{"rendered":"Womenpreneur Market Awards"},"content":{"rendered":"\n<p>Sie haben sicher schon vom Womenpreneur Market geh\u00f6rt, der demn\u00e4chst in den sch\u00f6nen Stra\u00dfen von Br\u00fcssel stattfindet! 20 Unternehmerinnen, die ausgew\u00e4hlt wurden, um die Vielfalt und Dynamik des weiblichen Unternehmertums zu repr\u00e4sentieren, versammeln sich an einem (hoffentlich) sch\u00f6nen Oktobertag am Place de la Monnaie. <\/p>\n","protected":false},"excerpt":{"rendered":"<p>Sie haben sicher schon vom Womenpreneur Market geh\u00f6rt, der demn\u00e4chst in den sch\u00f6nen Stra\u00dfen von Br\u00fcssel stattfindet! 20 Unternehmerinnen, die ausgew\u00e4hlt wurden, um die Vielfalt und Dynamik des weiblichen Unternehmertums zu repr\u00e4sentieren, versammeln sich an einem (hoffentlich) sch\u00f6nen Oktobertag am Place de la Monnaie.<\/p>\n","protected":false},"author":1,"featured_media":0,"comment_status":"open","ping_status":"closed","sticky":false,"template":"","format":"standard","meta":{"_acf_changed":false,"footnotes":""},"categories":[108],"tags":[121],"active":[151,148],"class_list":["post-8519","post","type-post","status-publish","format-standard","hentry","category-bilder","tag-fall","active-archive-de","active-archive"],"acf":[],"yoast_head":"<!-- This site is optimized with the Yoast SEO plugin v27.5 - https:\/\/yoast.com\/product\/yoast-seo-wordpress\/ -->\n<title>Womenpreneur Market Awards - BeDigitalTogether - Be Digital Together<\/title>\n<meta name=\"robots\" content=\"index, follow, max-snippet:-1, max-image-preview:large, max-video-preview:-1\" \/>\n<link rel=\"canonical\" href=\"https:\/\/www.bedigitaltogether.be\/de\/\" \/>\n<meta property=\"og:locale\" content=\"de_DE\" \/>\n<meta property=\"og:type\" content=\"article\" \/>\n<meta property=\"og:title\" content=\"Womenpreneur Market Awards - BeDigitalTogether - Be Digital Together\" \/>\n<meta property=\"og:description\" content=\"Sie haben sicher schon vom Womenpreneur Market geh\u00f6rt, der demn\u00e4chst in den sch\u00f6nen Stra\u00dfen von Br\u00fcssel stattfindet! 20 Unternehmerinnen, die ausgew\u00e4hlt wurden, um die Vielfalt und Dynamik des weiblichen Unternehmertums zu repr\u00e4sentieren, versammeln sich an einem (hoffentlich) sch\u00f6nen Oktobertag am Place de la Monnaie.\" \/>\n<meta property=\"og:url\" content=\"https:\/\/www.bedigitaltogether.be\/de\/\" \/>\n<meta property=\"og:site_name\" content=\"BeDigitalTogether\" \/>\n<meta property=\"article:published_time\" content=\"2022-11-09T07:59:38+00:00\" \/>\n<meta property=\"article:modified_time\" content=\"2022-11-09T08:07:32+00:00\" \/>\n<meta name=\"author\" content=\"admin\" \/>\n<meta name=\"twitter:card\" content=\"summary_large_image\" \/>\n<meta name=\"twitter:label1\" content=\"Verfasst von\" \/>\n\t<meta name=\"twitter:data1\" content=\"admin\" \/>\n<script type=\"application\/ld+json\" class=\"yoast-schema-graph\">{\"@context\":\"https:\\\/\\\/schema.org\",\"@graph\":[{\"@type\":\"Article\",\"@id\":\"https:\\\/\\\/www.bedigitaltogether.be\\\/de\\\/womenpreneur-market-awards\\\/#article\",\"isPartOf\":{\"@id\":\"https:\\\/\\\/www.bedigitaltogether.be\\\/de\\\/womenpreneur-market-awards\\\/\"},\"author\":{\"name\":\"admin\",\"@id\":\"https:\\\/\\\/www.bedigitaltogether.be\\\/de\\\/#\\\/schema\\\/person\\\/b56960572f725379f0873aa9fbd131c9\"},\"headline\":\"Womenpreneur Market Awards\",\"datePublished\":\"2022-11-09T07:59:38+00:00\",\"dateModified\":\"2022-11-09T08:07:32+00:00\",\"mainEntityOfPage\":{\"@id\":\"https:\\\/\\\/www.bedigitaltogether.be\\\/de\\\/womenpreneur-market-awards\\\/\"},\"wordCount\":54,\"commentCount\":0,\"keywords\":[\"Fall\"],\"articleSection\":[\"Bilder\"],\"inLanguage\":\"de\",\"potentialAction\":[{\"@type\":\"CommentAction\",\"name\":\"Comment\",\"target\":[\"https:\\\/\\\/www.bedigitaltogether.be\\\/de\\\/womenpreneur-market-awards\\\/#respond\"]}]},{\"@type\":\"WebPage\",\"@id\":\"https:\\\/\\\/www.bedigitaltogether.be\\\/de\\\/womenpreneur-market-awards\\\/\",\"url\":\"https:\\\/\\\/www.bedigitaltogether.be\\\/de\\\/womenpreneur-market-awards\\\/\",\"name\":\"Womenpreneur Market Awards - BeDigitalTogether - Be Digital Together\",\"isPartOf\":{\"@id\":\"https:\\\/\\\/www.bedigitaltogether.be\\\/de\\\/#website\"},\"datePublished\":\"2022-11-09T07:59:38+00:00\",\"dateModified\":\"2022-11-09T08:07:32+00:00\",\"author\":{\"@id\":\"https:\\\/\\\/www.bedigitaltogether.be\\\/de\\\/#\\\/schema\\\/person\\\/b56960572f725379f0873aa9fbd131c9\"},\"breadcrumb\":{\"@id\":\"https:\\\/\\\/www.bedigitaltogether.be\\\/de\\\/womenpreneur-market-awards\\\/#breadcrumb\"},\"inLanguage\":\"de\",\"potentialAction\":[{\"@type\":\"ReadAction\",\"target\":[\"https:\\\/\\\/www.bedigitaltogether.be\\\/de\\\/womenpreneur-market-awards\\\/\"]}]},{\"@type\":\"BreadcrumbList\",\"@id\":\"https:\\\/\\\/www.bedigitaltogether.be\\\/de\\\/womenpreneur-market-awards\\\/#breadcrumb\",\"itemListElement\":[{\"@type\":\"ListItem\",\"position\":1,\"name\":\"Zuhause\",\"item\":\"https:\\\/\\\/www.bedigitaltogether.be\\\/de\\\/\"},{\"@type\":\"ListItem\",\"position\":2,\"name\":\"Bilder\",\"item\":\"https:\\\/\\\/www.bedigitaltogether.be\\\/de\\\/category\\\/bilder\\\/\"},{\"@type\":\"ListItem\",\"position\":3,\"name\":\"Womenpreneur Market Awards\"}]},{\"@type\":\"WebSite\",\"@id\":\"https:\\\/\\\/www.bedigitaltogether.be\\\/de\\\/#website\",\"url\":\"https:\\\/\\\/www.bedigitaltogether.be\\\/de\\\/\",\"name\":\"BeDigitalTogether\",\"description\":\"\",\"potentialAction\":[{\"@type\":\"SearchAction\",\"target\":{\"@type\":\"EntryPoint\",\"urlTemplate\":\"https:\\\/\\\/www.bedigitaltogether.be\\\/de\\\/?s={search_term_string}\"},\"query-input\":{\"@type\":\"PropertyValueSpecification\",\"valueRequired\":true,\"valueName\":\"search_term_string\"}}],\"inLanguage\":\"de\"},{\"@type\":\"Person\",\"@id\":\"https:\\\/\\\/www.bedigitaltogether.be\\\/de\\\/#\\\/schema\\\/person\\\/b56960572f725379f0873aa9fbd131c9\",\"name\":\"admin\",\"image\":{\"@type\":\"ImageObject\",\"inLanguage\":\"de\",\"@id\":\"https:\\\/\\\/secure.gravatar.com\\\/avatar\\\/c64dbd098148d05d0d68c4c59f1bc02d90e703757e02c60e5fa7878c6f6c4855?s=96&d=mm&r=g\",\"url\":\"https:\\\/\\\/secure.gravatar.com\\\/avatar\\\/c64dbd098148d05d0d68c4c59f1bc02d90e703757e02c60e5fa7878c6f6c4855?s=96&d=mm&r=g\",\"contentUrl\":\"https:\\\/\\\/secure.gravatar.com\\\/avatar\\\/c64dbd098148d05d0d68c4c59f1bc02d90e703757e02c60e5fa7878c6f6c4855?s=96&d=mm&r=g\",\"caption\":\"admin\"},\"sameAs\":[\"https:\\\/\\\/www.bedigitaltogether.be\"],\"url\":\"https:\\\/\\\/www.bedigitaltogether.be\\\/de\\\/author\\\/lh_2l609ggp\\\/\"}]}<\/script>\n<!-- \/ Yoast SEO plugin. -->","yoast_head_json":{"title":"Womenpreneur Market Awards - BeDigitalTogether - Be Digital Together","robots":{"index":"index","follow":"follow","max-snippet":"max-snippet:-1","max-image-preview":"max-image-preview:large","max-video-preview":"max-video-preview:-1"},"canonical":"https:\/\/www.bedigitaltogether.be\/de\/","og_locale":"de_DE","og_type":"article","og_title":"Womenpreneur Market Awards - BeDigitalTogether - Be Digital Together","og_description":"Sie haben sicher schon vom Womenpreneur Market geh\u00f6rt, der demn\u00e4chst in den sch\u00f6nen Stra\u00dfen von Br\u00fcssel stattfindet! 20 Unternehmerinnen, die ausgew\u00e4hlt wurden, um die Vielfalt und Dynamik des weiblichen Unternehmertums zu repr\u00e4sentieren, versammeln sich an einem (hoffentlich) sch\u00f6nen Oktobertag am Place de la Monnaie.","og_url":"https:\/\/www.bedigitaltogether.be\/de\/","og_site_name":"BeDigitalTogether","article_published_time":"2022-11-09T07:59:38+00:00","article_modified_time":"2022-11-09T08:07:32+00:00","author":"admin","twitter_card":"summary_large_image","twitter_misc":{"Verfasst von":"admin"},"schema":{"@context":"https:\/\/schema.org","@graph":[{"@type":"Article","@id":"https:\/\/www.bedigitaltogether.be\/de\/womenpreneur-market-awards\/#article","isPartOf":{"@id":"https:\/\/www.bedigitaltogether.be\/de\/womenpreneur-market-awards\/"},"author":{"name":"admin","@id":"https:\/\/www.bedigitaltogether.be\/de\/#\/schema\/person\/b56960572f725379f0873aa9fbd131c9"},"headline":"Womenpreneur Market Awards","datePublished":"2022-11-09T07:59:38+00:00","dateModified":"2022-11-09T08:07:32+00:00","mainEntityOfPage":{"@id":"https:\/\/www.bedigitaltogether.be\/de\/womenpreneur-market-awards\/"},"wordCount":54,"commentCount":0,"keywords":["Fall"],"articleSection":["Bilder"],"inLanguage":"de","potentialAction":[{"@type":"CommentAction","name":"Comment","target":["https:\/\/www.bedigitaltogether.be\/de\/womenpreneur-market-awards\/#respond"]}]},{"@type":"WebPage","@id":"https:\/\/www.bedigitaltogether.be\/de\/womenpreneur-market-awards\/","url":"https:\/\/www.bedigitaltogether.be\/de\/womenpreneur-market-awards\/","name":"Womenpreneur Market Awards - BeDigitalTogether - Be Digital Together","isPartOf":{"@id":"https:\/\/www.bedigitaltogether.be\/de\/#website"},"datePublished":"2022-11-09T07:59:38+00:00","dateModified":"2022-11-09T08:07:32+00:00","author":{"@id":"https:\/\/www.bedigitaltogether.be\/de\/#\/schema\/person\/b56960572f725379f0873aa9fbd131c9"},"breadcrumb":{"@id":"https:\/\/www.bedigitaltogether.be\/de\/womenpreneur-market-awards\/#breadcrumb"},"inLanguage":"de","potentialAction":[{"@type":"ReadAction","target":["https:\/\/www.bedigitaltogether.be\/de\/womenpreneur-market-awards\/"]}]},{"@type":"BreadcrumbList","@id":"https:\/\/www.bedigitaltogether.be\/de\/womenpreneur-market-awards\/#breadcrumb","itemListElement":[{"@type":"ListItem","position":1,"name":"Zuhause","item":"https:\/\/www.bedigitaltogether.be\/de\/"},{"@type":"ListItem","position":2,"name":"Bilder","item":"https:\/\/www.bedigitaltogether.be\/de\/category\/bilder\/"},{"@type":"ListItem","position":3,"name":"Womenpreneur Market Awards"}]},{"@type":"WebSite","@id":"https:\/\/www.bedigitaltogether.be\/de\/#website","url":"https:\/\/www.bedigitaltogether.be\/de\/","name":"BeDigitalTogether","description":"","potentialAction":[{"@type":"SearchAction","target":{"@type":"EntryPoint","urlTemplate":"https:\/\/www.bedigitaltogether.be\/de\/?s={search_term_string}"},"query-input":{"@type":"PropertyValueSpecification","valueRequired":true,"valueName":"search_term_string"}}],"inLanguage":"de"},{"@type":"Person","@id":"https:\/\/www.bedigitaltogether.be\/de\/#\/schema\/person\/b56960572f725379f0873aa9fbd131c9","name":"admin","image":{"@type":"ImageObject","inLanguage":"de","@id":"https:\/\/secure.gravatar.com\/avatar\/c64dbd098148d05d0d68c4c59f1bc02d90e703757e02c60e5fa7878c6f6c4855?s=96&d=mm&r=g","url":"https:\/\/secure.gravatar.com\/avatar\/c64dbd098148d05d0d68c4c59f1bc02d90e703757e02c60e5fa7878c6f6c4855?s=96&d=mm&r=g","contentUrl":"https:\/\/secure.gravatar.com\/avatar\/c64dbd098148d05d0d68c4c59f1bc02d90e703757e02c60e5fa7878c6f6c4855?s=96&d=mm&r=g","caption":"admin"},"sameAs":["https:\/\/www.bedigitaltogether.be"],"url":"https:\/\/www.bedigitaltogether.be\/de\/author\/lh_2l609ggp\/"}]}},"_links":{"self":[{"href":"https:\/\/www.bedigitaltogether.be\/de\/wp-json\/wp\/v2\/posts\/8519","targetHints":{"allow":["GET"]}}],"collection":[{"href":"https:\/\/www.bedigitaltogether.be\/de\/wp-json\/wp\/v2\/posts"}],"about":[{"href":"https:\/\/www.bedigitaltogether.be\/de\/wp-json\/wp\/v2\/types\/post"}],"author":[{"embeddable":true,"href":"https:\/\/www.bedigitaltogether.be\/de\/wp-json\/wp\/v2\/users\/1"}],"replies":[{"embeddable":true,"href":"https:\/\/www.bedigitaltogether.be\/de\/wp-json\/wp\/v2\/comments?post=8519"}],"version-history":[{"count":1,"href":"https:\/\/www.bedigitaltogether.be\/de\/wp-json\/wp\/v2\/posts\/8519\/revisions"}],"predecessor-version":[{"id":8520,"href":"https:\/\/www.bedigitaltogether.be\/de\/wp-json\/wp\/v2\/posts\/8519\/revisions\/8520"}],"wp:attachment":[{"href":"https:\/\/www.bedigitaltogether.be\/de\/wp-json\/wp\/v2\/media?parent=8519"}],"wp:term":[{"taxonomy":"category","embeddable":true,"href":"https:\/\/www.bedigitaltogether.be\/de\/wp-json\/wp\/v2\/categories?post=8519"},{"taxonomy":"post_tag","embeddable":true,"href":"https:\/\/www.bedigitaltogether.be\/de\/wp-json\/wp\/v2\/tags?post=8519"},{"taxonomy":"active","embeddable":true,"href":"https:\/\/www.bedigitaltogether.be\/de\/wp-json\/wp\/v2\/active?post=8519"}],"curies":[{"name":"wp","href":"https:\/\/api.w.org\/{rel}","templated":true}]}}