{"id":8223,"date":"2022-04-21T13:22:40","date_gmt":"2022-04-21T13:22:40","guid":{"rendered":"https:\/\/www.bedigitaltogether.be\/rahmenbedingungen-fuer-inklusives-arbeiten\/"},"modified":"2024-10-01T14:10:42","modified_gmt":"2024-10-01T14:10:42","slug":"rahmenbedingungen-fuer-inklusives-arbeiten","status":"publish","type":"post","link":"https:\/\/www.bedigitaltogether.be\/de\/rahmenbedingungen-fuer-inklusives-arbeiten\/","title":{"rendered":"Rahmenbedingungen f\u00fcr inklusives Arbeiten"},"content":{"rendered":"<p>Durchf\u00fchrung einer Umfrage bei unseren ehemaligen Studentinnen und ihren Arbeitgebern, Veranstaltung von Rundtischgespr\u00e4chen mit Arbeitgebern, die sich f\u00fcr eine bessere Mischung ihrer technischen Teams einsetzen, Ausarbeitung eines Leitfadens f\u00fcr bew\u00e4hrte Praktiken (2020-2022)<\/p>\n","protected":false},"excerpt":{"rendered":"<p>Durchf\u00fchrung einer Umfrage bei unseren ehemaligen Studentinnen und ihren Arbeitgebern, Veranstaltung von Rundtischgespr\u00e4chen mit Arbeitgebern, die sich f\u00fcr eine bessere Mischung ihrer technischen Teams einsetzen, Ausarbeitung eines Leitfadens f\u00fcr bew\u00e4hrte Praktiken (2020-2022)<\/p>\n","protected":false},"author":1,"featured_media":0,"comment_status":"open","ping_status":"closed","sticky":false,"template":"","format":"standard","meta":{"_acf_changed":false,"footnotes":""},"categories":[105],"tags":[119],"active":[144],"class_list":["post-8223","post","type-post","status-publish","format-standard","hentry","category-frauen-im-digitalen-halten","tag-initiative-de","active-active"],"acf":[],"yoast_head":"<!-- This site is optimized with the Yoast SEO plugin v27.5 - https:\/\/yoast.com\/product\/yoast-seo-wordpress\/ -->\n<title>Rahmenbedingungen f\u00fcr inklusives Arbeiten - BeDigitalTogether - Be Digital Together<\/title>\n<meta name=\"robots\" content=\"index, follow, max-snippet:-1, max-image-preview:large, max-video-preview:-1\" \/>\n<link rel=\"canonical\" href=\"https:\/\/www.bedigitaltogether.be\/de\/\" \/>\n<meta property=\"og:locale\" content=\"de_DE\" \/>\n<meta property=\"og:type\" content=\"article\" \/>\n<meta property=\"og:title\" content=\"Rahmenbedingungen f\u00fcr inklusives Arbeiten - BeDigitalTogether - Be Digital Together\" \/>\n<meta property=\"og:description\" content=\"Durchf\u00fchrung einer Umfrage bei unseren ehemaligen Studentinnen und ihren Arbeitgebern, Veranstaltung von Rundtischgespr\u00e4chen mit Arbeitgebern, die sich f\u00fcr eine bessere Mischung ihrer technischen Teams einsetzen, Ausarbeitung eines Leitfadens f\u00fcr bew\u00e4hrte Praktiken (2020-2022)\" \/>\n<meta property=\"og:url\" content=\"https:\/\/www.bedigitaltogether.be\/de\/\" \/>\n<meta property=\"og:site_name\" content=\"BeDigitalTogether\" \/>\n<meta property=\"article:published_time\" content=\"2022-04-21T13:22:40+00:00\" \/>\n<meta property=\"article:modified_time\" content=\"2024-10-01T14:10:42+00:00\" \/>\n<meta name=\"author\" content=\"admin\" \/>\n<meta name=\"twitter:card\" content=\"summary_large_image\" \/>\n<meta name=\"twitter:label1\" content=\"Verfasst von\" \/>\n\t<meta name=\"twitter:data1\" content=\"admin\" \/>\n<script type=\"application\/ld+json\" class=\"yoast-schema-graph\">{\"@context\":\"https:\\\/\\\/schema.org\",\"@graph\":[{\"@type\":\"Article\",\"@id\":\"https:\\\/\\\/www.bedigitaltogether.be\\\/de\\\/rahmenbedingungen-fuer-inklusives-arbeiten\\\/#article\",\"isPartOf\":{\"@id\":\"https:\\\/\\\/www.bedigitaltogether.be\\\/de\\\/rahmenbedingungen-fuer-inklusives-arbeiten\\\/\"},\"author\":{\"name\":\"admin\",\"@id\":\"https:\\\/\\\/www.bedigitaltogether.be\\\/de\\\/#\\\/schema\\\/person\\\/b56960572f725379f0873aa9fbd131c9\"},\"headline\":\"Rahmenbedingungen f\u00fcr inklusives Arbeiten\",\"datePublished\":\"2022-04-21T13:22:40+00:00\",\"dateModified\":\"2024-10-01T14:10:42+00:00\",\"mainEntityOfPage\":{\"@id\":\"https:\\\/\\\/www.bedigitaltogether.be\\\/de\\\/rahmenbedingungen-fuer-inklusives-arbeiten\\\/\"},\"wordCount\":42,\"commentCount\":0,\"keywords\":[\"Initiative\"],\"articleSection\":[\"Frauen im Digitalen halten\"],\"inLanguage\":\"de\",\"potentialAction\":[{\"@type\":\"CommentAction\",\"name\":\"Comment\",\"target\":[\"https:\\\/\\\/www.bedigitaltogether.be\\\/de\\\/rahmenbedingungen-fuer-inklusives-arbeiten\\\/#respond\"]}]},{\"@type\":\"WebPage\",\"@id\":\"https:\\\/\\\/www.bedigitaltogether.be\\\/de\\\/rahmenbedingungen-fuer-inklusives-arbeiten\\\/\",\"url\":\"https:\\\/\\\/www.bedigitaltogether.be\\\/de\\\/rahmenbedingungen-fuer-inklusives-arbeiten\\\/\",\"name\":\"Rahmenbedingungen f\u00fcr inklusives Arbeiten - BeDigitalTogether - Be Digital Together\",\"isPartOf\":{\"@id\":\"https:\\\/\\\/www.bedigitaltogether.be\\\/de\\\/#website\"},\"datePublished\":\"2022-04-21T13:22:40+00:00\",\"dateModified\":\"2024-10-01T14:10:42+00:00\",\"author\":{\"@id\":\"https:\\\/\\\/www.bedigitaltogether.be\\\/de\\\/#\\\/schema\\\/person\\\/b56960572f725379f0873aa9fbd131c9\"},\"breadcrumb\":{\"@id\":\"https:\\\/\\\/www.bedigitaltogether.be\\\/de\\\/rahmenbedingungen-fuer-inklusives-arbeiten\\\/#breadcrumb\"},\"inLanguage\":\"de\",\"potentialAction\":[{\"@type\":\"ReadAction\",\"target\":[\"https:\\\/\\\/www.bedigitaltogether.be\\\/de\\\/rahmenbedingungen-fuer-inklusives-arbeiten\\\/\"]}]},{\"@type\":\"BreadcrumbList\",\"@id\":\"https:\\\/\\\/www.bedigitaltogether.be\\\/de\\\/rahmenbedingungen-fuer-inklusives-arbeiten\\\/#breadcrumb\",\"itemListElement\":[{\"@type\":\"ListItem\",\"position\":1,\"name\":\"Zuhause\",\"item\":\"https:\\\/\\\/www.bedigitaltogether.be\\\/de\\\/\"},{\"@type\":\"ListItem\",\"position\":2,\"name\":\"Frauen im Digitalen halten\",\"item\":\"https:\\\/\\\/www.bedigitaltogether.be\\\/de\\\/category\\\/frauen-im-digitalen-halten\\\/\"},{\"@type\":\"ListItem\",\"position\":3,\"name\":\"Rahmenbedingungen f\u00fcr inklusives Arbeiten\"}]},{\"@type\":\"WebSite\",\"@id\":\"https:\\\/\\\/www.bedigitaltogether.be\\\/de\\\/#website\",\"url\":\"https:\\\/\\\/www.bedigitaltogether.be\\\/de\\\/\",\"name\":\"BeDigitalTogether\",\"description\":\"\",\"potentialAction\":[{\"@type\":\"SearchAction\",\"target\":{\"@type\":\"EntryPoint\",\"urlTemplate\":\"https:\\\/\\\/www.bedigitaltogether.be\\\/de\\\/?s={search_term_string}\"},\"query-input\":{\"@type\":\"PropertyValueSpecification\",\"valueRequired\":true,\"valueName\":\"search_term_string\"}}],\"inLanguage\":\"de\"},{\"@type\":\"Person\",\"@id\":\"https:\\\/\\\/www.bedigitaltogether.be\\\/de\\\/#\\\/schema\\\/person\\\/b56960572f725379f0873aa9fbd131c9\",\"name\":\"admin\",\"image\":{\"@type\":\"ImageObject\",\"inLanguage\":\"de\",\"@id\":\"https:\\\/\\\/secure.gravatar.com\\\/avatar\\\/c64dbd098148d05d0d68c4c59f1bc02d90e703757e02c60e5fa7878c6f6c4855?s=96&d=mm&r=g\",\"url\":\"https:\\\/\\\/secure.gravatar.com\\\/avatar\\\/c64dbd098148d05d0d68c4c59f1bc02d90e703757e02c60e5fa7878c6f6c4855?s=96&d=mm&r=g\",\"contentUrl\":\"https:\\\/\\\/secure.gravatar.com\\\/avatar\\\/c64dbd098148d05d0d68c4c59f1bc02d90e703757e02c60e5fa7878c6f6c4855?s=96&d=mm&r=g\",\"caption\":\"admin\"},\"sameAs\":[\"https:\\\/\\\/www.bedigitaltogether.be\"],\"url\":\"https:\\\/\\\/www.bedigitaltogether.be\\\/de\\\/author\\\/lh_2l609ggp\\\/\"}]}<\/script>\n<!-- \/ Yoast SEO plugin. -->","yoast_head_json":{"title":"Rahmenbedingungen f\u00fcr inklusives Arbeiten - BeDigitalTogether - Be Digital Together","robots":{"index":"index","follow":"follow","max-snippet":"max-snippet:-1","max-image-preview":"max-image-preview:large","max-video-preview":"max-video-preview:-1"},"canonical":"https:\/\/www.bedigitaltogether.be\/de\/","og_locale":"de_DE","og_type":"article","og_title":"Rahmenbedingungen f\u00fcr inklusives Arbeiten - BeDigitalTogether - Be Digital Together","og_description":"Durchf\u00fchrung einer Umfrage bei unseren ehemaligen Studentinnen und ihren Arbeitgebern, Veranstaltung von Rundtischgespr\u00e4chen mit Arbeitgebern, die sich f\u00fcr eine bessere Mischung ihrer technischen Teams einsetzen, Ausarbeitung eines Leitfadens f\u00fcr bew\u00e4hrte Praktiken (2020-2022)","og_url":"https:\/\/www.bedigitaltogether.be\/de\/","og_site_name":"BeDigitalTogether","article_published_time":"2022-04-21T13:22:40+00:00","article_modified_time":"2024-10-01T14:10:42+00:00","author":"admin","twitter_card":"summary_large_image","twitter_misc":{"Verfasst von":"admin"},"schema":{"@context":"https:\/\/schema.org","@graph":[{"@type":"Article","@id":"https:\/\/www.bedigitaltogether.be\/de\/rahmenbedingungen-fuer-inklusives-arbeiten\/#article","isPartOf":{"@id":"https:\/\/www.bedigitaltogether.be\/de\/rahmenbedingungen-fuer-inklusives-arbeiten\/"},"author":{"name":"admin","@id":"https:\/\/www.bedigitaltogether.be\/de\/#\/schema\/person\/b56960572f725379f0873aa9fbd131c9"},"headline":"Rahmenbedingungen f\u00fcr inklusives Arbeiten","datePublished":"2022-04-21T13:22:40+00:00","dateModified":"2024-10-01T14:10:42+00:00","mainEntityOfPage":{"@id":"https:\/\/www.bedigitaltogether.be\/de\/rahmenbedingungen-fuer-inklusives-arbeiten\/"},"wordCount":42,"commentCount":0,"keywords":["Initiative"],"articleSection":["Frauen im Digitalen halten"],"inLanguage":"de","potentialAction":[{"@type":"CommentAction","name":"Comment","target":["https:\/\/www.bedigitaltogether.be\/de\/rahmenbedingungen-fuer-inklusives-arbeiten\/#respond"]}]},{"@type":"WebPage","@id":"https:\/\/www.bedigitaltogether.be\/de\/rahmenbedingungen-fuer-inklusives-arbeiten\/","url":"https:\/\/www.bedigitaltogether.be\/de\/rahmenbedingungen-fuer-inklusives-arbeiten\/","name":"Rahmenbedingungen f\u00fcr inklusives Arbeiten - BeDigitalTogether - Be Digital Together","isPartOf":{"@id":"https:\/\/www.bedigitaltogether.be\/de\/#website"},"datePublished":"2022-04-21T13:22:40+00:00","dateModified":"2024-10-01T14:10:42+00:00","author":{"@id":"https:\/\/www.bedigitaltogether.be\/de\/#\/schema\/person\/b56960572f725379f0873aa9fbd131c9"},"breadcrumb":{"@id":"https:\/\/www.bedigitaltogether.be\/de\/rahmenbedingungen-fuer-inklusives-arbeiten\/#breadcrumb"},"inLanguage":"de","potentialAction":[{"@type":"ReadAction","target":["https:\/\/www.bedigitaltogether.be\/de\/rahmenbedingungen-fuer-inklusives-arbeiten\/"]}]},{"@type":"BreadcrumbList","@id":"https:\/\/www.bedigitaltogether.be\/de\/rahmenbedingungen-fuer-inklusives-arbeiten\/#breadcrumb","itemListElement":[{"@type":"ListItem","position":1,"name":"Zuhause","item":"https:\/\/www.bedigitaltogether.be\/de\/"},{"@type":"ListItem","position":2,"name":"Frauen im Digitalen halten","item":"https:\/\/www.bedigitaltogether.be\/de\/category\/frauen-im-digitalen-halten\/"},{"@type":"ListItem","position":3,"name":"Rahmenbedingungen f\u00fcr inklusives Arbeiten"}]},{"@type":"WebSite","@id":"https:\/\/www.bedigitaltogether.be\/de\/#website","url":"https:\/\/www.bedigitaltogether.be\/de\/","name":"BeDigitalTogether","description":"","potentialAction":[{"@type":"SearchAction","target":{"@type":"EntryPoint","urlTemplate":"https:\/\/www.bedigitaltogether.be\/de\/?s={search_term_string}"},"query-input":{"@type":"PropertyValueSpecification","valueRequired":true,"valueName":"search_term_string"}}],"inLanguage":"de"},{"@type":"Person","@id":"https:\/\/www.bedigitaltogether.be\/de\/#\/schema\/person\/b56960572f725379f0873aa9fbd131c9","name":"admin","image":{"@type":"ImageObject","inLanguage":"de","@id":"https:\/\/secure.gravatar.com\/avatar\/c64dbd098148d05d0d68c4c59f1bc02d90e703757e02c60e5fa7878c6f6c4855?s=96&d=mm&r=g","url":"https:\/\/secure.gravatar.com\/avatar\/c64dbd098148d05d0d68c4c59f1bc02d90e703757e02c60e5fa7878c6f6c4855?s=96&d=mm&r=g","contentUrl":"https:\/\/secure.gravatar.com\/avatar\/c64dbd098148d05d0d68c4c59f1bc02d90e703757e02c60e5fa7878c6f6c4855?s=96&d=mm&r=g","caption":"admin"},"sameAs":["https:\/\/www.bedigitaltogether.be"],"url":"https:\/\/www.bedigitaltogether.be\/de\/author\/lh_2l609ggp\/"}]}},"_links":{"self":[{"href":"https:\/\/www.bedigitaltogether.be\/de\/wp-json\/wp\/v2\/posts\/8223","targetHints":{"allow":["GET"]}}],"collection":[{"href":"https:\/\/www.bedigitaltogether.be\/de\/wp-json\/wp\/v2\/posts"}],"about":[{"href":"https:\/\/www.bedigitaltogether.be\/de\/wp-json\/wp\/v2\/types\/post"}],"author":[{"embeddable":true,"href":"https:\/\/www.bedigitaltogether.be\/de\/wp-json\/wp\/v2\/users\/1"}],"replies":[{"embeddable":true,"href":"https:\/\/www.bedigitaltogether.be\/de\/wp-json\/wp\/v2\/comments?post=8223"}],"version-history":[{"count":1,"href":"https:\/\/www.bedigitaltogether.be\/de\/wp-json\/wp\/v2\/posts\/8223\/revisions"}],"predecessor-version":[{"id":10427,"href":"https:\/\/www.bedigitaltogether.be\/de\/wp-json\/wp\/v2\/posts\/8223\/revisions\/10427"}],"wp:attachment":[{"href":"https:\/\/www.bedigitaltogether.be\/de\/wp-json\/wp\/v2\/media?parent=8223"}],"wp:term":[{"taxonomy":"category","embeddable":true,"href":"https:\/\/www.bedigitaltogether.be\/de\/wp-json\/wp\/v2\/categories?post=8223"},{"taxonomy":"post_tag","embeddable":true,"href":"https:\/\/www.bedigitaltogether.be\/de\/wp-json\/wp\/v2\/tags?post=8223"},{"taxonomy":"active","embeddable":true,"href":"https:\/\/www.bedigitaltogether.be\/de\/wp-json\/wp\/v2\/active?post=8223"}],"curies":[{"name":"wp","href":"https:\/\/api.w.org\/{rel}","templated":true}]}}