{"id":8218,"date":"2022-04-21T13:22:38","date_gmt":"2022-04-21T13:22:38","guid":{"rendered":"https:\/\/www.bedigitaltogether.be\/fraueninklusionsplan-in-der-wallonischen-digitalwelt\/"},"modified":"2024-09-13T10:33:18","modified_gmt":"2024-09-13T10:33:18","slug":"fraueninklusionsplan-in-der-wallonischen-digitalwelt","status":"publish","type":"post","link":"https:\/\/www.bedigitaltogether.be\/de\/fraueninklusionsplan-in-der-wallonischen-digitalwelt\/","title":{"rendered":"Fraueninklusionsplan in der wallonischen Digitalwelt"},"content":{"rendered":"<p>Der digitale Inklusionsplan aller Wallonen.  Besonders die Aktion \u201eMOBILISIERUNG UND UNTERST\u00dcTZUNG DER AKTEURE AUS DER NACHBARSCHAFT ZUR VERVOLLST\u00c4NDIGUNG DER BETREUUNGS- UND AUSBILDUNGSMASSNAHMEN BEI GEF\u00c4HRDETEN BESONDEREN GRUPPEN\u201c. Es geht darum, die Initiativen zur Betreuung und Entwicklung digitaler Kompetenzen zugunsten vor allem gef\u00e4hrdeter Zielgruppen, darunter Frauen, zu unterst\u00fctzen.  Die Unterst\u00fctzung setzt den Aufruf zu Projekten und\/oder Vorzugsbedingungen f\u00fcr die Teilnahme voraus.<\/p>\n","protected":false},"excerpt":{"rendered":"<p>Der digitale Inklusionsplan aller Wallonen. Besonders die Aktion \u201eMOBILISIERUNG UND UNTERST\u00dcTZUNG DER AKTEURE AUS DER NACHBARSCHAFT ZUR VERVOLLST\u00c4NDIGUNG DER BETREUUNGS- UND AUSBILDUNGSMASSNAHMEN BEI GEF\u00c4HRDETEN BESONDEREN GRUPPEN\u201c. Es geht darum, die Initiativen zur Betreuung und Entwicklung digitaler Kompetenzen zugunsten vor allem gef\u00e4hrdeter Zielgruppen, darunter Frauen, zu unterst\u00fctzen. Die Unterst\u00fctzung setzt den Aufruf zu Projekten und\/oder Vorzugsbedingungen [&hellip;]<\/p>\n","protected":false},"author":1,"featured_media":0,"comment_status":"open","ping_status":"closed","sticky":false,"template":"","format":"standard","meta":{"_acf_changed":false,"footnotes":""},"categories":[111],"tags":[119],"active":[144],"class_list":["post-8218","post","type-post","status-publish","format-standard","hentry","category-geschlechterungleichheit","tag-initiative-de","active-active"],"acf":[],"yoast_head":"<!-- This site is optimized with the Yoast SEO plugin v27.5 - https:\/\/yoast.com\/product\/yoast-seo-wordpress\/ -->\n<title>Fraueninklusionsplan in der wallonischen Digitalwelt - BeDigitalTogether - Be Digital Together<\/title>\n<meta name=\"robots\" content=\"index, follow, max-snippet:-1, max-image-preview:large, max-video-preview:-1\" \/>\n<link rel=\"canonical\" href=\"https:\/\/www.bedigitaltogether.be\/de\/\" \/>\n<meta property=\"og:locale\" content=\"de_DE\" \/>\n<meta property=\"og:type\" content=\"article\" \/>\n<meta property=\"og:title\" content=\"Fraueninklusionsplan in der wallonischen Digitalwelt - BeDigitalTogether - Be Digital Together\" \/>\n<meta property=\"og:description\" content=\"Der digitale Inklusionsplan aller Wallonen. Besonders die Aktion \u201eMOBILISIERUNG UND UNTERST\u00dcTZUNG DER AKTEURE AUS DER NACHBARSCHAFT ZUR VERVOLLST\u00c4NDIGUNG DER BETREUUNGS- UND AUSBILDUNGSMASSNAHMEN BEI GEF\u00c4HRDETEN BESONDEREN GRUPPEN\u201c. Es geht darum, die Initiativen zur Betreuung und Entwicklung digitaler Kompetenzen zugunsten vor allem gef\u00e4hrdeter Zielgruppen, darunter Frauen, zu unterst\u00fctzen. Die Unterst\u00fctzung setzt den Aufruf zu Projekten und\/oder Vorzugsbedingungen [&hellip;]\" \/>\n<meta property=\"og:url\" content=\"https:\/\/www.bedigitaltogether.be\/de\/\" \/>\n<meta property=\"og:site_name\" content=\"BeDigitalTogether\" \/>\n<meta property=\"article:published_time\" content=\"2022-04-21T13:22:38+00:00\" \/>\n<meta property=\"article:modified_time\" content=\"2024-09-13T10:33:18+00:00\" \/>\n<meta name=\"author\" content=\"admin\" \/>\n<meta name=\"twitter:card\" content=\"summary_large_image\" \/>\n<meta name=\"twitter:label1\" content=\"Verfasst von\" \/>\n\t<meta name=\"twitter:data1\" content=\"admin\" \/>\n\t<meta name=\"twitter:label2\" content=\"Gesch\u00e4tzte Lesezeit\" \/>\n\t<meta name=\"twitter:data2\" content=\"1\u00a0Minute\" \/>\n<script type=\"application\/ld+json\" class=\"yoast-schema-graph\">{\"@context\":\"https:\\\/\\\/schema.org\",\"@graph\":[{\"@type\":\"Article\",\"@id\":\"https:\\\/\\\/www.bedigitaltogether.be\\\/de\\\/fraueninklusionsplan-in-der-wallonischen-digitalwelt\\\/#article\",\"isPartOf\":{\"@id\":\"https:\\\/\\\/www.bedigitaltogether.be\\\/de\\\/fraueninklusionsplan-in-der-wallonischen-digitalwelt\\\/\"},\"author\":{\"name\":\"admin\",\"@id\":\"https:\\\/\\\/www.bedigitaltogether.be\\\/de\\\/#\\\/schema\\\/person\\\/b56960572f725379f0873aa9fbd131c9\"},\"headline\":\"Fraueninklusionsplan in der wallonischen Digitalwelt\",\"datePublished\":\"2022-04-21T13:22:38+00:00\",\"dateModified\":\"2024-09-13T10:33:18+00:00\",\"mainEntityOfPage\":{\"@id\":\"https:\\\/\\\/www.bedigitaltogether.be\\\/de\\\/fraueninklusionsplan-in-der-wallonischen-digitalwelt\\\/\"},\"wordCount\":72,\"commentCount\":0,\"keywords\":[\"Initiative\"],\"articleSection\":[\"Geschlechterungleichheit\"],\"inLanguage\":\"de\",\"potentialAction\":[{\"@type\":\"CommentAction\",\"name\":\"Comment\",\"target\":[\"https:\\\/\\\/www.bedigitaltogether.be\\\/de\\\/fraueninklusionsplan-in-der-wallonischen-digitalwelt\\\/#respond\"]}]},{\"@type\":\"WebPage\",\"@id\":\"https:\\\/\\\/www.bedigitaltogether.be\\\/de\\\/fraueninklusionsplan-in-der-wallonischen-digitalwelt\\\/\",\"url\":\"https:\\\/\\\/www.bedigitaltogether.be\\\/de\\\/fraueninklusionsplan-in-der-wallonischen-digitalwelt\\\/\",\"name\":\"Fraueninklusionsplan in der wallonischen Digitalwelt - BeDigitalTogether - Be Digital Together\",\"isPartOf\":{\"@id\":\"https:\\\/\\\/www.bedigitaltogether.be\\\/de\\\/#website\"},\"datePublished\":\"2022-04-21T13:22:38+00:00\",\"dateModified\":\"2024-09-13T10:33:18+00:00\",\"author\":{\"@id\":\"https:\\\/\\\/www.bedigitaltogether.be\\\/de\\\/#\\\/schema\\\/person\\\/b56960572f725379f0873aa9fbd131c9\"},\"breadcrumb\":{\"@id\":\"https:\\\/\\\/www.bedigitaltogether.be\\\/de\\\/fraueninklusionsplan-in-der-wallonischen-digitalwelt\\\/#breadcrumb\"},\"inLanguage\":\"de\",\"potentialAction\":[{\"@type\":\"ReadAction\",\"target\":[\"https:\\\/\\\/www.bedigitaltogether.be\\\/de\\\/fraueninklusionsplan-in-der-wallonischen-digitalwelt\\\/\"]}]},{\"@type\":\"BreadcrumbList\",\"@id\":\"https:\\\/\\\/www.bedigitaltogether.be\\\/de\\\/fraueninklusionsplan-in-der-wallonischen-digitalwelt\\\/#breadcrumb\",\"itemListElement\":[{\"@type\":\"ListItem\",\"position\":1,\"name\":\"Zuhause\",\"item\":\"https:\\\/\\\/www.bedigitaltogether.be\\\/de\\\/\"},{\"@type\":\"ListItem\",\"position\":2,\"name\":\"Geschlechterungleichheit\",\"item\":\"https:\\\/\\\/www.bedigitaltogether.be\\\/de\\\/category\\\/geschlechterungleichheit\\\/\"},{\"@type\":\"ListItem\",\"position\":3,\"name\":\"Fraueninklusionsplan in der wallonischen Digitalwelt\"}]},{\"@type\":\"WebSite\",\"@id\":\"https:\\\/\\\/www.bedigitaltogether.be\\\/de\\\/#website\",\"url\":\"https:\\\/\\\/www.bedigitaltogether.be\\\/de\\\/\",\"name\":\"BeDigitalTogether\",\"description\":\"\",\"potentialAction\":[{\"@type\":\"SearchAction\",\"target\":{\"@type\":\"EntryPoint\",\"urlTemplate\":\"https:\\\/\\\/www.bedigitaltogether.be\\\/de\\\/?s={search_term_string}\"},\"query-input\":{\"@type\":\"PropertyValueSpecification\",\"valueRequired\":true,\"valueName\":\"search_term_string\"}}],\"inLanguage\":\"de\"},{\"@type\":\"Person\",\"@id\":\"https:\\\/\\\/www.bedigitaltogether.be\\\/de\\\/#\\\/schema\\\/person\\\/b56960572f725379f0873aa9fbd131c9\",\"name\":\"admin\",\"image\":{\"@type\":\"ImageObject\",\"inLanguage\":\"de\",\"@id\":\"https:\\\/\\\/secure.gravatar.com\\\/avatar\\\/c64dbd098148d05d0d68c4c59f1bc02d90e703757e02c60e5fa7878c6f6c4855?s=96&d=mm&r=g\",\"url\":\"https:\\\/\\\/secure.gravatar.com\\\/avatar\\\/c64dbd098148d05d0d68c4c59f1bc02d90e703757e02c60e5fa7878c6f6c4855?s=96&d=mm&r=g\",\"contentUrl\":\"https:\\\/\\\/secure.gravatar.com\\\/avatar\\\/c64dbd098148d05d0d68c4c59f1bc02d90e703757e02c60e5fa7878c6f6c4855?s=96&d=mm&r=g\",\"caption\":\"admin\"},\"sameAs\":[\"https:\\\/\\\/www.bedigitaltogether.be\"],\"url\":\"https:\\\/\\\/www.bedigitaltogether.be\\\/de\\\/author\\\/lh_2l609ggp\\\/\"}]}<\/script>\n<!-- \/ Yoast SEO plugin. -->","yoast_head_json":{"title":"Fraueninklusionsplan in der wallonischen Digitalwelt - BeDigitalTogether - Be Digital Together","robots":{"index":"index","follow":"follow","max-snippet":"max-snippet:-1","max-image-preview":"max-image-preview:large","max-video-preview":"max-video-preview:-1"},"canonical":"https:\/\/www.bedigitaltogether.be\/de\/","og_locale":"de_DE","og_type":"article","og_title":"Fraueninklusionsplan in der wallonischen Digitalwelt - BeDigitalTogether - Be Digital Together","og_description":"Der digitale Inklusionsplan aller Wallonen. Besonders die Aktion \u201eMOBILISIERUNG UND UNTERST\u00dcTZUNG DER AKTEURE AUS DER NACHBARSCHAFT ZUR VERVOLLST\u00c4NDIGUNG DER BETREUUNGS- UND AUSBILDUNGSMASSNAHMEN BEI GEF\u00c4HRDETEN BESONDEREN GRUPPEN\u201c. Es geht darum, die Initiativen zur Betreuung und Entwicklung digitaler Kompetenzen zugunsten vor allem gef\u00e4hrdeter Zielgruppen, darunter Frauen, zu unterst\u00fctzen. Die Unterst\u00fctzung setzt den Aufruf zu Projekten und\/oder Vorzugsbedingungen [&hellip;]","og_url":"https:\/\/www.bedigitaltogether.be\/de\/","og_site_name":"BeDigitalTogether","article_published_time":"2022-04-21T13:22:38+00:00","article_modified_time":"2024-09-13T10:33:18+00:00","author":"admin","twitter_card":"summary_large_image","twitter_misc":{"Verfasst von":"admin","Gesch\u00e4tzte Lesezeit":"1\u00a0Minute"},"schema":{"@context":"https:\/\/schema.org","@graph":[{"@type":"Article","@id":"https:\/\/www.bedigitaltogether.be\/de\/fraueninklusionsplan-in-der-wallonischen-digitalwelt\/#article","isPartOf":{"@id":"https:\/\/www.bedigitaltogether.be\/de\/fraueninklusionsplan-in-der-wallonischen-digitalwelt\/"},"author":{"name":"admin","@id":"https:\/\/www.bedigitaltogether.be\/de\/#\/schema\/person\/b56960572f725379f0873aa9fbd131c9"},"headline":"Fraueninklusionsplan in der wallonischen Digitalwelt","datePublished":"2022-04-21T13:22:38+00:00","dateModified":"2024-09-13T10:33:18+00:00","mainEntityOfPage":{"@id":"https:\/\/www.bedigitaltogether.be\/de\/fraueninklusionsplan-in-der-wallonischen-digitalwelt\/"},"wordCount":72,"commentCount":0,"keywords":["Initiative"],"articleSection":["Geschlechterungleichheit"],"inLanguage":"de","potentialAction":[{"@type":"CommentAction","name":"Comment","target":["https:\/\/www.bedigitaltogether.be\/de\/fraueninklusionsplan-in-der-wallonischen-digitalwelt\/#respond"]}]},{"@type":"WebPage","@id":"https:\/\/www.bedigitaltogether.be\/de\/fraueninklusionsplan-in-der-wallonischen-digitalwelt\/","url":"https:\/\/www.bedigitaltogether.be\/de\/fraueninklusionsplan-in-der-wallonischen-digitalwelt\/","name":"Fraueninklusionsplan in der wallonischen Digitalwelt - BeDigitalTogether - Be Digital Together","isPartOf":{"@id":"https:\/\/www.bedigitaltogether.be\/de\/#website"},"datePublished":"2022-04-21T13:22:38+00:00","dateModified":"2024-09-13T10:33:18+00:00","author":{"@id":"https:\/\/www.bedigitaltogether.be\/de\/#\/schema\/person\/b56960572f725379f0873aa9fbd131c9"},"breadcrumb":{"@id":"https:\/\/www.bedigitaltogether.be\/de\/fraueninklusionsplan-in-der-wallonischen-digitalwelt\/#breadcrumb"},"inLanguage":"de","potentialAction":[{"@type":"ReadAction","target":["https:\/\/www.bedigitaltogether.be\/de\/fraueninklusionsplan-in-der-wallonischen-digitalwelt\/"]}]},{"@type":"BreadcrumbList","@id":"https:\/\/www.bedigitaltogether.be\/de\/fraueninklusionsplan-in-der-wallonischen-digitalwelt\/#breadcrumb","itemListElement":[{"@type":"ListItem","position":1,"name":"Zuhause","item":"https:\/\/www.bedigitaltogether.be\/de\/"},{"@type":"ListItem","position":2,"name":"Geschlechterungleichheit","item":"https:\/\/www.bedigitaltogether.be\/de\/category\/geschlechterungleichheit\/"},{"@type":"ListItem","position":3,"name":"Fraueninklusionsplan in der wallonischen Digitalwelt"}]},{"@type":"WebSite","@id":"https:\/\/www.bedigitaltogether.be\/de\/#website","url":"https:\/\/www.bedigitaltogether.be\/de\/","name":"BeDigitalTogether","description":"","potentialAction":[{"@type":"SearchAction","target":{"@type":"EntryPoint","urlTemplate":"https:\/\/www.bedigitaltogether.be\/de\/?s={search_term_string}"},"query-input":{"@type":"PropertyValueSpecification","valueRequired":true,"valueName":"search_term_string"}}],"inLanguage":"de"},{"@type":"Person","@id":"https:\/\/www.bedigitaltogether.be\/de\/#\/schema\/person\/b56960572f725379f0873aa9fbd131c9","name":"admin","image":{"@type":"ImageObject","inLanguage":"de","@id":"https:\/\/secure.gravatar.com\/avatar\/c64dbd098148d05d0d68c4c59f1bc02d90e703757e02c60e5fa7878c6f6c4855?s=96&d=mm&r=g","url":"https:\/\/secure.gravatar.com\/avatar\/c64dbd098148d05d0d68c4c59f1bc02d90e703757e02c60e5fa7878c6f6c4855?s=96&d=mm&r=g","contentUrl":"https:\/\/secure.gravatar.com\/avatar\/c64dbd098148d05d0d68c4c59f1bc02d90e703757e02c60e5fa7878c6f6c4855?s=96&d=mm&r=g","caption":"admin"},"sameAs":["https:\/\/www.bedigitaltogether.be"],"url":"https:\/\/www.bedigitaltogether.be\/de\/author\/lh_2l609ggp\/"}]}},"_links":{"self":[{"href":"https:\/\/www.bedigitaltogether.be\/de\/wp-json\/wp\/v2\/posts\/8218","targetHints":{"allow":["GET"]}}],"collection":[{"href":"https:\/\/www.bedigitaltogether.be\/de\/wp-json\/wp\/v2\/posts"}],"about":[{"href":"https:\/\/www.bedigitaltogether.be\/de\/wp-json\/wp\/v2\/types\/post"}],"author":[{"embeddable":true,"href":"https:\/\/www.bedigitaltogether.be\/de\/wp-json\/wp\/v2\/users\/1"}],"replies":[{"embeddable":true,"href":"https:\/\/www.bedigitaltogether.be\/de\/wp-json\/wp\/v2\/comments?post=8218"}],"version-history":[{"count":1,"href":"https:\/\/www.bedigitaltogether.be\/de\/wp-json\/wp\/v2\/posts\/8218\/revisions"}],"predecessor-version":[{"id":10403,"href":"https:\/\/www.bedigitaltogether.be\/de\/wp-json\/wp\/v2\/posts\/8218\/revisions\/10403"}],"wp:attachment":[{"href":"https:\/\/www.bedigitaltogether.be\/de\/wp-json\/wp\/v2\/media?parent=8218"}],"wp:term":[{"taxonomy":"category","embeddable":true,"href":"https:\/\/www.bedigitaltogether.be\/de\/wp-json\/wp\/v2\/categories?post=8218"},{"taxonomy":"post_tag","embeddable":true,"href":"https:\/\/www.bedigitaltogether.be\/de\/wp-json\/wp\/v2\/tags?post=8218"},{"taxonomy":"active","embeddable":true,"href":"https:\/\/www.bedigitaltogether.be\/de\/wp-json\/wp\/v2\/active?post=8218"}],"curies":[{"name":"wp","href":"https:\/\/api.w.org\/{rel}","templated":true}]}}