{"id":8216,"date":"2022-04-21T13:22:38","date_gmt":"2022-04-21T13:22:38","guid":{"rendered":"https:\/\/www.bedigitaltogether.be\/forschung-zur-foerderung-der-inklusion-von-frauen-in-digitalen-it-berufen\/"},"modified":"2024-09-13T10:33:22","modified_gmt":"2024-09-13T10:33:22","slug":"forschung-zur-foerderung-der-inklusion-von-frauen-in-digitalen-it-berufen","status":"publish","type":"post","link":"https:\/\/www.bedigitaltogether.be\/de\/forschung-zur-foerderung-der-inklusion-von-frauen-in-digitalen-it-berufen\/","title":{"rendered":"Forschung zur F\u00f6rderung der Inklusion von Frauen in digitalen \/ IT-Berufen"},"content":{"rendered":"<p>Die Untersuchung setzt sich mit der Analyse der Lebenswege der Frauen im Digitalbereich auseinander, das beinhaltet die beruflichen Laufbahnen, aber auch den schulischen Werdegang.<br \/>\nDie allgemeinen Ziele der Studie sind:<br \/>\nDie Ursachen der Unterrepr\u00e4sentierung von Frauen und M\u00e4dchen in den Studieng\u00e4ngen und Berufen im Informatik-, IT- und Digitalbereich.<br \/>\nDie Praktiken der Unternehmen und der Organisationen bei diesen Berufen ermitteln und anhand von Studien belgischer F\u00e4lle, aber auch von Erfahrungen im Ausland die richtigen Praktiken ermitteln.<br \/>\nEin Werkzeug anbieten, damit sich die Unternehmen in Sachen Gleichheit zwischen Mann und Frau im Digitalbereich positionieren k\u00f6nnen.<br \/>\nHandlungsvorschl\u00e4ge f\u00fcr die Beh\u00f6rden unterbreiten<\/p>\n","protected":false},"excerpt":{"rendered":"<p>Die Untersuchung setzt sich mit der Analyse der Lebenswege der Frauen im Digitalbereich auseinander, das beinhaltet die beruflichen Laufbahnen, aber auch den schulischen Werdegang. Die allgemeinen Ziele der Studie sind: Die Ursachen der Unterrepr\u00e4sentierung von Frauen und M\u00e4dchen in den Studieng\u00e4ngen und Berufen im Informatik-, IT- und Digitalbereich. Die Praktiken der Unternehmen und der Organisationen [&hellip;]<\/p>\n","protected":false},"author":1,"featured_media":0,"comment_status":"open","ping_status":"closed","sticky":false,"template":"","format":"standard","meta":{"_acf_changed":false,"footnotes":""},"categories":[99,105],"tags":[131],"active":[144],"class_list":["post-8216","post","type-post","status-publish","format-standard","hentry","category-arbeitswelt","category-frauen-im-digitalen-halten","tag-recherche-initiative","active-active"],"acf":[],"yoast_head":"<!-- This site is optimized with the Yoast SEO plugin v27.5 - https:\/\/yoast.com\/product\/yoast-seo-wordpress\/ -->\n<title>Forschung zur F\u00f6rderung der Inklusion von Frauen in digitalen \/ IT-Berufen - BeDigitalTogether - Be Digital Together<\/title>\n<meta name=\"robots\" content=\"index, follow, max-snippet:-1, max-image-preview:large, max-video-preview:-1\" \/>\n<link rel=\"canonical\" href=\"https:\/\/www.bedigitaltogether.be\/de\/\" \/>\n<meta property=\"og:locale\" content=\"de_DE\" \/>\n<meta property=\"og:type\" content=\"article\" \/>\n<meta property=\"og:title\" content=\"Forschung zur F\u00f6rderung der Inklusion von Frauen in digitalen \/ IT-Berufen - BeDigitalTogether - Be Digital Together\" \/>\n<meta property=\"og:description\" content=\"Die Untersuchung setzt sich mit der Analyse der Lebenswege der Frauen im Digitalbereich auseinander, das beinhaltet die beruflichen Laufbahnen, aber auch den schulischen Werdegang. Die allgemeinen Ziele der Studie sind: Die Ursachen der Unterrepr\u00e4sentierung von Frauen und M\u00e4dchen in den Studieng\u00e4ngen und Berufen im Informatik-, IT- und Digitalbereich. Die Praktiken der Unternehmen und der Organisationen [&hellip;]\" \/>\n<meta property=\"og:url\" content=\"https:\/\/www.bedigitaltogether.be\/de\/\" \/>\n<meta property=\"og:site_name\" content=\"BeDigitalTogether\" \/>\n<meta property=\"article:published_time\" content=\"2022-04-21T13:22:38+00:00\" \/>\n<meta property=\"article:modified_time\" content=\"2024-09-13T10:33:22+00:00\" \/>\n<meta name=\"author\" content=\"admin\" \/>\n<meta name=\"twitter:card\" content=\"summary_large_image\" \/>\n<meta name=\"twitter:label1\" content=\"Verfasst von\" \/>\n\t<meta name=\"twitter:data1\" content=\"admin\" \/>\n\t<meta name=\"twitter:label2\" content=\"Gesch\u00e4tzte Lesezeit\" \/>\n\t<meta name=\"twitter:data2\" content=\"1\u00a0Minute\" \/>\n<script type=\"application\/ld+json\" class=\"yoast-schema-graph\">{\"@context\":\"https:\\\/\\\/schema.org\",\"@graph\":[{\"@type\":\"Article\",\"@id\":\"https:\\\/\\\/www.bedigitaltogether.be\\\/de\\\/forschung-zur-foerderung-der-inklusion-von-frauen-in-digitalen-it-berufen\\\/#article\",\"isPartOf\":{\"@id\":\"https:\\\/\\\/www.bedigitaltogether.be\\\/de\\\/forschung-zur-foerderung-der-inklusion-von-frauen-in-digitalen-it-berufen\\\/\"},\"author\":{\"name\":\"admin\",\"@id\":\"https:\\\/\\\/www.bedigitaltogether.be\\\/de\\\/#\\\/schema\\\/person\\\/b56960572f725379f0873aa9fbd131c9\"},\"headline\":\"Forschung zur F\u00f6rderung der Inklusion von Frauen in digitalen \\\/ IT-Berufen\",\"datePublished\":\"2022-04-21T13:22:38+00:00\",\"dateModified\":\"2024-09-13T10:33:22+00:00\",\"mainEntityOfPage\":{\"@id\":\"https:\\\/\\\/www.bedigitaltogether.be\\\/de\\\/forschung-zur-foerderung-der-inklusion-von-frauen-in-digitalen-it-berufen\\\/\"},\"wordCount\":117,\"commentCount\":0,\"keywords\":[\"Recherche\\\/Initiative\"],\"articleSection\":[\"Arbeitswelt\",\"Frauen im Digitalen halten\"],\"inLanguage\":\"de\",\"potentialAction\":[{\"@type\":\"CommentAction\",\"name\":\"Comment\",\"target\":[\"https:\\\/\\\/www.bedigitaltogether.be\\\/de\\\/forschung-zur-foerderung-der-inklusion-von-frauen-in-digitalen-it-berufen\\\/#respond\"]}]},{\"@type\":\"WebPage\",\"@id\":\"https:\\\/\\\/www.bedigitaltogether.be\\\/de\\\/forschung-zur-foerderung-der-inklusion-von-frauen-in-digitalen-it-berufen\\\/\",\"url\":\"https:\\\/\\\/www.bedigitaltogether.be\\\/de\\\/forschung-zur-foerderung-der-inklusion-von-frauen-in-digitalen-it-berufen\\\/\",\"name\":\"Forschung zur F\u00f6rderung der Inklusion von Frauen in digitalen \\\/ IT-Berufen - BeDigitalTogether - Be Digital Together\",\"isPartOf\":{\"@id\":\"https:\\\/\\\/www.bedigitaltogether.be\\\/de\\\/#website\"},\"datePublished\":\"2022-04-21T13:22:38+00:00\",\"dateModified\":\"2024-09-13T10:33:22+00:00\",\"author\":{\"@id\":\"https:\\\/\\\/www.bedigitaltogether.be\\\/de\\\/#\\\/schema\\\/person\\\/b56960572f725379f0873aa9fbd131c9\"},\"breadcrumb\":{\"@id\":\"https:\\\/\\\/www.bedigitaltogether.be\\\/de\\\/forschung-zur-foerderung-der-inklusion-von-frauen-in-digitalen-it-berufen\\\/#breadcrumb\"},\"inLanguage\":\"de\",\"potentialAction\":[{\"@type\":\"ReadAction\",\"target\":[\"https:\\\/\\\/www.bedigitaltogether.be\\\/de\\\/forschung-zur-foerderung-der-inklusion-von-frauen-in-digitalen-it-berufen\\\/\"]}]},{\"@type\":\"BreadcrumbList\",\"@id\":\"https:\\\/\\\/www.bedigitaltogether.be\\\/de\\\/forschung-zur-foerderung-der-inklusion-von-frauen-in-digitalen-it-berufen\\\/#breadcrumb\",\"itemListElement\":[{\"@type\":\"ListItem\",\"position\":1,\"name\":\"Zuhause\",\"item\":\"https:\\\/\\\/www.bedigitaltogether.be\\\/de\\\/\"},{\"@type\":\"ListItem\",\"position\":2,\"name\":\"Arbeitswelt\",\"item\":\"https:\\\/\\\/www.bedigitaltogether.be\\\/de\\\/category\\\/arbeitswelt\\\/\"},{\"@type\":\"ListItem\",\"position\":3,\"name\":\"Forschung zur F\u00f6rderung der Inklusion von Frauen in digitalen \\\/ IT-Berufen\"}]},{\"@type\":\"WebSite\",\"@id\":\"https:\\\/\\\/www.bedigitaltogether.be\\\/de\\\/#website\",\"url\":\"https:\\\/\\\/www.bedigitaltogether.be\\\/de\\\/\",\"name\":\"BeDigitalTogether\",\"description\":\"\",\"potentialAction\":[{\"@type\":\"SearchAction\",\"target\":{\"@type\":\"EntryPoint\",\"urlTemplate\":\"https:\\\/\\\/www.bedigitaltogether.be\\\/de\\\/?s={search_term_string}\"},\"query-input\":{\"@type\":\"PropertyValueSpecification\",\"valueRequired\":true,\"valueName\":\"search_term_string\"}}],\"inLanguage\":\"de\"},{\"@type\":\"Person\",\"@id\":\"https:\\\/\\\/www.bedigitaltogether.be\\\/de\\\/#\\\/schema\\\/person\\\/b56960572f725379f0873aa9fbd131c9\",\"name\":\"admin\",\"image\":{\"@type\":\"ImageObject\",\"inLanguage\":\"de\",\"@id\":\"https:\\\/\\\/secure.gravatar.com\\\/avatar\\\/c64dbd098148d05d0d68c4c59f1bc02d90e703757e02c60e5fa7878c6f6c4855?s=96&d=mm&r=g\",\"url\":\"https:\\\/\\\/secure.gravatar.com\\\/avatar\\\/c64dbd098148d05d0d68c4c59f1bc02d90e703757e02c60e5fa7878c6f6c4855?s=96&d=mm&r=g\",\"contentUrl\":\"https:\\\/\\\/secure.gravatar.com\\\/avatar\\\/c64dbd098148d05d0d68c4c59f1bc02d90e703757e02c60e5fa7878c6f6c4855?s=96&d=mm&r=g\",\"caption\":\"admin\"},\"sameAs\":[\"https:\\\/\\\/www.bedigitaltogether.be\"],\"url\":\"https:\\\/\\\/www.bedigitaltogether.be\\\/de\\\/author\\\/lh_2l609ggp\\\/\"}]}<\/script>\n<!-- \/ Yoast SEO plugin. -->","yoast_head_json":{"title":"Forschung zur F\u00f6rderung der Inklusion von Frauen in digitalen \/ IT-Berufen - BeDigitalTogether - Be Digital Together","robots":{"index":"index","follow":"follow","max-snippet":"max-snippet:-1","max-image-preview":"max-image-preview:large","max-video-preview":"max-video-preview:-1"},"canonical":"https:\/\/www.bedigitaltogether.be\/de\/","og_locale":"de_DE","og_type":"article","og_title":"Forschung zur F\u00f6rderung der Inklusion von Frauen in digitalen \/ IT-Berufen - BeDigitalTogether - Be Digital Together","og_description":"Die Untersuchung setzt sich mit der Analyse der Lebenswege der Frauen im Digitalbereich auseinander, das beinhaltet die beruflichen Laufbahnen, aber auch den schulischen Werdegang. Die allgemeinen Ziele der Studie sind: Die Ursachen der Unterrepr\u00e4sentierung von Frauen und M\u00e4dchen in den Studieng\u00e4ngen und Berufen im Informatik-, IT- und Digitalbereich. Die Praktiken der Unternehmen und der Organisationen [&hellip;]","og_url":"https:\/\/www.bedigitaltogether.be\/de\/","og_site_name":"BeDigitalTogether","article_published_time":"2022-04-21T13:22:38+00:00","article_modified_time":"2024-09-13T10:33:22+00:00","author":"admin","twitter_card":"summary_large_image","twitter_misc":{"Verfasst von":"admin","Gesch\u00e4tzte Lesezeit":"1\u00a0Minute"},"schema":{"@context":"https:\/\/schema.org","@graph":[{"@type":"Article","@id":"https:\/\/www.bedigitaltogether.be\/de\/forschung-zur-foerderung-der-inklusion-von-frauen-in-digitalen-it-berufen\/#article","isPartOf":{"@id":"https:\/\/www.bedigitaltogether.be\/de\/forschung-zur-foerderung-der-inklusion-von-frauen-in-digitalen-it-berufen\/"},"author":{"name":"admin","@id":"https:\/\/www.bedigitaltogether.be\/de\/#\/schema\/person\/b56960572f725379f0873aa9fbd131c9"},"headline":"Forschung zur F\u00f6rderung der Inklusion von Frauen in digitalen \/ IT-Berufen","datePublished":"2022-04-21T13:22:38+00:00","dateModified":"2024-09-13T10:33:22+00:00","mainEntityOfPage":{"@id":"https:\/\/www.bedigitaltogether.be\/de\/forschung-zur-foerderung-der-inklusion-von-frauen-in-digitalen-it-berufen\/"},"wordCount":117,"commentCount":0,"keywords":["Recherche\/Initiative"],"articleSection":["Arbeitswelt","Frauen im Digitalen halten"],"inLanguage":"de","potentialAction":[{"@type":"CommentAction","name":"Comment","target":["https:\/\/www.bedigitaltogether.be\/de\/forschung-zur-foerderung-der-inklusion-von-frauen-in-digitalen-it-berufen\/#respond"]}]},{"@type":"WebPage","@id":"https:\/\/www.bedigitaltogether.be\/de\/forschung-zur-foerderung-der-inklusion-von-frauen-in-digitalen-it-berufen\/","url":"https:\/\/www.bedigitaltogether.be\/de\/forschung-zur-foerderung-der-inklusion-von-frauen-in-digitalen-it-berufen\/","name":"Forschung zur F\u00f6rderung der Inklusion von Frauen in digitalen \/ IT-Berufen - BeDigitalTogether - Be Digital Together","isPartOf":{"@id":"https:\/\/www.bedigitaltogether.be\/de\/#website"},"datePublished":"2022-04-21T13:22:38+00:00","dateModified":"2024-09-13T10:33:22+00:00","author":{"@id":"https:\/\/www.bedigitaltogether.be\/de\/#\/schema\/person\/b56960572f725379f0873aa9fbd131c9"},"breadcrumb":{"@id":"https:\/\/www.bedigitaltogether.be\/de\/forschung-zur-foerderung-der-inklusion-von-frauen-in-digitalen-it-berufen\/#breadcrumb"},"inLanguage":"de","potentialAction":[{"@type":"ReadAction","target":["https:\/\/www.bedigitaltogether.be\/de\/forschung-zur-foerderung-der-inklusion-von-frauen-in-digitalen-it-berufen\/"]}]},{"@type":"BreadcrumbList","@id":"https:\/\/www.bedigitaltogether.be\/de\/forschung-zur-foerderung-der-inklusion-von-frauen-in-digitalen-it-berufen\/#breadcrumb","itemListElement":[{"@type":"ListItem","position":1,"name":"Zuhause","item":"https:\/\/www.bedigitaltogether.be\/de\/"},{"@type":"ListItem","position":2,"name":"Arbeitswelt","item":"https:\/\/www.bedigitaltogether.be\/de\/category\/arbeitswelt\/"},{"@type":"ListItem","position":3,"name":"Forschung zur F\u00f6rderung der Inklusion von Frauen in digitalen \/ IT-Berufen"}]},{"@type":"WebSite","@id":"https:\/\/www.bedigitaltogether.be\/de\/#website","url":"https:\/\/www.bedigitaltogether.be\/de\/","name":"BeDigitalTogether","description":"","potentialAction":[{"@type":"SearchAction","target":{"@type":"EntryPoint","urlTemplate":"https:\/\/www.bedigitaltogether.be\/de\/?s={search_term_string}"},"query-input":{"@type":"PropertyValueSpecification","valueRequired":true,"valueName":"search_term_string"}}],"inLanguage":"de"},{"@type":"Person","@id":"https:\/\/www.bedigitaltogether.be\/de\/#\/schema\/person\/b56960572f725379f0873aa9fbd131c9","name":"admin","image":{"@type":"ImageObject","inLanguage":"de","@id":"https:\/\/secure.gravatar.com\/avatar\/c64dbd098148d05d0d68c4c59f1bc02d90e703757e02c60e5fa7878c6f6c4855?s=96&d=mm&r=g","url":"https:\/\/secure.gravatar.com\/avatar\/c64dbd098148d05d0d68c4c59f1bc02d90e703757e02c60e5fa7878c6f6c4855?s=96&d=mm&r=g","contentUrl":"https:\/\/secure.gravatar.com\/avatar\/c64dbd098148d05d0d68c4c59f1bc02d90e703757e02c60e5fa7878c6f6c4855?s=96&d=mm&r=g","caption":"admin"},"sameAs":["https:\/\/www.bedigitaltogether.be"],"url":"https:\/\/www.bedigitaltogether.be\/de\/author\/lh_2l609ggp\/"}]}},"_links":{"self":[{"href":"https:\/\/www.bedigitaltogether.be\/de\/wp-json\/wp\/v2\/posts\/8216","targetHints":{"allow":["GET"]}}],"collection":[{"href":"https:\/\/www.bedigitaltogether.be\/de\/wp-json\/wp\/v2\/posts"}],"about":[{"href":"https:\/\/www.bedigitaltogether.be\/de\/wp-json\/wp\/v2\/types\/post"}],"author":[{"embeddable":true,"href":"https:\/\/www.bedigitaltogether.be\/de\/wp-json\/wp\/v2\/users\/1"}],"replies":[{"embeddable":true,"href":"https:\/\/www.bedigitaltogether.be\/de\/wp-json\/wp\/v2\/comments?post=8216"}],"version-history":[{"count":1,"href":"https:\/\/www.bedigitaltogether.be\/de\/wp-json\/wp\/v2\/posts\/8216\/revisions"}],"predecessor-version":[{"id":10405,"href":"https:\/\/www.bedigitaltogether.be\/de\/wp-json\/wp\/v2\/posts\/8216\/revisions\/10405"}],"wp:attachment":[{"href":"https:\/\/www.bedigitaltogether.be\/de\/wp-json\/wp\/v2\/media?parent=8216"}],"wp:term":[{"taxonomy":"category","embeddable":true,"href":"https:\/\/www.bedigitaltogether.be\/de\/wp-json\/wp\/v2\/categories?post=8216"},{"taxonomy":"post_tag","embeddable":true,"href":"https:\/\/www.bedigitaltogether.be\/de\/wp-json\/wp\/v2\/tags?post=8216"},{"taxonomy":"active","embeddable":true,"href":"https:\/\/www.bedigitaltogether.be\/de\/wp-json\/wp\/v2\/active?post=8216"}],"curies":[{"name":"wp","href":"https:\/\/api.w.org\/{rel}","templated":true}]}}