{"id":7093,"date":"2022-03-31T14:08:45","date_gmt":"2022-03-31T14:08:45","guid":{"rendered":"https:\/\/godigitall.artwhere.co\/integration-in-den-arbeitsmarkt-fuer-75-arbeitssuchende-frauen-der-region-bruessel-hauptstadt\/"},"modified":"2022-03-31T14:11:15","modified_gmt":"2022-03-31T14:11:15","slug":"integration-in-den-arbeitsmarkt-fuer-75-arbeitssuchende-frauen-der-region-bruessel-hauptstadt","status":"publish","type":"post","link":"https:\/\/www.bedigitaltogether.be\/de\/integration-in-den-arbeitsmarkt-fuer-75-arbeitssuchende-frauen-der-region-bruessel-hauptstadt\/","title":{"rendered":"Integration in den Arbeitsmarkt f\u00fcr 75 arbeitssuchende Frauen der Region Br\u00fcssel-Hauptstadt"},"content":{"rendered":"\n<p>J\u00e4hrliche Veranstaltung von 5 qualifizierenden Lehrg\u00e4ngen mit anschlie\u00dfendem Praktikum samt Eingliederung in die Besch\u00e4ftigung f\u00fcr 75 arbeitssuchende Frauen der Region Br\u00fcssel-Hauptstadt f\u00fcr die Berufe Full-stack- und Front-end-Entwickler\/in, System- und Netzverwalter\/in und PC-Netz-Support-Techniker\/in, Veranstaltung von Lehrg\u00e4ngen zur Spezialisierung auf Cybersicherheit und KI (dem Digital Belgian Skills Fund f\u00fcr 2022 unterbreitetes neues Projekt) zugunsten von 30 Frauen, Veranstaltung von 5 Orientierungsmodulen f\u00fcr die IT-Berufe f\u00fcr 60 arbeitssuchende Frauen in der Region Br\u00fcssel-Hauptstadt, darunter ein vorbereitender Programmierungslehrgang von drei Monaten.<\/p>\n","protected":false},"excerpt":{"rendered":"<p>J\u00e4hrliche Veranstaltung von 5 qualifizierenden Lehrg\u00e4ngen mit anschlie\u00dfendem Praktikum samt Eingliederung in die Besch\u00e4ftigung f\u00fcr 75 arbeitssuchende Frauen der Region Br\u00fcssel-Hauptstadt f\u00fcr die Berufe Full-stack- und Front-end-Entwickler\/in, System- und Netzverwalter\/in und PC-Netz-Support-Techniker\/in, Veranstaltung von Lehrg\u00e4ngen zur Spezialisierung auf Cybersicherheit und KI (dem Digital Belgian Skills Fund f\u00fcr 2022 unterbreitetes neues Projekt) zugunsten von 30 Frauen, [&hellip;]<\/p>\n","protected":false},"author":1,"featured_media":0,"comment_status":"open","ping_status":"closed","sticky":false,"template":"","format":"standard","meta":{"_acf_changed":false,"footnotes":""},"categories":[99],"tags":[113],"active":[147],"class_list":["post-7093","post","type-post","status-publish","format-standard","hentry","category-arbeitswelt","tag-ausbildung","active-active-de"],"acf":[],"yoast_head":"<!-- This site is optimized with the Yoast SEO plugin v27.5 - https:\/\/yoast.com\/product\/yoast-seo-wordpress\/ -->\n<title>Integration in den Arbeitsmarkt f\u00fcr 75 arbeitssuchende Frauen der Region Br\u00fcssel-Hauptstadt - BeDigitalTogether - Be Digital Together<\/title>\n<meta name=\"robots\" content=\"index, follow, max-snippet:-1, max-image-preview:large, max-video-preview:-1\" \/>\n<link rel=\"canonical\" href=\"https:\/\/www.bedigitaltogether.be\/de\/\" \/>\n<meta property=\"og:locale\" content=\"de_DE\" \/>\n<meta property=\"og:type\" content=\"article\" \/>\n<meta property=\"og:title\" content=\"Integration in den Arbeitsmarkt f\u00fcr 75 arbeitssuchende Frauen der Region Br\u00fcssel-Hauptstadt - BeDigitalTogether - Be Digital Together\" \/>\n<meta property=\"og:description\" content=\"J\u00e4hrliche Veranstaltung von 5 qualifizierenden Lehrg\u00e4ngen mit anschlie\u00dfendem Praktikum samt Eingliederung in die Besch\u00e4ftigung f\u00fcr 75 arbeitssuchende Frauen der Region Br\u00fcssel-Hauptstadt f\u00fcr die Berufe Full-stack- und Front-end-Entwickler\/in, System- und Netzverwalter\/in und PC-Netz-Support-Techniker\/in, Veranstaltung von Lehrg\u00e4ngen zur Spezialisierung auf Cybersicherheit und KI (dem Digital Belgian Skills Fund f\u00fcr 2022 unterbreitetes neues Projekt) zugunsten von 30 Frauen, [&hellip;]\" \/>\n<meta property=\"og:url\" content=\"https:\/\/www.bedigitaltogether.be\/de\/\" \/>\n<meta property=\"og:site_name\" content=\"BeDigitalTogether\" \/>\n<meta property=\"article:published_time\" content=\"2022-03-31T14:08:45+00:00\" \/>\n<meta property=\"article:modified_time\" content=\"2022-03-31T14:11:15+00:00\" \/>\n<meta name=\"author\" content=\"admin\" \/>\n<meta name=\"twitter:card\" content=\"summary_large_image\" \/>\n<meta name=\"twitter:label1\" content=\"Verfasst von\" \/>\n\t<meta name=\"twitter:data1\" content=\"admin\" \/>\n<script type=\"application\/ld+json\" class=\"yoast-schema-graph\">{\"@context\":\"https:\\\/\\\/schema.org\",\"@graph\":[{\"@type\":\"Article\",\"@id\":\"https:\\\/\\\/www.bedigitaltogether.be\\\/de\\\/integration-in-den-arbeitsmarkt-fuer-75-arbeitssuchende-frauen-der-region-bruessel-hauptstadt\\\/#article\",\"isPartOf\":{\"@id\":\"https:\\\/\\\/www.bedigitaltogether.be\\\/de\\\/integration-in-den-arbeitsmarkt-fuer-75-arbeitssuchende-frauen-der-region-bruessel-hauptstadt\\\/\"},\"author\":{\"name\":\"admin\",\"@id\":\"https:\\\/\\\/www.bedigitaltogether.be\\\/de\\\/#\\\/schema\\\/person\\\/b56960572f725379f0873aa9fbd131c9\"},\"headline\":\"Integration in den Arbeitsmarkt f\u00fcr 75 arbeitssuchende Frauen der Region Br\u00fcssel-Hauptstadt\",\"datePublished\":\"2022-03-31T14:08:45+00:00\",\"dateModified\":\"2022-03-31T14:11:15+00:00\",\"mainEntityOfPage\":{\"@id\":\"https:\\\/\\\/www.bedigitaltogether.be\\\/de\\\/integration-in-den-arbeitsmarkt-fuer-75-arbeitssuchende-frauen-der-region-bruessel-hauptstadt\\\/\"},\"wordCount\":98,\"commentCount\":0,\"keywords\":[\"Ausbildung\"],\"articleSection\":[\"Arbeitswelt\"],\"inLanguage\":\"de\",\"potentialAction\":[{\"@type\":\"CommentAction\",\"name\":\"Comment\",\"target\":[\"https:\\\/\\\/www.bedigitaltogether.be\\\/de\\\/integration-in-den-arbeitsmarkt-fuer-75-arbeitssuchende-frauen-der-region-bruessel-hauptstadt\\\/#respond\"]}]},{\"@type\":\"WebPage\",\"@id\":\"https:\\\/\\\/www.bedigitaltogether.be\\\/de\\\/integration-in-den-arbeitsmarkt-fuer-75-arbeitssuchende-frauen-der-region-bruessel-hauptstadt\\\/\",\"url\":\"https:\\\/\\\/www.bedigitaltogether.be\\\/de\\\/integration-in-den-arbeitsmarkt-fuer-75-arbeitssuchende-frauen-der-region-bruessel-hauptstadt\\\/\",\"name\":\"Integration in den Arbeitsmarkt f\u00fcr 75 arbeitssuchende Frauen der Region Br\u00fcssel-Hauptstadt - BeDigitalTogether - Be Digital Together\",\"isPartOf\":{\"@id\":\"https:\\\/\\\/www.bedigitaltogether.be\\\/de\\\/#website\"},\"datePublished\":\"2022-03-31T14:08:45+00:00\",\"dateModified\":\"2022-03-31T14:11:15+00:00\",\"author\":{\"@id\":\"https:\\\/\\\/www.bedigitaltogether.be\\\/de\\\/#\\\/schema\\\/person\\\/b56960572f725379f0873aa9fbd131c9\"},\"breadcrumb\":{\"@id\":\"https:\\\/\\\/www.bedigitaltogether.be\\\/de\\\/integration-in-den-arbeitsmarkt-fuer-75-arbeitssuchende-frauen-der-region-bruessel-hauptstadt\\\/#breadcrumb\"},\"inLanguage\":\"de\",\"potentialAction\":[{\"@type\":\"ReadAction\",\"target\":[\"https:\\\/\\\/www.bedigitaltogether.be\\\/de\\\/integration-in-den-arbeitsmarkt-fuer-75-arbeitssuchende-frauen-der-region-bruessel-hauptstadt\\\/\"]}]},{\"@type\":\"BreadcrumbList\",\"@id\":\"https:\\\/\\\/www.bedigitaltogether.be\\\/de\\\/integration-in-den-arbeitsmarkt-fuer-75-arbeitssuchende-frauen-der-region-bruessel-hauptstadt\\\/#breadcrumb\",\"itemListElement\":[{\"@type\":\"ListItem\",\"position\":1,\"name\":\"Zuhause\",\"item\":\"https:\\\/\\\/www.bedigitaltogether.be\\\/de\\\/\"},{\"@type\":\"ListItem\",\"position\":2,\"name\":\"Arbeitswelt\",\"item\":\"https:\\\/\\\/www.bedigitaltogether.be\\\/de\\\/category\\\/arbeitswelt\\\/\"},{\"@type\":\"ListItem\",\"position\":3,\"name\":\"Integration in den Arbeitsmarkt f\u00fcr 75 arbeitssuchende Frauen der Region Br\u00fcssel-Hauptstadt\"}]},{\"@type\":\"WebSite\",\"@id\":\"https:\\\/\\\/www.bedigitaltogether.be\\\/de\\\/#website\",\"url\":\"https:\\\/\\\/www.bedigitaltogether.be\\\/de\\\/\",\"name\":\"BeDigitalTogether\",\"description\":\"\",\"potentialAction\":[{\"@type\":\"SearchAction\",\"target\":{\"@type\":\"EntryPoint\",\"urlTemplate\":\"https:\\\/\\\/www.bedigitaltogether.be\\\/de\\\/?s={search_term_string}\"},\"query-input\":{\"@type\":\"PropertyValueSpecification\",\"valueRequired\":true,\"valueName\":\"search_term_string\"}}],\"inLanguage\":\"de\"},{\"@type\":\"Person\",\"@id\":\"https:\\\/\\\/www.bedigitaltogether.be\\\/de\\\/#\\\/schema\\\/person\\\/b56960572f725379f0873aa9fbd131c9\",\"name\":\"admin\",\"image\":{\"@type\":\"ImageObject\",\"inLanguage\":\"de\",\"@id\":\"https:\\\/\\\/secure.gravatar.com\\\/avatar\\\/c64dbd098148d05d0d68c4c59f1bc02d90e703757e02c60e5fa7878c6f6c4855?s=96&d=mm&r=g\",\"url\":\"https:\\\/\\\/secure.gravatar.com\\\/avatar\\\/c64dbd098148d05d0d68c4c59f1bc02d90e703757e02c60e5fa7878c6f6c4855?s=96&d=mm&r=g\",\"contentUrl\":\"https:\\\/\\\/secure.gravatar.com\\\/avatar\\\/c64dbd098148d05d0d68c4c59f1bc02d90e703757e02c60e5fa7878c6f6c4855?s=96&d=mm&r=g\",\"caption\":\"admin\"},\"sameAs\":[\"https:\\\/\\\/www.bedigitaltogether.be\"],\"url\":\"https:\\\/\\\/www.bedigitaltogether.be\\\/de\\\/author\\\/lh_2l609ggp\\\/\"}]}<\/script>\n<!-- \/ Yoast SEO plugin. -->","yoast_head_json":{"title":"Integration in den Arbeitsmarkt f\u00fcr 75 arbeitssuchende Frauen der Region Br\u00fcssel-Hauptstadt - BeDigitalTogether - Be Digital Together","robots":{"index":"index","follow":"follow","max-snippet":"max-snippet:-1","max-image-preview":"max-image-preview:large","max-video-preview":"max-video-preview:-1"},"canonical":"https:\/\/www.bedigitaltogether.be\/de\/","og_locale":"de_DE","og_type":"article","og_title":"Integration in den Arbeitsmarkt f\u00fcr 75 arbeitssuchende Frauen der Region Br\u00fcssel-Hauptstadt - BeDigitalTogether - Be Digital Together","og_description":"J\u00e4hrliche Veranstaltung von 5 qualifizierenden Lehrg\u00e4ngen mit anschlie\u00dfendem Praktikum samt Eingliederung in die Besch\u00e4ftigung f\u00fcr 75 arbeitssuchende Frauen der Region Br\u00fcssel-Hauptstadt f\u00fcr die Berufe Full-stack- und Front-end-Entwickler\/in, System- und Netzverwalter\/in und PC-Netz-Support-Techniker\/in, Veranstaltung von Lehrg\u00e4ngen zur Spezialisierung auf Cybersicherheit und KI (dem Digital Belgian Skills Fund f\u00fcr 2022 unterbreitetes neues Projekt) zugunsten von 30 Frauen, [&hellip;]","og_url":"https:\/\/www.bedigitaltogether.be\/de\/","og_site_name":"BeDigitalTogether","article_published_time":"2022-03-31T14:08:45+00:00","article_modified_time":"2022-03-31T14:11:15+00:00","author":"admin","twitter_card":"summary_large_image","twitter_misc":{"Verfasst von":"admin"},"schema":{"@context":"https:\/\/schema.org","@graph":[{"@type":"Article","@id":"https:\/\/www.bedigitaltogether.be\/de\/integration-in-den-arbeitsmarkt-fuer-75-arbeitssuchende-frauen-der-region-bruessel-hauptstadt\/#article","isPartOf":{"@id":"https:\/\/www.bedigitaltogether.be\/de\/integration-in-den-arbeitsmarkt-fuer-75-arbeitssuchende-frauen-der-region-bruessel-hauptstadt\/"},"author":{"name":"admin","@id":"https:\/\/www.bedigitaltogether.be\/de\/#\/schema\/person\/b56960572f725379f0873aa9fbd131c9"},"headline":"Integration in den Arbeitsmarkt f\u00fcr 75 arbeitssuchende Frauen der Region Br\u00fcssel-Hauptstadt","datePublished":"2022-03-31T14:08:45+00:00","dateModified":"2022-03-31T14:11:15+00:00","mainEntityOfPage":{"@id":"https:\/\/www.bedigitaltogether.be\/de\/integration-in-den-arbeitsmarkt-fuer-75-arbeitssuchende-frauen-der-region-bruessel-hauptstadt\/"},"wordCount":98,"commentCount":0,"keywords":["Ausbildung"],"articleSection":["Arbeitswelt"],"inLanguage":"de","potentialAction":[{"@type":"CommentAction","name":"Comment","target":["https:\/\/www.bedigitaltogether.be\/de\/integration-in-den-arbeitsmarkt-fuer-75-arbeitssuchende-frauen-der-region-bruessel-hauptstadt\/#respond"]}]},{"@type":"WebPage","@id":"https:\/\/www.bedigitaltogether.be\/de\/integration-in-den-arbeitsmarkt-fuer-75-arbeitssuchende-frauen-der-region-bruessel-hauptstadt\/","url":"https:\/\/www.bedigitaltogether.be\/de\/integration-in-den-arbeitsmarkt-fuer-75-arbeitssuchende-frauen-der-region-bruessel-hauptstadt\/","name":"Integration in den Arbeitsmarkt f\u00fcr 75 arbeitssuchende Frauen der Region Br\u00fcssel-Hauptstadt - BeDigitalTogether - Be Digital Together","isPartOf":{"@id":"https:\/\/www.bedigitaltogether.be\/de\/#website"},"datePublished":"2022-03-31T14:08:45+00:00","dateModified":"2022-03-31T14:11:15+00:00","author":{"@id":"https:\/\/www.bedigitaltogether.be\/de\/#\/schema\/person\/b56960572f725379f0873aa9fbd131c9"},"breadcrumb":{"@id":"https:\/\/www.bedigitaltogether.be\/de\/integration-in-den-arbeitsmarkt-fuer-75-arbeitssuchende-frauen-der-region-bruessel-hauptstadt\/#breadcrumb"},"inLanguage":"de","potentialAction":[{"@type":"ReadAction","target":["https:\/\/www.bedigitaltogether.be\/de\/integration-in-den-arbeitsmarkt-fuer-75-arbeitssuchende-frauen-der-region-bruessel-hauptstadt\/"]}]},{"@type":"BreadcrumbList","@id":"https:\/\/www.bedigitaltogether.be\/de\/integration-in-den-arbeitsmarkt-fuer-75-arbeitssuchende-frauen-der-region-bruessel-hauptstadt\/#breadcrumb","itemListElement":[{"@type":"ListItem","position":1,"name":"Zuhause","item":"https:\/\/www.bedigitaltogether.be\/de\/"},{"@type":"ListItem","position":2,"name":"Arbeitswelt","item":"https:\/\/www.bedigitaltogether.be\/de\/category\/arbeitswelt\/"},{"@type":"ListItem","position":3,"name":"Integration in den Arbeitsmarkt f\u00fcr 75 arbeitssuchende Frauen der Region Br\u00fcssel-Hauptstadt"}]},{"@type":"WebSite","@id":"https:\/\/www.bedigitaltogether.be\/de\/#website","url":"https:\/\/www.bedigitaltogether.be\/de\/","name":"BeDigitalTogether","description":"","potentialAction":[{"@type":"SearchAction","target":{"@type":"EntryPoint","urlTemplate":"https:\/\/www.bedigitaltogether.be\/de\/?s={search_term_string}"},"query-input":{"@type":"PropertyValueSpecification","valueRequired":true,"valueName":"search_term_string"}}],"inLanguage":"de"},{"@type":"Person","@id":"https:\/\/www.bedigitaltogether.be\/de\/#\/schema\/person\/b56960572f725379f0873aa9fbd131c9","name":"admin","image":{"@type":"ImageObject","inLanguage":"de","@id":"https:\/\/secure.gravatar.com\/avatar\/c64dbd098148d05d0d68c4c59f1bc02d90e703757e02c60e5fa7878c6f6c4855?s=96&d=mm&r=g","url":"https:\/\/secure.gravatar.com\/avatar\/c64dbd098148d05d0d68c4c59f1bc02d90e703757e02c60e5fa7878c6f6c4855?s=96&d=mm&r=g","contentUrl":"https:\/\/secure.gravatar.com\/avatar\/c64dbd098148d05d0d68c4c59f1bc02d90e703757e02c60e5fa7878c6f6c4855?s=96&d=mm&r=g","caption":"admin"},"sameAs":["https:\/\/www.bedigitaltogether.be"],"url":"https:\/\/www.bedigitaltogether.be\/de\/author\/lh_2l609ggp\/"}]}},"_links":{"self":[{"href":"https:\/\/www.bedigitaltogether.be\/de\/wp-json\/wp\/v2\/posts\/7093","targetHints":{"allow":["GET"]}}],"collection":[{"href":"https:\/\/www.bedigitaltogether.be\/de\/wp-json\/wp\/v2\/posts"}],"about":[{"href":"https:\/\/www.bedigitaltogether.be\/de\/wp-json\/wp\/v2\/types\/post"}],"author":[{"embeddable":true,"href":"https:\/\/www.bedigitaltogether.be\/de\/wp-json\/wp\/v2\/users\/1"}],"replies":[{"embeddable":true,"href":"https:\/\/www.bedigitaltogether.be\/de\/wp-json\/wp\/v2\/comments?post=7093"}],"version-history":[{"count":1,"href":"https:\/\/www.bedigitaltogether.be\/de\/wp-json\/wp\/v2\/posts\/7093\/revisions"}],"predecessor-version":[{"id":7094,"href":"https:\/\/www.bedigitaltogether.be\/de\/wp-json\/wp\/v2\/posts\/7093\/revisions\/7094"}],"wp:attachment":[{"href":"https:\/\/www.bedigitaltogether.be\/de\/wp-json\/wp\/v2\/media?parent=7093"}],"wp:term":[{"taxonomy":"category","embeddable":true,"href":"https:\/\/www.bedigitaltogether.be\/de\/wp-json\/wp\/v2\/categories?post=7093"},{"taxonomy":"post_tag","embeddable":true,"href":"https:\/\/www.bedigitaltogether.be\/de\/wp-json\/wp\/v2\/tags?post=7093"},{"taxonomy":"active","embeddable":true,"href":"https:\/\/www.bedigitaltogether.be\/de\/wp-json\/wp\/v2\/active?post=7093"}],"curies":[{"name":"wp","href":"https:\/\/api.w.org\/{rel}","templated":true}]}}