{"id":6966,"date":"2022-03-31T12:59:25","date_gmt":"2022-03-31T12:59:25","guid":{"rendered":"https:\/\/godigitall.artwhere.co\/generationw-3\/"},"modified":"2022-03-31T13:01:33","modified_gmt":"2022-03-31T13:01:33","slug":"generationw-3","status":"publish","type":"post","link":"https:\/\/www.bedigitaltogether.be\/de\/generationw-3\/","title":{"rendered":"GenerationW 3"},"content":{"rendered":"\n<p>GenerationW 3 ist ein sechsmonatiges Ausbildungsprogramm f\u00fcr internetbezogene Berufe in Br\u00fcssel und der Wallonie. Die teilnehmenden Frauen aus benachteiligten Vierteln sowie die Frauen aus der Diversit\u00e4t werden t\u00e4glich in drei Modulen ausgebildet, die sie auf die digitalen Berufe von morgen vorbereiten. Ein gro\u00dfer Teil von ihnen hat die M\u00f6glichkeit, ein Praktikum zu absolvieren, um ihre Einstellung in zukunftstr\u00e4chtigen Technologieunternehmen zu erleichtern. <\/p>\n","protected":false},"excerpt":{"rendered":"<p>GenerationW 3 ist ein sechsmonatiges Ausbildungsprogramm f\u00fcr internetbezogene Berufe in Br\u00fcssel und der Wallonie. Die teilnehmenden Frauen aus benachteiligten Vierteln sowie die Frauen aus der Diversit\u00e4t werden t\u00e4glich in drei Modulen ausgebildet, die sie auf die digitalen Berufe von morgen vorbereiten. Ein gro\u00dfer Teil von ihnen hat die M\u00f6glichkeit, ein Praktikum zu absolvieren, um ihre [&hellip;]<\/p>\n","protected":false},"author":1,"featured_media":0,"comment_status":"open","ping_status":"closed","sticky":false,"template":"","format":"standard","meta":{"_acf_changed":false,"footnotes":""},"categories":[99,105,111],"tags":[113],"active":[147],"class_list":["post-6966","post","type-post","status-publish","format-standard","hentry","category-arbeitswelt","category-frauen-im-digitalen-halten","category-geschlechterungleichheit","tag-ausbildung","active-active-de"],"acf":[],"yoast_head":"<!-- This site is optimized with the Yoast SEO plugin v27.5 - https:\/\/yoast.com\/product\/yoast-seo-wordpress\/ -->\n<title>GenerationW 3 - BeDigitalTogether - Be Digital Together<\/title>\n<meta name=\"robots\" content=\"index, follow, max-snippet:-1, max-image-preview:large, max-video-preview:-1\" \/>\n<link rel=\"canonical\" href=\"https:\/\/www.bedigitaltogether.be\/de\/\" \/>\n<meta property=\"og:locale\" content=\"de_DE\" \/>\n<meta property=\"og:type\" content=\"article\" \/>\n<meta property=\"og:title\" content=\"GenerationW 3 - BeDigitalTogether - Be Digital Together\" \/>\n<meta property=\"og:description\" content=\"GenerationW 3 ist ein sechsmonatiges Ausbildungsprogramm f\u00fcr internetbezogene Berufe in Br\u00fcssel und der Wallonie. Die teilnehmenden Frauen aus benachteiligten Vierteln sowie die Frauen aus der Diversit\u00e4t werden t\u00e4glich in drei Modulen ausgebildet, die sie auf die digitalen Berufe von morgen vorbereiten. Ein gro\u00dfer Teil von ihnen hat die M\u00f6glichkeit, ein Praktikum zu absolvieren, um ihre [&hellip;]\" \/>\n<meta property=\"og:url\" content=\"https:\/\/www.bedigitaltogether.be\/de\/\" \/>\n<meta property=\"og:site_name\" content=\"BeDigitalTogether\" \/>\n<meta property=\"article:published_time\" content=\"2022-03-31T12:59:25+00:00\" \/>\n<meta property=\"article:modified_time\" content=\"2022-03-31T13:01:33+00:00\" \/>\n<meta name=\"author\" content=\"admin\" \/>\n<meta name=\"twitter:card\" content=\"summary_large_image\" \/>\n<meta name=\"twitter:label1\" content=\"Verfasst von\" \/>\n\t<meta name=\"twitter:data1\" content=\"admin\" \/>\n<script type=\"application\/ld+json\" class=\"yoast-schema-graph\">{\"@context\":\"https:\\\/\\\/schema.org\",\"@graph\":[{\"@type\":\"Article\",\"@id\":\"https:\\\/\\\/www.bedigitaltogether.be\\\/de\\\/generationw-3\\\/#article\",\"isPartOf\":{\"@id\":\"https:\\\/\\\/www.bedigitaltogether.be\\\/de\\\/generationw-3\\\/\"},\"author\":{\"name\":\"admin\",\"@id\":\"https:\\\/\\\/www.bedigitaltogether.be\\\/de\\\/#\\\/schema\\\/person\\\/b56960572f725379f0873aa9fbd131c9\"},\"headline\":\"GenerationW 3\",\"datePublished\":\"2022-03-31T12:59:25+00:00\",\"dateModified\":\"2022-03-31T13:01:33+00:00\",\"mainEntityOfPage\":{\"@id\":\"https:\\\/\\\/www.bedigitaltogether.be\\\/de\\\/generationw-3\\\/\"},\"wordCount\":68,\"commentCount\":0,\"keywords\":[\"Ausbildung\"],\"articleSection\":[\"Arbeitswelt\",\"Frauen im Digitalen halten\",\"Geschlechterungleichheit\"],\"inLanguage\":\"de\",\"potentialAction\":[{\"@type\":\"CommentAction\",\"name\":\"Comment\",\"target\":[\"https:\\\/\\\/www.bedigitaltogether.be\\\/de\\\/generationw-3\\\/#respond\"]}]},{\"@type\":\"WebPage\",\"@id\":\"https:\\\/\\\/www.bedigitaltogether.be\\\/de\\\/generationw-3\\\/\",\"url\":\"https:\\\/\\\/www.bedigitaltogether.be\\\/de\\\/generationw-3\\\/\",\"name\":\"GenerationW 3 - BeDigitalTogether - Be Digital Together\",\"isPartOf\":{\"@id\":\"https:\\\/\\\/www.bedigitaltogether.be\\\/de\\\/#website\"},\"datePublished\":\"2022-03-31T12:59:25+00:00\",\"dateModified\":\"2022-03-31T13:01:33+00:00\",\"author\":{\"@id\":\"https:\\\/\\\/www.bedigitaltogether.be\\\/de\\\/#\\\/schema\\\/person\\\/b56960572f725379f0873aa9fbd131c9\"},\"breadcrumb\":{\"@id\":\"https:\\\/\\\/www.bedigitaltogether.be\\\/de\\\/generationw-3\\\/#breadcrumb\"},\"inLanguage\":\"de\",\"potentialAction\":[{\"@type\":\"ReadAction\",\"target\":[\"https:\\\/\\\/www.bedigitaltogether.be\\\/de\\\/generationw-3\\\/\"]}]},{\"@type\":\"BreadcrumbList\",\"@id\":\"https:\\\/\\\/www.bedigitaltogether.be\\\/de\\\/generationw-3\\\/#breadcrumb\",\"itemListElement\":[{\"@type\":\"ListItem\",\"position\":1,\"name\":\"Zuhause\",\"item\":\"https:\\\/\\\/www.bedigitaltogether.be\\\/de\\\/\"},{\"@type\":\"ListItem\",\"position\":2,\"name\":\"Arbeitswelt\",\"item\":\"https:\\\/\\\/www.bedigitaltogether.be\\\/de\\\/category\\\/arbeitswelt\\\/\"},{\"@type\":\"ListItem\",\"position\":3,\"name\":\"GenerationW 3\"}]},{\"@type\":\"WebSite\",\"@id\":\"https:\\\/\\\/www.bedigitaltogether.be\\\/de\\\/#website\",\"url\":\"https:\\\/\\\/www.bedigitaltogether.be\\\/de\\\/\",\"name\":\"BeDigitalTogether\",\"description\":\"\",\"potentialAction\":[{\"@type\":\"SearchAction\",\"target\":{\"@type\":\"EntryPoint\",\"urlTemplate\":\"https:\\\/\\\/www.bedigitaltogether.be\\\/de\\\/?s={search_term_string}\"},\"query-input\":{\"@type\":\"PropertyValueSpecification\",\"valueRequired\":true,\"valueName\":\"search_term_string\"}}],\"inLanguage\":\"de\"},{\"@type\":\"Person\",\"@id\":\"https:\\\/\\\/www.bedigitaltogether.be\\\/de\\\/#\\\/schema\\\/person\\\/b56960572f725379f0873aa9fbd131c9\",\"name\":\"admin\",\"image\":{\"@type\":\"ImageObject\",\"inLanguage\":\"de\",\"@id\":\"https:\\\/\\\/secure.gravatar.com\\\/avatar\\\/c64dbd098148d05d0d68c4c59f1bc02d90e703757e02c60e5fa7878c6f6c4855?s=96&d=mm&r=g\",\"url\":\"https:\\\/\\\/secure.gravatar.com\\\/avatar\\\/c64dbd098148d05d0d68c4c59f1bc02d90e703757e02c60e5fa7878c6f6c4855?s=96&d=mm&r=g\",\"contentUrl\":\"https:\\\/\\\/secure.gravatar.com\\\/avatar\\\/c64dbd098148d05d0d68c4c59f1bc02d90e703757e02c60e5fa7878c6f6c4855?s=96&d=mm&r=g\",\"caption\":\"admin\"},\"sameAs\":[\"https:\\\/\\\/www.bedigitaltogether.be\"],\"url\":\"https:\\\/\\\/www.bedigitaltogether.be\\\/de\\\/author\\\/lh_2l609ggp\\\/\"}]}<\/script>\n<!-- \/ Yoast SEO plugin. -->","yoast_head_json":{"title":"GenerationW 3 - BeDigitalTogether - Be Digital Together","robots":{"index":"index","follow":"follow","max-snippet":"max-snippet:-1","max-image-preview":"max-image-preview:large","max-video-preview":"max-video-preview:-1"},"canonical":"https:\/\/www.bedigitaltogether.be\/de\/","og_locale":"de_DE","og_type":"article","og_title":"GenerationW 3 - BeDigitalTogether - Be Digital Together","og_description":"GenerationW 3 ist ein sechsmonatiges Ausbildungsprogramm f\u00fcr internetbezogene Berufe in Br\u00fcssel und der Wallonie. Die teilnehmenden Frauen aus benachteiligten Vierteln sowie die Frauen aus der Diversit\u00e4t werden t\u00e4glich in drei Modulen ausgebildet, die sie auf die digitalen Berufe von morgen vorbereiten. Ein gro\u00dfer Teil von ihnen hat die M\u00f6glichkeit, ein Praktikum zu absolvieren, um ihre [&hellip;]","og_url":"https:\/\/www.bedigitaltogether.be\/de\/","og_site_name":"BeDigitalTogether","article_published_time":"2022-03-31T12:59:25+00:00","article_modified_time":"2022-03-31T13:01:33+00:00","author":"admin","twitter_card":"summary_large_image","twitter_misc":{"Verfasst von":"admin"},"schema":{"@context":"https:\/\/schema.org","@graph":[{"@type":"Article","@id":"https:\/\/www.bedigitaltogether.be\/de\/generationw-3\/#article","isPartOf":{"@id":"https:\/\/www.bedigitaltogether.be\/de\/generationw-3\/"},"author":{"name":"admin","@id":"https:\/\/www.bedigitaltogether.be\/de\/#\/schema\/person\/b56960572f725379f0873aa9fbd131c9"},"headline":"GenerationW 3","datePublished":"2022-03-31T12:59:25+00:00","dateModified":"2022-03-31T13:01:33+00:00","mainEntityOfPage":{"@id":"https:\/\/www.bedigitaltogether.be\/de\/generationw-3\/"},"wordCount":68,"commentCount":0,"keywords":["Ausbildung"],"articleSection":["Arbeitswelt","Frauen im Digitalen halten","Geschlechterungleichheit"],"inLanguage":"de","potentialAction":[{"@type":"CommentAction","name":"Comment","target":["https:\/\/www.bedigitaltogether.be\/de\/generationw-3\/#respond"]}]},{"@type":"WebPage","@id":"https:\/\/www.bedigitaltogether.be\/de\/generationw-3\/","url":"https:\/\/www.bedigitaltogether.be\/de\/generationw-3\/","name":"GenerationW 3 - BeDigitalTogether - Be Digital Together","isPartOf":{"@id":"https:\/\/www.bedigitaltogether.be\/de\/#website"},"datePublished":"2022-03-31T12:59:25+00:00","dateModified":"2022-03-31T13:01:33+00:00","author":{"@id":"https:\/\/www.bedigitaltogether.be\/de\/#\/schema\/person\/b56960572f725379f0873aa9fbd131c9"},"breadcrumb":{"@id":"https:\/\/www.bedigitaltogether.be\/de\/generationw-3\/#breadcrumb"},"inLanguage":"de","potentialAction":[{"@type":"ReadAction","target":["https:\/\/www.bedigitaltogether.be\/de\/generationw-3\/"]}]},{"@type":"BreadcrumbList","@id":"https:\/\/www.bedigitaltogether.be\/de\/generationw-3\/#breadcrumb","itemListElement":[{"@type":"ListItem","position":1,"name":"Zuhause","item":"https:\/\/www.bedigitaltogether.be\/de\/"},{"@type":"ListItem","position":2,"name":"Arbeitswelt","item":"https:\/\/www.bedigitaltogether.be\/de\/category\/arbeitswelt\/"},{"@type":"ListItem","position":3,"name":"GenerationW 3"}]},{"@type":"WebSite","@id":"https:\/\/www.bedigitaltogether.be\/de\/#website","url":"https:\/\/www.bedigitaltogether.be\/de\/","name":"BeDigitalTogether","description":"","potentialAction":[{"@type":"SearchAction","target":{"@type":"EntryPoint","urlTemplate":"https:\/\/www.bedigitaltogether.be\/de\/?s={search_term_string}"},"query-input":{"@type":"PropertyValueSpecification","valueRequired":true,"valueName":"search_term_string"}}],"inLanguage":"de"},{"@type":"Person","@id":"https:\/\/www.bedigitaltogether.be\/de\/#\/schema\/person\/b56960572f725379f0873aa9fbd131c9","name":"admin","image":{"@type":"ImageObject","inLanguage":"de","@id":"https:\/\/secure.gravatar.com\/avatar\/c64dbd098148d05d0d68c4c59f1bc02d90e703757e02c60e5fa7878c6f6c4855?s=96&d=mm&r=g","url":"https:\/\/secure.gravatar.com\/avatar\/c64dbd098148d05d0d68c4c59f1bc02d90e703757e02c60e5fa7878c6f6c4855?s=96&d=mm&r=g","contentUrl":"https:\/\/secure.gravatar.com\/avatar\/c64dbd098148d05d0d68c4c59f1bc02d90e703757e02c60e5fa7878c6f6c4855?s=96&d=mm&r=g","caption":"admin"},"sameAs":["https:\/\/www.bedigitaltogether.be"],"url":"https:\/\/www.bedigitaltogether.be\/de\/author\/lh_2l609ggp\/"}]}},"_links":{"self":[{"href":"https:\/\/www.bedigitaltogether.be\/de\/wp-json\/wp\/v2\/posts\/6966","targetHints":{"allow":["GET"]}}],"collection":[{"href":"https:\/\/www.bedigitaltogether.be\/de\/wp-json\/wp\/v2\/posts"}],"about":[{"href":"https:\/\/www.bedigitaltogether.be\/de\/wp-json\/wp\/v2\/types\/post"}],"author":[{"embeddable":true,"href":"https:\/\/www.bedigitaltogether.be\/de\/wp-json\/wp\/v2\/users\/1"}],"replies":[{"embeddable":true,"href":"https:\/\/www.bedigitaltogether.be\/de\/wp-json\/wp\/v2\/comments?post=6966"}],"version-history":[{"count":1,"href":"https:\/\/www.bedigitaltogether.be\/de\/wp-json\/wp\/v2\/posts\/6966\/revisions"}],"predecessor-version":[{"id":6967,"href":"https:\/\/www.bedigitaltogether.be\/de\/wp-json\/wp\/v2\/posts\/6966\/revisions\/6967"}],"wp:attachment":[{"href":"https:\/\/www.bedigitaltogether.be\/de\/wp-json\/wp\/v2\/media?parent=6966"}],"wp:term":[{"taxonomy":"category","embeddable":true,"href":"https:\/\/www.bedigitaltogether.be\/de\/wp-json\/wp\/v2\/categories?post=6966"},{"taxonomy":"post_tag","embeddable":true,"href":"https:\/\/www.bedigitaltogether.be\/de\/wp-json\/wp\/v2\/tags?post=6966"},{"taxonomy":"active","embeddable":true,"href":"https:\/\/www.bedigitaltogether.be\/de\/wp-json\/wp\/v2\/active?post=6966"}],"curies":[{"name":"wp","href":"https:\/\/api.w.org\/{rel}","templated":true}]}}