{"id":6918,"date":"2022-03-31T12:40:55","date_gmt":"2022-03-31T12:40:55","guid":{"rendered":"https:\/\/godigitall.artwhere.co\/google-lehrgaenge\/"},"modified":"2022-03-31T12:49:33","modified_gmt":"2022-03-31T12:49:33","slug":"google-lehrgaenge","status":"publish","type":"post","link":"https:\/\/www.bedigitaltogether.be\/de\/google-lehrgaenge\/","title":{"rendered":"Google-Lehrg\u00e4nge"},"content":{"rendered":"\n<p>Google bietet in Zusammenarbeit mit der \u00f6ffentlichen Arbeitsagentur VDAB ein kostenloses Vollzeit-Ausbildungsprogramm von vier Wochen zur Ausbildung junger Arbeitssuchender zum \u201edigitalen Koordinator\u201c an (polyvalenter Spezialist f\u00fcr digitales Marketing). Das Programm umfasst eine breite Palette mit digitalem Marketing zusammenh\u00e4ngender Themen und stattet die Teilnehmer mit s\u00e4mtlichen Kompetenzen aus, die sie f\u00fcr die direkte Einsetzbarkeit in einem KMB mit Wachstumsambitionen, aber mangelndem digitalem Knowhow ben\u00f6tigen. Es kombiniert die Theorie mit \u00dcbungen in der Praxis und einem realen unternehmerischen Fallbeispiel, um nicht nur solide, sondern auch allgemeine Kompetenzen zu entwickeln.<\/p>\n","protected":false},"excerpt":{"rendered":"<p>Google bietet in Zusammenarbeit mit der \u00f6ffentlichen Arbeitsagentur VDAB ein kostenloses Vollzeit-Ausbildungsprogramm von vier Wochen zur Ausbildung junger Arbeitssuchender zum \u201edigitalen Koordinator\u201c an (polyvalenter Spezialist f\u00fcr digitales Marketing). Das Programm umfasst eine breite Palette mit digitalem Marketing zusammenh\u00e4ngender Themen und stattet die Teilnehmer mit s\u00e4mtlichen Kompetenzen aus, die sie f\u00fcr die direkte Einsetzbarkeit in einem [&hellip;]<\/p>\n","protected":false},"author":1,"featured_media":0,"comment_status":"open","ping_status":"closed","sticky":false,"template":"","format":"standard","meta":{"_acf_changed":false,"footnotes":""},"categories":[99],"tags":[113],"active":[147],"class_list":["post-6918","post","type-post","status-publish","format-standard","hentry","category-arbeitswelt","tag-ausbildung","active-active-de"],"acf":[],"yoast_head":"<!-- This site is optimized with the Yoast SEO plugin v27.5 - https:\/\/yoast.com\/product\/yoast-seo-wordpress\/ -->\n<title>Google-Lehrg\u00e4nge - BeDigitalTogether - Be Digital Together<\/title>\n<meta name=\"robots\" content=\"index, follow, max-snippet:-1, max-image-preview:large, max-video-preview:-1\" \/>\n<link rel=\"canonical\" href=\"https:\/\/www.bedigitaltogether.be\/de\/\" \/>\n<meta property=\"og:locale\" content=\"de_DE\" \/>\n<meta property=\"og:type\" content=\"article\" \/>\n<meta property=\"og:title\" content=\"Google-Lehrg\u00e4nge - BeDigitalTogether - Be Digital Together\" \/>\n<meta property=\"og:description\" content=\"Google bietet in Zusammenarbeit mit der \u00f6ffentlichen Arbeitsagentur VDAB ein kostenloses Vollzeit-Ausbildungsprogramm von vier Wochen zur Ausbildung junger Arbeitssuchender zum \u201edigitalen Koordinator\u201c an (polyvalenter Spezialist f\u00fcr digitales Marketing). Das Programm umfasst eine breite Palette mit digitalem Marketing zusammenh\u00e4ngender Themen und stattet die Teilnehmer mit s\u00e4mtlichen Kompetenzen aus, die sie f\u00fcr die direkte Einsetzbarkeit in einem [&hellip;]\" \/>\n<meta property=\"og:url\" content=\"https:\/\/www.bedigitaltogether.be\/de\/\" \/>\n<meta property=\"og:site_name\" content=\"BeDigitalTogether\" \/>\n<meta property=\"article:published_time\" content=\"2022-03-31T12:40:55+00:00\" \/>\n<meta property=\"article:modified_time\" content=\"2022-03-31T12:49:33+00:00\" \/>\n<meta name=\"author\" content=\"admin\" \/>\n<meta name=\"twitter:card\" content=\"summary_large_image\" \/>\n<meta name=\"twitter:label1\" content=\"Verfasst von\" \/>\n\t<meta name=\"twitter:data1\" content=\"admin\" \/>\n<script type=\"application\/ld+json\" class=\"yoast-schema-graph\">{\"@context\":\"https:\\\/\\\/schema.org\",\"@graph\":[{\"@type\":\"Article\",\"@id\":\"https:\\\/\\\/www.bedigitaltogether.be\\\/de\\\/google-lehrgaenge\\\/#article\",\"isPartOf\":{\"@id\":\"https:\\\/\\\/www.bedigitaltogether.be\\\/de\\\/google-lehrgaenge\\\/\"},\"author\":{\"name\":\"admin\",\"@id\":\"https:\\\/\\\/www.bedigitaltogether.be\\\/de\\\/#\\\/schema\\\/person\\\/b56960572f725379f0873aa9fbd131c9\"},\"headline\":\"Google-Lehrg\u00e4nge\",\"datePublished\":\"2022-03-31T12:40:55+00:00\",\"dateModified\":\"2022-03-31T12:49:33+00:00\",\"mainEntityOfPage\":{\"@id\":\"https:\\\/\\\/www.bedigitaltogether.be\\\/de\\\/google-lehrgaenge\\\/\"},\"wordCount\":94,\"commentCount\":0,\"keywords\":[\"Ausbildung\"],\"articleSection\":[\"Arbeitswelt\"],\"inLanguage\":\"de\",\"potentialAction\":[{\"@type\":\"CommentAction\",\"name\":\"Comment\",\"target\":[\"https:\\\/\\\/www.bedigitaltogether.be\\\/de\\\/google-lehrgaenge\\\/#respond\"]}]},{\"@type\":\"WebPage\",\"@id\":\"https:\\\/\\\/www.bedigitaltogether.be\\\/de\\\/google-lehrgaenge\\\/\",\"url\":\"https:\\\/\\\/www.bedigitaltogether.be\\\/de\\\/google-lehrgaenge\\\/\",\"name\":\"Google-Lehrg\u00e4nge - BeDigitalTogether - Be Digital Together\",\"isPartOf\":{\"@id\":\"https:\\\/\\\/www.bedigitaltogether.be\\\/de\\\/#website\"},\"datePublished\":\"2022-03-31T12:40:55+00:00\",\"dateModified\":\"2022-03-31T12:49:33+00:00\",\"author\":{\"@id\":\"https:\\\/\\\/www.bedigitaltogether.be\\\/de\\\/#\\\/schema\\\/person\\\/b56960572f725379f0873aa9fbd131c9\"},\"breadcrumb\":{\"@id\":\"https:\\\/\\\/www.bedigitaltogether.be\\\/de\\\/google-lehrgaenge\\\/#breadcrumb\"},\"inLanguage\":\"de\",\"potentialAction\":[{\"@type\":\"ReadAction\",\"target\":[\"https:\\\/\\\/www.bedigitaltogether.be\\\/de\\\/google-lehrgaenge\\\/\"]}]},{\"@type\":\"BreadcrumbList\",\"@id\":\"https:\\\/\\\/www.bedigitaltogether.be\\\/de\\\/google-lehrgaenge\\\/#breadcrumb\",\"itemListElement\":[{\"@type\":\"ListItem\",\"position\":1,\"name\":\"Zuhause\",\"item\":\"https:\\\/\\\/www.bedigitaltogether.be\\\/de\\\/\"},{\"@type\":\"ListItem\",\"position\":2,\"name\":\"Arbeitswelt\",\"item\":\"https:\\\/\\\/www.bedigitaltogether.be\\\/de\\\/category\\\/arbeitswelt\\\/\"},{\"@type\":\"ListItem\",\"position\":3,\"name\":\"Google-Lehrg\u00e4nge\"}]},{\"@type\":\"WebSite\",\"@id\":\"https:\\\/\\\/www.bedigitaltogether.be\\\/de\\\/#website\",\"url\":\"https:\\\/\\\/www.bedigitaltogether.be\\\/de\\\/\",\"name\":\"BeDigitalTogether\",\"description\":\"\",\"potentialAction\":[{\"@type\":\"SearchAction\",\"target\":{\"@type\":\"EntryPoint\",\"urlTemplate\":\"https:\\\/\\\/www.bedigitaltogether.be\\\/de\\\/?s={search_term_string}\"},\"query-input\":{\"@type\":\"PropertyValueSpecification\",\"valueRequired\":true,\"valueName\":\"search_term_string\"}}],\"inLanguage\":\"de\"},{\"@type\":\"Person\",\"@id\":\"https:\\\/\\\/www.bedigitaltogether.be\\\/de\\\/#\\\/schema\\\/person\\\/b56960572f725379f0873aa9fbd131c9\",\"name\":\"admin\",\"image\":{\"@type\":\"ImageObject\",\"inLanguage\":\"de\",\"@id\":\"https:\\\/\\\/secure.gravatar.com\\\/avatar\\\/c64dbd098148d05d0d68c4c59f1bc02d90e703757e02c60e5fa7878c6f6c4855?s=96&d=mm&r=g\",\"url\":\"https:\\\/\\\/secure.gravatar.com\\\/avatar\\\/c64dbd098148d05d0d68c4c59f1bc02d90e703757e02c60e5fa7878c6f6c4855?s=96&d=mm&r=g\",\"contentUrl\":\"https:\\\/\\\/secure.gravatar.com\\\/avatar\\\/c64dbd098148d05d0d68c4c59f1bc02d90e703757e02c60e5fa7878c6f6c4855?s=96&d=mm&r=g\",\"caption\":\"admin\"},\"sameAs\":[\"https:\\\/\\\/www.bedigitaltogether.be\"],\"url\":\"https:\\\/\\\/www.bedigitaltogether.be\\\/de\\\/author\\\/lh_2l609ggp\\\/\"}]}<\/script>\n<!-- \/ Yoast SEO plugin. -->","yoast_head_json":{"title":"Google-Lehrg\u00e4nge - BeDigitalTogether - Be Digital Together","robots":{"index":"index","follow":"follow","max-snippet":"max-snippet:-1","max-image-preview":"max-image-preview:large","max-video-preview":"max-video-preview:-1"},"canonical":"https:\/\/www.bedigitaltogether.be\/de\/","og_locale":"de_DE","og_type":"article","og_title":"Google-Lehrg\u00e4nge - BeDigitalTogether - Be Digital Together","og_description":"Google bietet in Zusammenarbeit mit der \u00f6ffentlichen Arbeitsagentur VDAB ein kostenloses Vollzeit-Ausbildungsprogramm von vier Wochen zur Ausbildung junger Arbeitssuchender zum \u201edigitalen Koordinator\u201c an (polyvalenter Spezialist f\u00fcr digitales Marketing). Das Programm umfasst eine breite Palette mit digitalem Marketing zusammenh\u00e4ngender Themen und stattet die Teilnehmer mit s\u00e4mtlichen Kompetenzen aus, die sie f\u00fcr die direkte Einsetzbarkeit in einem [&hellip;]","og_url":"https:\/\/www.bedigitaltogether.be\/de\/","og_site_name":"BeDigitalTogether","article_published_time":"2022-03-31T12:40:55+00:00","article_modified_time":"2022-03-31T12:49:33+00:00","author":"admin","twitter_card":"summary_large_image","twitter_misc":{"Verfasst von":"admin"},"schema":{"@context":"https:\/\/schema.org","@graph":[{"@type":"Article","@id":"https:\/\/www.bedigitaltogether.be\/de\/google-lehrgaenge\/#article","isPartOf":{"@id":"https:\/\/www.bedigitaltogether.be\/de\/google-lehrgaenge\/"},"author":{"name":"admin","@id":"https:\/\/www.bedigitaltogether.be\/de\/#\/schema\/person\/b56960572f725379f0873aa9fbd131c9"},"headline":"Google-Lehrg\u00e4nge","datePublished":"2022-03-31T12:40:55+00:00","dateModified":"2022-03-31T12:49:33+00:00","mainEntityOfPage":{"@id":"https:\/\/www.bedigitaltogether.be\/de\/google-lehrgaenge\/"},"wordCount":94,"commentCount":0,"keywords":["Ausbildung"],"articleSection":["Arbeitswelt"],"inLanguage":"de","potentialAction":[{"@type":"CommentAction","name":"Comment","target":["https:\/\/www.bedigitaltogether.be\/de\/google-lehrgaenge\/#respond"]}]},{"@type":"WebPage","@id":"https:\/\/www.bedigitaltogether.be\/de\/google-lehrgaenge\/","url":"https:\/\/www.bedigitaltogether.be\/de\/google-lehrgaenge\/","name":"Google-Lehrg\u00e4nge - BeDigitalTogether - Be Digital Together","isPartOf":{"@id":"https:\/\/www.bedigitaltogether.be\/de\/#website"},"datePublished":"2022-03-31T12:40:55+00:00","dateModified":"2022-03-31T12:49:33+00:00","author":{"@id":"https:\/\/www.bedigitaltogether.be\/de\/#\/schema\/person\/b56960572f725379f0873aa9fbd131c9"},"breadcrumb":{"@id":"https:\/\/www.bedigitaltogether.be\/de\/google-lehrgaenge\/#breadcrumb"},"inLanguage":"de","potentialAction":[{"@type":"ReadAction","target":["https:\/\/www.bedigitaltogether.be\/de\/google-lehrgaenge\/"]}]},{"@type":"BreadcrumbList","@id":"https:\/\/www.bedigitaltogether.be\/de\/google-lehrgaenge\/#breadcrumb","itemListElement":[{"@type":"ListItem","position":1,"name":"Zuhause","item":"https:\/\/www.bedigitaltogether.be\/de\/"},{"@type":"ListItem","position":2,"name":"Arbeitswelt","item":"https:\/\/www.bedigitaltogether.be\/de\/category\/arbeitswelt\/"},{"@type":"ListItem","position":3,"name":"Google-Lehrg\u00e4nge"}]},{"@type":"WebSite","@id":"https:\/\/www.bedigitaltogether.be\/de\/#website","url":"https:\/\/www.bedigitaltogether.be\/de\/","name":"BeDigitalTogether","description":"","potentialAction":[{"@type":"SearchAction","target":{"@type":"EntryPoint","urlTemplate":"https:\/\/www.bedigitaltogether.be\/de\/?s={search_term_string}"},"query-input":{"@type":"PropertyValueSpecification","valueRequired":true,"valueName":"search_term_string"}}],"inLanguage":"de"},{"@type":"Person","@id":"https:\/\/www.bedigitaltogether.be\/de\/#\/schema\/person\/b56960572f725379f0873aa9fbd131c9","name":"admin","image":{"@type":"ImageObject","inLanguage":"de","@id":"https:\/\/secure.gravatar.com\/avatar\/c64dbd098148d05d0d68c4c59f1bc02d90e703757e02c60e5fa7878c6f6c4855?s=96&d=mm&r=g","url":"https:\/\/secure.gravatar.com\/avatar\/c64dbd098148d05d0d68c4c59f1bc02d90e703757e02c60e5fa7878c6f6c4855?s=96&d=mm&r=g","contentUrl":"https:\/\/secure.gravatar.com\/avatar\/c64dbd098148d05d0d68c4c59f1bc02d90e703757e02c60e5fa7878c6f6c4855?s=96&d=mm&r=g","caption":"admin"},"sameAs":["https:\/\/www.bedigitaltogether.be"],"url":"https:\/\/www.bedigitaltogether.be\/de\/author\/lh_2l609ggp\/"}]}},"_links":{"self":[{"href":"https:\/\/www.bedigitaltogether.be\/de\/wp-json\/wp\/v2\/posts\/6918","targetHints":{"allow":["GET"]}}],"collection":[{"href":"https:\/\/www.bedigitaltogether.be\/de\/wp-json\/wp\/v2\/posts"}],"about":[{"href":"https:\/\/www.bedigitaltogether.be\/de\/wp-json\/wp\/v2\/types\/post"}],"author":[{"embeddable":true,"href":"https:\/\/www.bedigitaltogether.be\/de\/wp-json\/wp\/v2\/users\/1"}],"replies":[{"embeddable":true,"href":"https:\/\/www.bedigitaltogether.be\/de\/wp-json\/wp\/v2\/comments?post=6918"}],"version-history":[{"count":1,"href":"https:\/\/www.bedigitaltogether.be\/de\/wp-json\/wp\/v2\/posts\/6918\/revisions"}],"predecessor-version":[{"id":6919,"href":"https:\/\/www.bedigitaltogether.be\/de\/wp-json\/wp\/v2\/posts\/6918\/revisions\/6919"}],"wp:attachment":[{"href":"https:\/\/www.bedigitaltogether.be\/de\/wp-json\/wp\/v2\/media?parent=6918"}],"wp:term":[{"taxonomy":"category","embeddable":true,"href":"https:\/\/www.bedigitaltogether.be\/de\/wp-json\/wp\/v2\/categories?post=6918"},{"taxonomy":"post_tag","embeddable":true,"href":"https:\/\/www.bedigitaltogether.be\/de\/wp-json\/wp\/v2\/tags?post=6918"},{"taxonomy":"active","embeddable":true,"href":"https:\/\/www.bedigitaltogether.be\/de\/wp-json\/wp\/v2\/active?post=6918"}],"curies":[{"name":"wp","href":"https:\/\/api.w.org\/{rel}","templated":true}]}}