{"id":6857,"date":"2022-03-31T12:07:53","date_gmt":"2022-03-31T12:07:53","guid":{"rendered":"https:\/\/godigitall.artwhere.co\/digiskills-belgium\/"},"modified":"2022-07-19T07:49:10","modified_gmt":"2022-07-19T07:49:10","slug":"digiskills-belgium","status":"publish","type":"post","link":"https:\/\/www.bedigitaltogether.be\/de\/digiskills-belgium\/","title":{"rendered":"DigiSkills Belgium"},"content":{"rendered":"\n<p>Am 18. November hat die Belgian National Digital Skills &amp; Jobs Coalition online ein \u00d6kosystem herausgebracht, das Initiativen und Lehrg\u00e4nge f\u00fcr alle belgischen B\u00fcrger zusammenbringt, die ihre digitalen Kompetenzen verbessern oder auf Vordermann bringen wollen. Zweck der Webplattform ist es, eine Referenz f\u00fcr die digitalen Kompetenzen in Belgien zu werden. Durch Vereinigung von Bildungs- und Lehrgangsanbietern, von Handels- und Unternehmensvereinigungen, von IT-Gesellschaften und sonstigen Akteuren mit dem gemeinsamen Ziel, Wissen zu teilen, beabsichtigt DigiSkills Belgium, die L\u00fccke bei den digitalen Kompetenzen auf nationaler Ebene zu schlie\u00dfen und eine nachhaltige Antwort auf den Talentmangel zu geben.<\/p>\n","protected":false},"excerpt":{"rendered":"<p>Am 18. November hat die Belgian National Digital Skills &amp; Jobs Coalition online ein \u00d6kosystem herausgebracht, das Initiativen und Lehrg\u00e4nge f\u00fcr alle belgischen B\u00fcrger zusammenbringt, die ihre digitalen Kompetenzen verbessern oder auf Vordermann bringen wollen. Zweck der Webplattform ist es, eine Referenz f\u00fcr die digitalen Kompetenzen in Belgien zu werden. Durch Vereinigung von Bildungs- und [&hellip;]<\/p>\n","protected":false},"author":1,"featured_media":0,"comment_status":"open","ping_status":"closed","sticky":false,"template":"","format":"standard","meta":{"_acf_changed":false,"footnotes":""},"categories":[102,92],"tags":[115,73],"active":[147],"class_list":["post-6857","post","type-post","status-publish","format-standard","hentry","category-studien","category-studies","tag-geschichte","tag-story","active-active-de"],"acf":[],"yoast_head":"<!-- This site is optimized with the Yoast SEO plugin v27.5 - https:\/\/yoast.com\/product\/yoast-seo-wordpress\/ -->\n<title>DigiSkills Belgium - BeDigitalTogether - Be Digital Together<\/title>\n<meta name=\"robots\" content=\"index, follow, max-snippet:-1, max-image-preview:large, max-video-preview:-1\" \/>\n<link rel=\"canonical\" href=\"https:\/\/www.bedigitaltogether.be\/de\/\" \/>\n<meta property=\"og:locale\" content=\"de_DE\" \/>\n<meta property=\"og:type\" content=\"article\" \/>\n<meta property=\"og:title\" content=\"DigiSkills Belgium - BeDigitalTogether - Be Digital Together\" \/>\n<meta property=\"og:description\" content=\"Am 18. November hat die Belgian National Digital Skills &amp; Jobs Coalition online ein \u00d6kosystem herausgebracht, das Initiativen und Lehrg\u00e4nge f\u00fcr alle belgischen B\u00fcrger zusammenbringt, die ihre digitalen Kompetenzen verbessern oder auf Vordermann bringen wollen. Zweck der Webplattform ist es, eine Referenz f\u00fcr die digitalen Kompetenzen in Belgien zu werden. Durch Vereinigung von Bildungs- und [&hellip;]\" \/>\n<meta property=\"og:url\" content=\"https:\/\/www.bedigitaltogether.be\/de\/\" \/>\n<meta property=\"og:site_name\" content=\"BeDigitalTogether\" \/>\n<meta property=\"article:published_time\" content=\"2022-03-31T12:07:53+00:00\" \/>\n<meta property=\"article:modified_time\" content=\"2022-07-19T07:49:10+00:00\" \/>\n<meta name=\"author\" content=\"admin\" \/>\n<meta name=\"twitter:card\" content=\"summary_large_image\" \/>\n<meta name=\"twitter:label1\" content=\"Verfasst von\" \/>\n\t<meta name=\"twitter:data1\" content=\"admin\" \/>\n\t<meta name=\"twitter:label2\" content=\"Gesch\u00e4tzte Lesezeit\" \/>\n\t<meta name=\"twitter:data2\" content=\"1\u00a0Minute\" \/>\n<script type=\"application\/ld+json\" class=\"yoast-schema-graph\">{\"@context\":\"https:\\\/\\\/schema.org\",\"@graph\":[{\"@type\":\"Article\",\"@id\":\"https:\\\/\\\/www.bedigitaltogether.be\\\/de\\\/digiskills-belgium\\\/#article\",\"isPartOf\":{\"@id\":\"https:\\\/\\\/www.bedigitaltogether.be\\\/de\\\/digiskills-belgium\\\/\"},\"author\":{\"name\":\"admin\",\"@id\":\"https:\\\/\\\/www.bedigitaltogether.be\\\/de\\\/#\\\/schema\\\/person\\\/b56960572f725379f0873aa9fbd131c9\"},\"headline\":\"DigiSkills Belgium\",\"datePublished\":\"2022-03-31T12:07:53+00:00\",\"dateModified\":\"2022-07-19T07:49:10+00:00\",\"mainEntityOfPage\":{\"@id\":\"https:\\\/\\\/www.bedigitaltogether.be\\\/de\\\/digiskills-belgium\\\/\"},\"wordCount\":102,\"commentCount\":0,\"keywords\":[\"Geschichte\",\"Story\"],\"articleSection\":[\"Studien\",\"Studies\"],\"inLanguage\":\"de\",\"potentialAction\":[{\"@type\":\"CommentAction\",\"name\":\"Comment\",\"target\":[\"https:\\\/\\\/www.bedigitaltogether.be\\\/de\\\/digiskills-belgium\\\/#respond\"]}]},{\"@type\":\"WebPage\",\"@id\":\"https:\\\/\\\/www.bedigitaltogether.be\\\/de\\\/digiskills-belgium\\\/\",\"url\":\"https:\\\/\\\/www.bedigitaltogether.be\\\/de\\\/digiskills-belgium\\\/\",\"name\":\"DigiSkills Belgium - BeDigitalTogether - Be Digital Together\",\"isPartOf\":{\"@id\":\"https:\\\/\\\/www.bedigitaltogether.be\\\/de\\\/#website\"},\"datePublished\":\"2022-03-31T12:07:53+00:00\",\"dateModified\":\"2022-07-19T07:49:10+00:00\",\"author\":{\"@id\":\"https:\\\/\\\/www.bedigitaltogether.be\\\/de\\\/#\\\/schema\\\/person\\\/b56960572f725379f0873aa9fbd131c9\"},\"breadcrumb\":{\"@id\":\"https:\\\/\\\/www.bedigitaltogether.be\\\/de\\\/digiskills-belgium\\\/#breadcrumb\"},\"inLanguage\":\"de\",\"potentialAction\":[{\"@type\":\"ReadAction\",\"target\":[\"https:\\\/\\\/www.bedigitaltogether.be\\\/de\\\/digiskills-belgium\\\/\"]}]},{\"@type\":\"BreadcrumbList\",\"@id\":\"https:\\\/\\\/www.bedigitaltogether.be\\\/de\\\/digiskills-belgium\\\/#breadcrumb\",\"itemListElement\":[{\"@type\":\"ListItem\",\"position\":1,\"name\":\"Zuhause\",\"item\":\"https:\\\/\\\/www.bedigitaltogether.be\\\/de\\\/\"},{\"@type\":\"ListItem\",\"position\":2,\"name\":\"Studien\",\"item\":\"https:\\\/\\\/www.bedigitaltogether.be\\\/de\\\/category\\\/studien\\\/\"},{\"@type\":\"ListItem\",\"position\":3,\"name\":\"DigiSkills Belgium\"}]},{\"@type\":\"WebSite\",\"@id\":\"https:\\\/\\\/www.bedigitaltogether.be\\\/de\\\/#website\",\"url\":\"https:\\\/\\\/www.bedigitaltogether.be\\\/de\\\/\",\"name\":\"BeDigitalTogether\",\"description\":\"\",\"potentialAction\":[{\"@type\":\"SearchAction\",\"target\":{\"@type\":\"EntryPoint\",\"urlTemplate\":\"https:\\\/\\\/www.bedigitaltogether.be\\\/de\\\/?s={search_term_string}\"},\"query-input\":{\"@type\":\"PropertyValueSpecification\",\"valueRequired\":true,\"valueName\":\"search_term_string\"}}],\"inLanguage\":\"de\"},{\"@type\":\"Person\",\"@id\":\"https:\\\/\\\/www.bedigitaltogether.be\\\/de\\\/#\\\/schema\\\/person\\\/b56960572f725379f0873aa9fbd131c9\",\"name\":\"admin\",\"image\":{\"@type\":\"ImageObject\",\"inLanguage\":\"de\",\"@id\":\"https:\\\/\\\/secure.gravatar.com\\\/avatar\\\/c64dbd098148d05d0d68c4c59f1bc02d90e703757e02c60e5fa7878c6f6c4855?s=96&d=mm&r=g\",\"url\":\"https:\\\/\\\/secure.gravatar.com\\\/avatar\\\/c64dbd098148d05d0d68c4c59f1bc02d90e703757e02c60e5fa7878c6f6c4855?s=96&d=mm&r=g\",\"contentUrl\":\"https:\\\/\\\/secure.gravatar.com\\\/avatar\\\/c64dbd098148d05d0d68c4c59f1bc02d90e703757e02c60e5fa7878c6f6c4855?s=96&d=mm&r=g\",\"caption\":\"admin\"},\"sameAs\":[\"https:\\\/\\\/www.bedigitaltogether.be\"],\"url\":\"https:\\\/\\\/www.bedigitaltogether.be\\\/de\\\/author\\\/lh_2l609ggp\\\/\"}]}<\/script>\n<!-- \/ Yoast SEO plugin. -->","yoast_head_json":{"title":"DigiSkills Belgium - BeDigitalTogether - Be Digital Together","robots":{"index":"index","follow":"follow","max-snippet":"max-snippet:-1","max-image-preview":"max-image-preview:large","max-video-preview":"max-video-preview:-1"},"canonical":"https:\/\/www.bedigitaltogether.be\/de\/","og_locale":"de_DE","og_type":"article","og_title":"DigiSkills Belgium - BeDigitalTogether - Be Digital Together","og_description":"Am 18. November hat die Belgian National Digital Skills &amp; Jobs Coalition online ein \u00d6kosystem herausgebracht, das Initiativen und Lehrg\u00e4nge f\u00fcr alle belgischen B\u00fcrger zusammenbringt, die ihre digitalen Kompetenzen verbessern oder auf Vordermann bringen wollen. Zweck der Webplattform ist es, eine Referenz f\u00fcr die digitalen Kompetenzen in Belgien zu werden. Durch Vereinigung von Bildungs- und [&hellip;]","og_url":"https:\/\/www.bedigitaltogether.be\/de\/","og_site_name":"BeDigitalTogether","article_published_time":"2022-03-31T12:07:53+00:00","article_modified_time":"2022-07-19T07:49:10+00:00","author":"admin","twitter_card":"summary_large_image","twitter_misc":{"Verfasst von":"admin","Gesch\u00e4tzte Lesezeit":"1\u00a0Minute"},"schema":{"@context":"https:\/\/schema.org","@graph":[{"@type":"Article","@id":"https:\/\/www.bedigitaltogether.be\/de\/digiskills-belgium\/#article","isPartOf":{"@id":"https:\/\/www.bedigitaltogether.be\/de\/digiskills-belgium\/"},"author":{"name":"admin","@id":"https:\/\/www.bedigitaltogether.be\/de\/#\/schema\/person\/b56960572f725379f0873aa9fbd131c9"},"headline":"DigiSkills Belgium","datePublished":"2022-03-31T12:07:53+00:00","dateModified":"2022-07-19T07:49:10+00:00","mainEntityOfPage":{"@id":"https:\/\/www.bedigitaltogether.be\/de\/digiskills-belgium\/"},"wordCount":102,"commentCount":0,"keywords":["Geschichte","Story"],"articleSection":["Studien","Studies"],"inLanguage":"de","potentialAction":[{"@type":"CommentAction","name":"Comment","target":["https:\/\/www.bedigitaltogether.be\/de\/digiskills-belgium\/#respond"]}]},{"@type":"WebPage","@id":"https:\/\/www.bedigitaltogether.be\/de\/digiskills-belgium\/","url":"https:\/\/www.bedigitaltogether.be\/de\/digiskills-belgium\/","name":"DigiSkills Belgium - BeDigitalTogether - Be Digital Together","isPartOf":{"@id":"https:\/\/www.bedigitaltogether.be\/de\/#website"},"datePublished":"2022-03-31T12:07:53+00:00","dateModified":"2022-07-19T07:49:10+00:00","author":{"@id":"https:\/\/www.bedigitaltogether.be\/de\/#\/schema\/person\/b56960572f725379f0873aa9fbd131c9"},"breadcrumb":{"@id":"https:\/\/www.bedigitaltogether.be\/de\/digiskills-belgium\/#breadcrumb"},"inLanguage":"de","potentialAction":[{"@type":"ReadAction","target":["https:\/\/www.bedigitaltogether.be\/de\/digiskills-belgium\/"]}]},{"@type":"BreadcrumbList","@id":"https:\/\/www.bedigitaltogether.be\/de\/digiskills-belgium\/#breadcrumb","itemListElement":[{"@type":"ListItem","position":1,"name":"Zuhause","item":"https:\/\/www.bedigitaltogether.be\/de\/"},{"@type":"ListItem","position":2,"name":"Studien","item":"https:\/\/www.bedigitaltogether.be\/de\/category\/studien\/"},{"@type":"ListItem","position":3,"name":"DigiSkills Belgium"}]},{"@type":"WebSite","@id":"https:\/\/www.bedigitaltogether.be\/de\/#website","url":"https:\/\/www.bedigitaltogether.be\/de\/","name":"BeDigitalTogether","description":"","potentialAction":[{"@type":"SearchAction","target":{"@type":"EntryPoint","urlTemplate":"https:\/\/www.bedigitaltogether.be\/de\/?s={search_term_string}"},"query-input":{"@type":"PropertyValueSpecification","valueRequired":true,"valueName":"search_term_string"}}],"inLanguage":"de"},{"@type":"Person","@id":"https:\/\/www.bedigitaltogether.be\/de\/#\/schema\/person\/b56960572f725379f0873aa9fbd131c9","name":"admin","image":{"@type":"ImageObject","inLanguage":"de","@id":"https:\/\/secure.gravatar.com\/avatar\/c64dbd098148d05d0d68c4c59f1bc02d90e703757e02c60e5fa7878c6f6c4855?s=96&d=mm&r=g","url":"https:\/\/secure.gravatar.com\/avatar\/c64dbd098148d05d0d68c4c59f1bc02d90e703757e02c60e5fa7878c6f6c4855?s=96&d=mm&r=g","contentUrl":"https:\/\/secure.gravatar.com\/avatar\/c64dbd098148d05d0d68c4c59f1bc02d90e703757e02c60e5fa7878c6f6c4855?s=96&d=mm&r=g","caption":"admin"},"sameAs":["https:\/\/www.bedigitaltogether.be"],"url":"https:\/\/www.bedigitaltogether.be\/de\/author\/lh_2l609ggp\/"}]}},"_links":{"self":[{"href":"https:\/\/www.bedigitaltogether.be\/de\/wp-json\/wp\/v2\/posts\/6857","targetHints":{"allow":["GET"]}}],"collection":[{"href":"https:\/\/www.bedigitaltogether.be\/de\/wp-json\/wp\/v2\/posts"}],"about":[{"href":"https:\/\/www.bedigitaltogether.be\/de\/wp-json\/wp\/v2\/types\/post"}],"author":[{"embeddable":true,"href":"https:\/\/www.bedigitaltogether.be\/de\/wp-json\/wp\/v2\/users\/1"}],"replies":[{"embeddable":true,"href":"https:\/\/www.bedigitaltogether.be\/de\/wp-json\/wp\/v2\/comments?post=6857"}],"version-history":[{"count":1,"href":"https:\/\/www.bedigitaltogether.be\/de\/wp-json\/wp\/v2\/posts\/6857\/revisions"}],"predecessor-version":[{"id":6858,"href":"https:\/\/www.bedigitaltogether.be\/de\/wp-json\/wp\/v2\/posts\/6857\/revisions\/6858"}],"wp:attachment":[{"href":"https:\/\/www.bedigitaltogether.be\/de\/wp-json\/wp\/v2\/media?parent=6857"}],"wp:term":[{"taxonomy":"category","embeddable":true,"href":"https:\/\/www.bedigitaltogether.be\/de\/wp-json\/wp\/v2\/categories?post=6857"},{"taxonomy":"post_tag","embeddable":true,"href":"https:\/\/www.bedigitaltogether.be\/de\/wp-json\/wp\/v2\/tags?post=6857"},{"taxonomy":"active","embeddable":true,"href":"https:\/\/www.bedigitaltogether.be\/de\/wp-json\/wp\/v2\/active?post=6857"}],"curies":[{"name":"wp","href":"https:\/\/api.w.org\/{rel}","templated":true}]}}