{"id":6828,"date":"2022-03-31T09:40:19","date_gmt":"2022-03-31T09:40:19","guid":{"rendered":"https:\/\/godigitall.artwhere.co\/investitionen-in-die-it-infrastruktur-von-schulen\/"},"modified":"2022-03-31T11:55:44","modified_gmt":"2022-03-31T11:55:44","slug":"investitionen-in-die-it-infrastruktur-von-schulen","status":"publish","type":"post","link":"https:\/\/www.bedigitaltogether.be\/de\/investitionen-in-die-it-infrastruktur-von-schulen\/","title":{"rendered":"Investitionen in die IT-Infrastruktur von Schulen"},"content":{"rendered":"\n<p>Investitionen in die IT-Infrastruktur in Schulen und in IT-Ger\u00e4te f\u00fcr den gemeinsamen Gebrauch in jeder Klasse vom ersten bis zum vierten Schuljahr des Primarschulunterrichts. Au\u00dferdem sehen wir Mittel f\u00fcr die Bereitstellung eines eigenen IT-Ger\u00e4ts f\u00fcr die Sch\u00fcler des f\u00fcnften und sechsten Schuljahres des Primarschulunterrichts vor.<\/p>\n\n<p>Au\u00dferdem schaffen wir die notwendigen Rahmenbedingungen f\u00fcr Primarschulen, u. a. mit einem besseren Status f\u00fcr den IT-Koordinator der Schule, den Ausbau der digitalen Dienstleistung an Schulen und einem Wissens- und Beratungszentrum f\u00fcr den T\u00e4tigkeitsbereich. Es kommen angemessene IT-Lehrg\u00e4nge f\u00fcr Lehrkr\u00e4fte, und in den Lehrerausbildungen werden digitale Kompetenzen ber\u00fccksichtigt. Lehrkr\u00e4fte statten wir mit IT-Ausr\u00fcstung aus.<\/p>\n\n<p>Verschiedene Ma\u00dfnahmen konzentrieren sich auf qualitativ hochstehendes digitales Unterrichtsmaterial und f\u00f6rdern die Kreativit\u00e4t. Der Ausbau von KlasCement als einmalige Plattform f\u00fcr erzieherisch \u201eoffenes\u201c Unterrichtsmaterial und die Weiterentwicklung des Archivs f\u00fcr den Unterricht (\u201eArchief voor Onderwijs\u201c) zur Bereicherung der Unterrichtsmittel mit audiovisuellem Material. Au\u00dferdem gilt der Entwicklung digitalen Unterrichtsmaterials im Technischen Sekundarunterricht und im Beruflichen Sekundarunterricht besondere Aufmerksamkeit. Schlie\u00dflich sehen wir auch Cybersicherheit vor.<\/p>\n","protected":false},"excerpt":{"rendered":"<p>Investitionen in die IT-Infrastruktur in Schulen und in IT-Ger\u00e4te f\u00fcr den gemeinsamen Gebrauch in jeder Klasse vom ersten bis zum vierten Schuljahr des Primarschulunterrichts. Au\u00dferdem sehen wir Mittel f\u00fcr die Bereitstellung eines eigenen IT-Ger\u00e4ts f\u00fcr die Sch\u00fcler des f\u00fcnften und sechsten Schuljahres des Primarschulunterrichts vor. Au\u00dferdem schaffen wir die notwendigen Rahmenbedingungen f\u00fcr Primarschulen, u. a. [&hellip;]<\/p>\n","protected":false},"author":1,"featured_media":0,"comment_status":"open","ping_status":"closed","sticky":false,"template":"","format":"standard","meta":{"_acf_changed":false,"footnotes":""},"categories":[102],"tags":[119],"active":[147],"class_list":["post-6828","post","type-post","status-publish","format-standard","hentry","category-studien","tag-initiative-de","active-active-de"],"acf":[],"yoast_head":"<!-- This site is optimized with the Yoast SEO plugin v27.5 - https:\/\/yoast.com\/product\/yoast-seo-wordpress\/ -->\n<title>Investitionen in die IT-Infrastruktur von Schulen - BeDigitalTogether - Be Digital Together<\/title>\n<meta name=\"robots\" content=\"index, follow, max-snippet:-1, max-image-preview:large, max-video-preview:-1\" \/>\n<link rel=\"canonical\" href=\"https:\/\/www.bedigitaltogether.be\/de\/\" \/>\n<meta property=\"og:locale\" content=\"de_DE\" \/>\n<meta property=\"og:type\" content=\"article\" \/>\n<meta property=\"og:title\" content=\"Investitionen in die IT-Infrastruktur von Schulen - BeDigitalTogether - Be Digital Together\" \/>\n<meta property=\"og:description\" content=\"Investitionen in die IT-Infrastruktur in Schulen und in IT-Ger\u00e4te f\u00fcr den gemeinsamen Gebrauch in jeder Klasse vom ersten bis zum vierten Schuljahr des Primarschulunterrichts. Au\u00dferdem sehen wir Mittel f\u00fcr die Bereitstellung eines eigenen IT-Ger\u00e4ts f\u00fcr die Sch\u00fcler des f\u00fcnften und sechsten Schuljahres des Primarschulunterrichts vor. Au\u00dferdem schaffen wir die notwendigen Rahmenbedingungen f\u00fcr Primarschulen, u. a. [&hellip;]\" \/>\n<meta property=\"og:url\" content=\"https:\/\/www.bedigitaltogether.be\/de\/\" \/>\n<meta property=\"og:site_name\" content=\"BeDigitalTogether\" \/>\n<meta property=\"article:published_time\" content=\"2022-03-31T09:40:19+00:00\" \/>\n<meta property=\"article:modified_time\" content=\"2022-03-31T11:55:44+00:00\" \/>\n<meta name=\"author\" content=\"admin\" \/>\n<meta name=\"twitter:card\" content=\"summary_large_image\" \/>\n<meta name=\"twitter:label1\" content=\"Verfasst von\" \/>\n\t<meta name=\"twitter:data1\" content=\"admin\" \/>\n\t<meta name=\"twitter:label2\" content=\"Gesch\u00e4tzte Lesezeit\" \/>\n\t<meta name=\"twitter:data2\" content=\"1\u00a0Minute\" \/>\n<script type=\"application\/ld+json\" class=\"yoast-schema-graph\">{\"@context\":\"https:\\\/\\\/schema.org\",\"@graph\":[{\"@type\":\"Article\",\"@id\":\"https:\\\/\\\/www.bedigitaltogether.be\\\/de\\\/investitionen-in-die-it-infrastruktur-von-schulen\\\/#article\",\"isPartOf\":{\"@id\":\"https:\\\/\\\/www.bedigitaltogether.be\\\/de\\\/investitionen-in-die-it-infrastruktur-von-schulen\\\/\"},\"author\":{\"name\":\"admin\",\"@id\":\"https:\\\/\\\/www.bedigitaltogether.be\\\/de\\\/#\\\/schema\\\/person\\\/b56960572f725379f0873aa9fbd131c9\"},\"headline\":\"Investitionen in die IT-Infrastruktur von Schulen\",\"datePublished\":\"2022-03-31T09:40:19+00:00\",\"dateModified\":\"2022-03-31T11:55:44+00:00\",\"mainEntityOfPage\":{\"@id\":\"https:\\\/\\\/www.bedigitaltogether.be\\\/de\\\/investitionen-in-die-it-infrastruktur-von-schulen\\\/\"},\"wordCount\":194,\"commentCount\":0,\"keywords\":[\"Initiative\"],\"articleSection\":[\"Studien\"],\"inLanguage\":\"de\",\"potentialAction\":[{\"@type\":\"CommentAction\",\"name\":\"Comment\",\"target\":[\"https:\\\/\\\/www.bedigitaltogether.be\\\/de\\\/investitionen-in-die-it-infrastruktur-von-schulen\\\/#respond\"]}]},{\"@type\":\"WebPage\",\"@id\":\"https:\\\/\\\/www.bedigitaltogether.be\\\/de\\\/investitionen-in-die-it-infrastruktur-von-schulen\\\/\",\"url\":\"https:\\\/\\\/www.bedigitaltogether.be\\\/de\\\/investitionen-in-die-it-infrastruktur-von-schulen\\\/\",\"name\":\"Investitionen in die IT-Infrastruktur von Schulen - BeDigitalTogether - Be Digital Together\",\"isPartOf\":{\"@id\":\"https:\\\/\\\/www.bedigitaltogether.be\\\/de\\\/#website\"},\"datePublished\":\"2022-03-31T09:40:19+00:00\",\"dateModified\":\"2022-03-31T11:55:44+00:00\",\"author\":{\"@id\":\"https:\\\/\\\/www.bedigitaltogether.be\\\/de\\\/#\\\/schema\\\/person\\\/b56960572f725379f0873aa9fbd131c9\"},\"breadcrumb\":{\"@id\":\"https:\\\/\\\/www.bedigitaltogether.be\\\/de\\\/investitionen-in-die-it-infrastruktur-von-schulen\\\/#breadcrumb\"},\"inLanguage\":\"de\",\"potentialAction\":[{\"@type\":\"ReadAction\",\"target\":[\"https:\\\/\\\/www.bedigitaltogether.be\\\/de\\\/investitionen-in-die-it-infrastruktur-von-schulen\\\/\"]}]},{\"@type\":\"BreadcrumbList\",\"@id\":\"https:\\\/\\\/www.bedigitaltogether.be\\\/de\\\/investitionen-in-die-it-infrastruktur-von-schulen\\\/#breadcrumb\",\"itemListElement\":[{\"@type\":\"ListItem\",\"position\":1,\"name\":\"Zuhause\",\"item\":\"https:\\\/\\\/www.bedigitaltogether.be\\\/de\\\/\"},{\"@type\":\"ListItem\",\"position\":2,\"name\":\"Studien\",\"item\":\"https:\\\/\\\/www.bedigitaltogether.be\\\/de\\\/category\\\/studien\\\/\"},{\"@type\":\"ListItem\",\"position\":3,\"name\":\"Investitionen in die IT-Infrastruktur von Schulen\"}]},{\"@type\":\"WebSite\",\"@id\":\"https:\\\/\\\/www.bedigitaltogether.be\\\/de\\\/#website\",\"url\":\"https:\\\/\\\/www.bedigitaltogether.be\\\/de\\\/\",\"name\":\"BeDigitalTogether\",\"description\":\"\",\"potentialAction\":[{\"@type\":\"SearchAction\",\"target\":{\"@type\":\"EntryPoint\",\"urlTemplate\":\"https:\\\/\\\/www.bedigitaltogether.be\\\/de\\\/?s={search_term_string}\"},\"query-input\":{\"@type\":\"PropertyValueSpecification\",\"valueRequired\":true,\"valueName\":\"search_term_string\"}}],\"inLanguage\":\"de\"},{\"@type\":\"Person\",\"@id\":\"https:\\\/\\\/www.bedigitaltogether.be\\\/de\\\/#\\\/schema\\\/person\\\/b56960572f725379f0873aa9fbd131c9\",\"name\":\"admin\",\"image\":{\"@type\":\"ImageObject\",\"inLanguage\":\"de\",\"@id\":\"https:\\\/\\\/secure.gravatar.com\\\/avatar\\\/c64dbd098148d05d0d68c4c59f1bc02d90e703757e02c60e5fa7878c6f6c4855?s=96&d=mm&r=g\",\"url\":\"https:\\\/\\\/secure.gravatar.com\\\/avatar\\\/c64dbd098148d05d0d68c4c59f1bc02d90e703757e02c60e5fa7878c6f6c4855?s=96&d=mm&r=g\",\"contentUrl\":\"https:\\\/\\\/secure.gravatar.com\\\/avatar\\\/c64dbd098148d05d0d68c4c59f1bc02d90e703757e02c60e5fa7878c6f6c4855?s=96&d=mm&r=g\",\"caption\":\"admin\"},\"sameAs\":[\"https:\\\/\\\/www.bedigitaltogether.be\"],\"url\":\"https:\\\/\\\/www.bedigitaltogether.be\\\/de\\\/author\\\/lh_2l609ggp\\\/\"}]}<\/script>\n<!-- \/ Yoast SEO plugin. -->","yoast_head_json":{"title":"Investitionen in die IT-Infrastruktur von Schulen - BeDigitalTogether - Be Digital Together","robots":{"index":"index","follow":"follow","max-snippet":"max-snippet:-1","max-image-preview":"max-image-preview:large","max-video-preview":"max-video-preview:-1"},"canonical":"https:\/\/www.bedigitaltogether.be\/de\/","og_locale":"de_DE","og_type":"article","og_title":"Investitionen in die IT-Infrastruktur von Schulen - BeDigitalTogether - Be Digital Together","og_description":"Investitionen in die IT-Infrastruktur in Schulen und in IT-Ger\u00e4te f\u00fcr den gemeinsamen Gebrauch in jeder Klasse vom ersten bis zum vierten Schuljahr des Primarschulunterrichts. Au\u00dferdem sehen wir Mittel f\u00fcr die Bereitstellung eines eigenen IT-Ger\u00e4ts f\u00fcr die Sch\u00fcler des f\u00fcnften und sechsten Schuljahres des Primarschulunterrichts vor. Au\u00dferdem schaffen wir die notwendigen Rahmenbedingungen f\u00fcr Primarschulen, u. a. [&hellip;]","og_url":"https:\/\/www.bedigitaltogether.be\/de\/","og_site_name":"BeDigitalTogether","article_published_time":"2022-03-31T09:40:19+00:00","article_modified_time":"2022-03-31T11:55:44+00:00","author":"admin","twitter_card":"summary_large_image","twitter_misc":{"Verfasst von":"admin","Gesch\u00e4tzte Lesezeit":"1\u00a0Minute"},"schema":{"@context":"https:\/\/schema.org","@graph":[{"@type":"Article","@id":"https:\/\/www.bedigitaltogether.be\/de\/investitionen-in-die-it-infrastruktur-von-schulen\/#article","isPartOf":{"@id":"https:\/\/www.bedigitaltogether.be\/de\/investitionen-in-die-it-infrastruktur-von-schulen\/"},"author":{"name":"admin","@id":"https:\/\/www.bedigitaltogether.be\/de\/#\/schema\/person\/b56960572f725379f0873aa9fbd131c9"},"headline":"Investitionen in die IT-Infrastruktur von Schulen","datePublished":"2022-03-31T09:40:19+00:00","dateModified":"2022-03-31T11:55:44+00:00","mainEntityOfPage":{"@id":"https:\/\/www.bedigitaltogether.be\/de\/investitionen-in-die-it-infrastruktur-von-schulen\/"},"wordCount":194,"commentCount":0,"keywords":["Initiative"],"articleSection":["Studien"],"inLanguage":"de","potentialAction":[{"@type":"CommentAction","name":"Comment","target":["https:\/\/www.bedigitaltogether.be\/de\/investitionen-in-die-it-infrastruktur-von-schulen\/#respond"]}]},{"@type":"WebPage","@id":"https:\/\/www.bedigitaltogether.be\/de\/investitionen-in-die-it-infrastruktur-von-schulen\/","url":"https:\/\/www.bedigitaltogether.be\/de\/investitionen-in-die-it-infrastruktur-von-schulen\/","name":"Investitionen in die IT-Infrastruktur von Schulen - BeDigitalTogether - Be Digital Together","isPartOf":{"@id":"https:\/\/www.bedigitaltogether.be\/de\/#website"},"datePublished":"2022-03-31T09:40:19+00:00","dateModified":"2022-03-31T11:55:44+00:00","author":{"@id":"https:\/\/www.bedigitaltogether.be\/de\/#\/schema\/person\/b56960572f725379f0873aa9fbd131c9"},"breadcrumb":{"@id":"https:\/\/www.bedigitaltogether.be\/de\/investitionen-in-die-it-infrastruktur-von-schulen\/#breadcrumb"},"inLanguage":"de","potentialAction":[{"@type":"ReadAction","target":["https:\/\/www.bedigitaltogether.be\/de\/investitionen-in-die-it-infrastruktur-von-schulen\/"]}]},{"@type":"BreadcrumbList","@id":"https:\/\/www.bedigitaltogether.be\/de\/investitionen-in-die-it-infrastruktur-von-schulen\/#breadcrumb","itemListElement":[{"@type":"ListItem","position":1,"name":"Zuhause","item":"https:\/\/www.bedigitaltogether.be\/de\/"},{"@type":"ListItem","position":2,"name":"Studien","item":"https:\/\/www.bedigitaltogether.be\/de\/category\/studien\/"},{"@type":"ListItem","position":3,"name":"Investitionen in die IT-Infrastruktur von Schulen"}]},{"@type":"WebSite","@id":"https:\/\/www.bedigitaltogether.be\/de\/#website","url":"https:\/\/www.bedigitaltogether.be\/de\/","name":"BeDigitalTogether","description":"","potentialAction":[{"@type":"SearchAction","target":{"@type":"EntryPoint","urlTemplate":"https:\/\/www.bedigitaltogether.be\/de\/?s={search_term_string}"},"query-input":{"@type":"PropertyValueSpecification","valueRequired":true,"valueName":"search_term_string"}}],"inLanguage":"de"},{"@type":"Person","@id":"https:\/\/www.bedigitaltogether.be\/de\/#\/schema\/person\/b56960572f725379f0873aa9fbd131c9","name":"admin","image":{"@type":"ImageObject","inLanguage":"de","@id":"https:\/\/secure.gravatar.com\/avatar\/c64dbd098148d05d0d68c4c59f1bc02d90e703757e02c60e5fa7878c6f6c4855?s=96&d=mm&r=g","url":"https:\/\/secure.gravatar.com\/avatar\/c64dbd098148d05d0d68c4c59f1bc02d90e703757e02c60e5fa7878c6f6c4855?s=96&d=mm&r=g","contentUrl":"https:\/\/secure.gravatar.com\/avatar\/c64dbd098148d05d0d68c4c59f1bc02d90e703757e02c60e5fa7878c6f6c4855?s=96&d=mm&r=g","caption":"admin"},"sameAs":["https:\/\/www.bedigitaltogether.be"],"url":"https:\/\/www.bedigitaltogether.be\/de\/author\/lh_2l609ggp\/"}]}},"_links":{"self":[{"href":"https:\/\/www.bedigitaltogether.be\/de\/wp-json\/wp\/v2\/posts\/6828","targetHints":{"allow":["GET"]}}],"collection":[{"href":"https:\/\/www.bedigitaltogether.be\/de\/wp-json\/wp\/v2\/posts"}],"about":[{"href":"https:\/\/www.bedigitaltogether.be\/de\/wp-json\/wp\/v2\/types\/post"}],"author":[{"embeddable":true,"href":"https:\/\/www.bedigitaltogether.be\/de\/wp-json\/wp\/v2\/users\/1"}],"replies":[{"embeddable":true,"href":"https:\/\/www.bedigitaltogether.be\/de\/wp-json\/wp\/v2\/comments?post=6828"}],"version-history":[{"count":1,"href":"https:\/\/www.bedigitaltogether.be\/de\/wp-json\/wp\/v2\/posts\/6828\/revisions"}],"predecessor-version":[{"id":6829,"href":"https:\/\/www.bedigitaltogether.be\/de\/wp-json\/wp\/v2\/posts\/6828\/revisions\/6829"}],"wp:attachment":[{"href":"https:\/\/www.bedigitaltogether.be\/de\/wp-json\/wp\/v2\/media?parent=6828"}],"wp:term":[{"taxonomy":"category","embeddable":true,"href":"https:\/\/www.bedigitaltogether.be\/de\/wp-json\/wp\/v2\/categories?post=6828"},{"taxonomy":"post_tag","embeddable":true,"href":"https:\/\/www.bedigitaltogether.be\/de\/wp-json\/wp\/v2\/tags?post=6828"},{"taxonomy":"active","embeddable":true,"href":"https:\/\/www.bedigitaltogether.be\/de\/wp-json\/wp\/v2\/active?post=6828"}],"curies":[{"name":"wp","href":"https:\/\/api.w.org\/{rel}","templated":true}]}}