{"id":6819,"date":"2022-03-31T09:30:57","date_gmt":"2022-03-31T09:30:57","guid":{"rendered":"https:\/\/godigitall.artwhere.co\/konferenz-um-die-frauen-in-der-tech-und-der-digitalen-welt-zu-feiern\/"},"modified":"2022-03-31T12:09:19","modified_gmt":"2022-03-31T12:09:19","slug":"konferenz-um-die-frauen-in-der-tech-und-der-digitalen-welt-zu-feiern","status":"publish","type":"post","link":"https:\/\/www.bedigitaltogether.be\/de\/konferenz-um-die-frauen-in-der-tech-und-der-digitalen-welt-zu-feiern\/","title":{"rendered":"Konferenz, um die Frauen in der Tech- und der digitalen Welt zu feiern"},"content":{"rendered":"\n<p>Die Womenpreneur Conference ist eine Veranstaltung, die durchgef\u00fchrt wird, um die Frauen in der Tech- und Digitalwelt zu feiern und um das Interesse der Frauen aus allen Schichten f\u00fcr diese technologische und wirtschaftliche Welt zu wecken. Die Womenpreneur Conference wird durch au\u00dfergew\u00f6hnliche G\u00e4ste aus diesem Bereich mitgestaltet, damit sie ihre Geschichte erz\u00e4hlen und die gegenw\u00e4rtigen und zuk\u00fcnftigen Tendenzen in der digitalen Welt und in Bezug auf die Stellung der Frau in dieser Branche kommentieren k\u00f6nnen. Parallel werden Entdeckungs-Workshops veranstaltet und verschiedene Tech-Unternehmen haben die M\u00f6glichkeit, einen Stand zu unterhalten, damit ihre Innovationen entdeckt werden k\u00f6nnen. Die Womenpreneur Conference muss als eine St\u00e4tte der Erkundung, der Inspiration und der Begegnung konzipiert werden.<\/p>\n","protected":false},"excerpt":{"rendered":"<p>Die Womenpreneur Conference ist eine Veranstaltung, die durchgef\u00fchrt wird, um die Frauen in der Tech- und Digitalwelt zu feiern und um das Interesse der Frauen aus allen Schichten f\u00fcr diese technologische und wirtschaftliche Welt zu wecken. Die Womenpreneur Conference wird durch au\u00dfergew\u00f6hnliche G\u00e4ste aus diesem Bereich mitgestaltet, damit sie ihre Geschichte erz\u00e4hlen und die gegenw\u00e4rtigen [&hellip;]<\/p>\n","protected":false},"author":1,"featured_media":0,"comment_status":"open","ping_status":"closed","sticky":false,"template":"","format":"standard","meta":{"_acf_changed":false,"footnotes":""},"categories":[108,105,111,102],"tags":[121],"active":[147],"class_list":["post-6819","post","type-post","status-publish","format-standard","hentry","category-bilder","category-frauen-im-digitalen-halten","category-geschlechterungleichheit","category-studien","tag-fall","active-active-de"],"acf":[],"yoast_head":"<!-- This site is optimized with the Yoast SEO plugin v27.5 - https:\/\/yoast.com\/product\/yoast-seo-wordpress\/ -->\n<title>Konferenz, um die Frauen in der Tech- und der digitalen Welt zu feiern - BeDigitalTogether - Be Digital Together<\/title>\n<meta name=\"robots\" content=\"index, follow, max-snippet:-1, max-image-preview:large, max-video-preview:-1\" \/>\n<link rel=\"canonical\" href=\"https:\/\/www.bedigitaltogether.be\/de\/\" \/>\n<meta property=\"og:locale\" content=\"de_DE\" \/>\n<meta property=\"og:type\" content=\"article\" \/>\n<meta property=\"og:title\" content=\"Konferenz, um die Frauen in der Tech- und der digitalen Welt zu feiern - BeDigitalTogether - Be Digital Together\" \/>\n<meta property=\"og:description\" content=\"Die Womenpreneur Conference ist eine Veranstaltung, die durchgef\u00fchrt wird, um die Frauen in der Tech- und Digitalwelt zu feiern und um das Interesse der Frauen aus allen Schichten f\u00fcr diese technologische und wirtschaftliche Welt zu wecken. Die Womenpreneur Conference wird durch au\u00dfergew\u00f6hnliche G\u00e4ste aus diesem Bereich mitgestaltet, damit sie ihre Geschichte erz\u00e4hlen und die gegenw\u00e4rtigen [&hellip;]\" \/>\n<meta property=\"og:url\" content=\"https:\/\/www.bedigitaltogether.be\/de\/\" \/>\n<meta property=\"og:site_name\" content=\"BeDigitalTogether\" \/>\n<meta property=\"article:published_time\" content=\"2022-03-31T09:30:57+00:00\" \/>\n<meta property=\"article:modified_time\" content=\"2022-03-31T12:09:19+00:00\" \/>\n<meta name=\"author\" content=\"admin\" \/>\n<meta name=\"twitter:card\" content=\"summary_large_image\" \/>\n<meta name=\"twitter:label1\" content=\"Verfasst von\" \/>\n\t<meta name=\"twitter:data1\" content=\"admin\" \/>\n\t<meta name=\"twitter:label2\" content=\"Gesch\u00e4tzte Lesezeit\" \/>\n\t<meta name=\"twitter:data2\" content=\"1\u00a0Minute\" \/>\n<script type=\"application\/ld+json\" class=\"yoast-schema-graph\">{\"@context\":\"https:\\\/\\\/schema.org\",\"@graph\":[{\"@type\":\"Article\",\"@id\":\"https:\\\/\\\/www.bedigitaltogether.be\\\/de\\\/konferenz-um-die-frauen-in-der-tech-und-der-digitalen-welt-zu-feiern\\\/#article\",\"isPartOf\":{\"@id\":\"https:\\\/\\\/www.bedigitaltogether.be\\\/de\\\/konferenz-um-die-frauen-in-der-tech-und-der-digitalen-welt-zu-feiern\\\/\"},\"author\":{\"name\":\"admin\",\"@id\":\"https:\\\/\\\/www.bedigitaltogether.be\\\/de\\\/#\\\/schema\\\/person\\\/b56960572f725379f0873aa9fbd131c9\"},\"headline\":\"Konferenz, um die Frauen in der Tech- und der digitalen Welt zu feiern\",\"datePublished\":\"2022-03-31T09:30:57+00:00\",\"dateModified\":\"2022-03-31T12:09:19+00:00\",\"mainEntityOfPage\":{\"@id\":\"https:\\\/\\\/www.bedigitaltogether.be\\\/de\\\/konferenz-um-die-frauen-in-der-tech-und-der-digitalen-welt-zu-feiern\\\/\"},\"wordCount\":136,\"commentCount\":0,\"keywords\":[\"Fall\"],\"articleSection\":[\"Bilder\",\"Frauen im Digitalen halten\",\"Geschlechterungleichheit\",\"Studien\"],\"inLanguage\":\"de\",\"potentialAction\":[{\"@type\":\"CommentAction\",\"name\":\"Comment\",\"target\":[\"https:\\\/\\\/www.bedigitaltogether.be\\\/de\\\/konferenz-um-die-frauen-in-der-tech-und-der-digitalen-welt-zu-feiern\\\/#respond\"]}]},{\"@type\":\"WebPage\",\"@id\":\"https:\\\/\\\/www.bedigitaltogether.be\\\/de\\\/konferenz-um-die-frauen-in-der-tech-und-der-digitalen-welt-zu-feiern\\\/\",\"url\":\"https:\\\/\\\/www.bedigitaltogether.be\\\/de\\\/konferenz-um-die-frauen-in-der-tech-und-der-digitalen-welt-zu-feiern\\\/\",\"name\":\"Konferenz, um die Frauen in der Tech- und der digitalen Welt zu feiern - BeDigitalTogether - Be Digital Together\",\"isPartOf\":{\"@id\":\"https:\\\/\\\/www.bedigitaltogether.be\\\/de\\\/#website\"},\"datePublished\":\"2022-03-31T09:30:57+00:00\",\"dateModified\":\"2022-03-31T12:09:19+00:00\",\"author\":{\"@id\":\"https:\\\/\\\/www.bedigitaltogether.be\\\/de\\\/#\\\/schema\\\/person\\\/b56960572f725379f0873aa9fbd131c9\"},\"breadcrumb\":{\"@id\":\"https:\\\/\\\/www.bedigitaltogether.be\\\/de\\\/konferenz-um-die-frauen-in-der-tech-und-der-digitalen-welt-zu-feiern\\\/#breadcrumb\"},\"inLanguage\":\"de\",\"potentialAction\":[{\"@type\":\"ReadAction\",\"target\":[\"https:\\\/\\\/www.bedigitaltogether.be\\\/de\\\/konferenz-um-die-frauen-in-der-tech-und-der-digitalen-welt-zu-feiern\\\/\"]}]},{\"@type\":\"BreadcrumbList\",\"@id\":\"https:\\\/\\\/www.bedigitaltogether.be\\\/de\\\/konferenz-um-die-frauen-in-der-tech-und-der-digitalen-welt-zu-feiern\\\/#breadcrumb\",\"itemListElement\":[{\"@type\":\"ListItem\",\"position\":1,\"name\":\"Zuhause\",\"item\":\"https:\\\/\\\/www.bedigitaltogether.be\\\/de\\\/\"},{\"@type\":\"ListItem\",\"position\":2,\"name\":\"Studien\",\"item\":\"https:\\\/\\\/www.bedigitaltogether.be\\\/de\\\/category\\\/studien\\\/\"},{\"@type\":\"ListItem\",\"position\":3,\"name\":\"Konferenz, um die Frauen in der Tech- und der digitalen Welt zu feiern\"}]},{\"@type\":\"WebSite\",\"@id\":\"https:\\\/\\\/www.bedigitaltogether.be\\\/de\\\/#website\",\"url\":\"https:\\\/\\\/www.bedigitaltogether.be\\\/de\\\/\",\"name\":\"BeDigitalTogether\",\"description\":\"\",\"potentialAction\":[{\"@type\":\"SearchAction\",\"target\":{\"@type\":\"EntryPoint\",\"urlTemplate\":\"https:\\\/\\\/www.bedigitaltogether.be\\\/de\\\/?s={search_term_string}\"},\"query-input\":{\"@type\":\"PropertyValueSpecification\",\"valueRequired\":true,\"valueName\":\"search_term_string\"}}],\"inLanguage\":\"de\"},{\"@type\":\"Person\",\"@id\":\"https:\\\/\\\/www.bedigitaltogether.be\\\/de\\\/#\\\/schema\\\/person\\\/b56960572f725379f0873aa9fbd131c9\",\"name\":\"admin\",\"image\":{\"@type\":\"ImageObject\",\"inLanguage\":\"de\",\"@id\":\"https:\\\/\\\/secure.gravatar.com\\\/avatar\\\/c64dbd098148d05d0d68c4c59f1bc02d90e703757e02c60e5fa7878c6f6c4855?s=96&d=mm&r=g\",\"url\":\"https:\\\/\\\/secure.gravatar.com\\\/avatar\\\/c64dbd098148d05d0d68c4c59f1bc02d90e703757e02c60e5fa7878c6f6c4855?s=96&d=mm&r=g\",\"contentUrl\":\"https:\\\/\\\/secure.gravatar.com\\\/avatar\\\/c64dbd098148d05d0d68c4c59f1bc02d90e703757e02c60e5fa7878c6f6c4855?s=96&d=mm&r=g\",\"caption\":\"admin\"},\"sameAs\":[\"https:\\\/\\\/www.bedigitaltogether.be\"],\"url\":\"https:\\\/\\\/www.bedigitaltogether.be\\\/de\\\/author\\\/lh_2l609ggp\\\/\"}]}<\/script>\n<!-- \/ Yoast SEO plugin. -->","yoast_head_json":{"title":"Konferenz, um die Frauen in der Tech- und der digitalen Welt zu feiern - BeDigitalTogether - Be Digital Together","robots":{"index":"index","follow":"follow","max-snippet":"max-snippet:-1","max-image-preview":"max-image-preview:large","max-video-preview":"max-video-preview:-1"},"canonical":"https:\/\/www.bedigitaltogether.be\/de\/","og_locale":"de_DE","og_type":"article","og_title":"Konferenz, um die Frauen in der Tech- und der digitalen Welt zu feiern - BeDigitalTogether - Be Digital Together","og_description":"Die Womenpreneur Conference ist eine Veranstaltung, die durchgef\u00fchrt wird, um die Frauen in der Tech- und Digitalwelt zu feiern und um das Interesse der Frauen aus allen Schichten f\u00fcr diese technologische und wirtschaftliche Welt zu wecken. Die Womenpreneur Conference wird durch au\u00dfergew\u00f6hnliche G\u00e4ste aus diesem Bereich mitgestaltet, damit sie ihre Geschichte erz\u00e4hlen und die gegenw\u00e4rtigen [&hellip;]","og_url":"https:\/\/www.bedigitaltogether.be\/de\/","og_site_name":"BeDigitalTogether","article_published_time":"2022-03-31T09:30:57+00:00","article_modified_time":"2022-03-31T12:09:19+00:00","author":"admin","twitter_card":"summary_large_image","twitter_misc":{"Verfasst von":"admin","Gesch\u00e4tzte Lesezeit":"1\u00a0Minute"},"schema":{"@context":"https:\/\/schema.org","@graph":[{"@type":"Article","@id":"https:\/\/www.bedigitaltogether.be\/de\/konferenz-um-die-frauen-in-der-tech-und-der-digitalen-welt-zu-feiern\/#article","isPartOf":{"@id":"https:\/\/www.bedigitaltogether.be\/de\/konferenz-um-die-frauen-in-der-tech-und-der-digitalen-welt-zu-feiern\/"},"author":{"name":"admin","@id":"https:\/\/www.bedigitaltogether.be\/de\/#\/schema\/person\/b56960572f725379f0873aa9fbd131c9"},"headline":"Konferenz, um die Frauen in der Tech- und der digitalen Welt zu feiern","datePublished":"2022-03-31T09:30:57+00:00","dateModified":"2022-03-31T12:09:19+00:00","mainEntityOfPage":{"@id":"https:\/\/www.bedigitaltogether.be\/de\/konferenz-um-die-frauen-in-der-tech-und-der-digitalen-welt-zu-feiern\/"},"wordCount":136,"commentCount":0,"keywords":["Fall"],"articleSection":["Bilder","Frauen im Digitalen halten","Geschlechterungleichheit","Studien"],"inLanguage":"de","potentialAction":[{"@type":"CommentAction","name":"Comment","target":["https:\/\/www.bedigitaltogether.be\/de\/konferenz-um-die-frauen-in-der-tech-und-der-digitalen-welt-zu-feiern\/#respond"]}]},{"@type":"WebPage","@id":"https:\/\/www.bedigitaltogether.be\/de\/konferenz-um-die-frauen-in-der-tech-und-der-digitalen-welt-zu-feiern\/","url":"https:\/\/www.bedigitaltogether.be\/de\/konferenz-um-die-frauen-in-der-tech-und-der-digitalen-welt-zu-feiern\/","name":"Konferenz, um die Frauen in der Tech- und der digitalen Welt zu feiern - BeDigitalTogether - Be Digital Together","isPartOf":{"@id":"https:\/\/www.bedigitaltogether.be\/de\/#website"},"datePublished":"2022-03-31T09:30:57+00:00","dateModified":"2022-03-31T12:09:19+00:00","author":{"@id":"https:\/\/www.bedigitaltogether.be\/de\/#\/schema\/person\/b56960572f725379f0873aa9fbd131c9"},"breadcrumb":{"@id":"https:\/\/www.bedigitaltogether.be\/de\/konferenz-um-die-frauen-in-der-tech-und-der-digitalen-welt-zu-feiern\/#breadcrumb"},"inLanguage":"de","potentialAction":[{"@type":"ReadAction","target":["https:\/\/www.bedigitaltogether.be\/de\/konferenz-um-die-frauen-in-der-tech-und-der-digitalen-welt-zu-feiern\/"]}]},{"@type":"BreadcrumbList","@id":"https:\/\/www.bedigitaltogether.be\/de\/konferenz-um-die-frauen-in-der-tech-und-der-digitalen-welt-zu-feiern\/#breadcrumb","itemListElement":[{"@type":"ListItem","position":1,"name":"Zuhause","item":"https:\/\/www.bedigitaltogether.be\/de\/"},{"@type":"ListItem","position":2,"name":"Studien","item":"https:\/\/www.bedigitaltogether.be\/de\/category\/studien\/"},{"@type":"ListItem","position":3,"name":"Konferenz, um die Frauen in der Tech- und der digitalen Welt zu feiern"}]},{"@type":"WebSite","@id":"https:\/\/www.bedigitaltogether.be\/de\/#website","url":"https:\/\/www.bedigitaltogether.be\/de\/","name":"BeDigitalTogether","description":"","potentialAction":[{"@type":"SearchAction","target":{"@type":"EntryPoint","urlTemplate":"https:\/\/www.bedigitaltogether.be\/de\/?s={search_term_string}"},"query-input":{"@type":"PropertyValueSpecification","valueRequired":true,"valueName":"search_term_string"}}],"inLanguage":"de"},{"@type":"Person","@id":"https:\/\/www.bedigitaltogether.be\/de\/#\/schema\/person\/b56960572f725379f0873aa9fbd131c9","name":"admin","image":{"@type":"ImageObject","inLanguage":"de","@id":"https:\/\/secure.gravatar.com\/avatar\/c64dbd098148d05d0d68c4c59f1bc02d90e703757e02c60e5fa7878c6f6c4855?s=96&d=mm&r=g","url":"https:\/\/secure.gravatar.com\/avatar\/c64dbd098148d05d0d68c4c59f1bc02d90e703757e02c60e5fa7878c6f6c4855?s=96&d=mm&r=g","contentUrl":"https:\/\/secure.gravatar.com\/avatar\/c64dbd098148d05d0d68c4c59f1bc02d90e703757e02c60e5fa7878c6f6c4855?s=96&d=mm&r=g","caption":"admin"},"sameAs":["https:\/\/www.bedigitaltogether.be"],"url":"https:\/\/www.bedigitaltogether.be\/de\/author\/lh_2l609ggp\/"}]}},"_links":{"self":[{"href":"https:\/\/www.bedigitaltogether.be\/de\/wp-json\/wp\/v2\/posts\/6819","targetHints":{"allow":["GET"]}}],"collection":[{"href":"https:\/\/www.bedigitaltogether.be\/de\/wp-json\/wp\/v2\/posts"}],"about":[{"href":"https:\/\/www.bedigitaltogether.be\/de\/wp-json\/wp\/v2\/types\/post"}],"author":[{"embeddable":true,"href":"https:\/\/www.bedigitaltogether.be\/de\/wp-json\/wp\/v2\/users\/1"}],"replies":[{"embeddable":true,"href":"https:\/\/www.bedigitaltogether.be\/de\/wp-json\/wp\/v2\/comments?post=6819"}],"version-history":[{"count":1,"href":"https:\/\/www.bedigitaltogether.be\/de\/wp-json\/wp\/v2\/posts\/6819\/revisions"}],"predecessor-version":[{"id":6820,"href":"https:\/\/www.bedigitaltogether.be\/de\/wp-json\/wp\/v2\/posts\/6819\/revisions\/6820"}],"wp:attachment":[{"href":"https:\/\/www.bedigitaltogether.be\/de\/wp-json\/wp\/v2\/media?parent=6819"}],"wp:term":[{"taxonomy":"category","embeddable":true,"href":"https:\/\/www.bedigitaltogether.be\/de\/wp-json\/wp\/v2\/categories?post=6819"},{"taxonomy":"post_tag","embeddable":true,"href":"https:\/\/www.bedigitaltogether.be\/de\/wp-json\/wp\/v2\/tags?post=6819"},{"taxonomy":"active","embeddable":true,"href":"https:\/\/www.bedigitaltogether.be\/de\/wp-json\/wp\/v2\/active?post=6819"}],"curies":[{"name":"wp","href":"https:\/\/api.w.org\/{rel}","templated":true}]}}