{"id":6780,"date":"2022-03-17T13:39:19","date_gmt":"2022-03-17T13:39:19","guid":{"rendered":"https:\/\/godigitall.artwhere.co\/bunte-geschichten-fuer-rebellische-maedchen\/"},"modified":"2024-09-13T10:34:08","modified_gmt":"2024-09-13T10:34:08","slug":"bunte-geschichten-fuer-rebellische-maedchen","status":"publish","type":"post","link":"https:\/\/www.bedigitaltogether.be\/de\/bunte-geschichten-fuer-rebellische-maedchen\/","title":{"rendered":"Bunte Geschichten f\u00fcr rebellische M\u00e4dchen"},"content":{"rendered":"\n<p>ABB leistet finanzielle Unterst\u00fctzung f\u00fcr das Projekt der VoG ella, \u201eKleurrijke verhalen voor rebelse meisjes\u201c (Farbige Geschichten f\u00fcr rebellische M\u00e4dchen), dessen Ziel es ist, mehr M\u00e4dchen und Teens mit Migrationshintergrund anzusprechen und sie zur Wahl eines technischen oder wissenschaftlichen STEAM-Studiums zu inspirieren. Au\u00dferdem soll das Projekt auch allgemein mit geschlechts- und v\u00f6lkerspezifischen Klischees aufr\u00e4umen. Um dies zu erreichen, r\u00fcckt ella anhand verschiedener Instrumente f\u00fcr ein junges Publikum die Geschichten einiger starker Frauen in STEAM in den Blickpunkt: ein Vorlesebuch, ein Farbenbuch, Aktivit\u00e4tenkarten. Weiter werden STEAM-Workshops veranstaltet und wird mit einer Online-Kampagne neues Material in den Blickpunkt ger\u00fcckt.<\/p>\n","protected":false},"excerpt":{"rendered":"<p>ABB leistet finanzielle Unterst\u00fctzung f\u00fcr das Projekt der VoG ella, \u201eKleurrijke verhalen voor rebelse meisjes\u201c (Farbige Geschichten f\u00fcr rebellische M\u00e4dchen), dessen Ziel es ist, mehr M\u00e4dchen und Teens mit Migrationshintergrund anzusprechen und sie zur Wahl eines technischen oder wissenschaftlichen STEAM-Studiums zu inspirieren. Au\u00dferdem soll das Projekt auch allgemein mit geschlechts- und v\u00f6lkerspezifischen Klischees aufr\u00e4umen. Um [&hellip;]<\/p>\n","protected":false},"author":1,"featured_media":4203,"comment_status":"open","ping_status":"closed","sticky":false,"template":"","format":"standard","meta":{"_acf_changed":false,"footnotes":""},"categories":[102],"tags":[119],"active":[147],"class_list":["post-6780","post","type-post","status-publish","format-standard","has-post-thumbnail","hentry","category-studien","tag-initiative-de","active-active-de"],"acf":[],"yoast_head":"<!-- This site is optimized with the Yoast SEO plugin v27.5 - https:\/\/yoast.com\/product\/yoast-seo-wordpress\/ -->\n<title>Bunte Geschichten f\u00fcr rebellische M\u00e4dchen - BeDigitalTogether - Be Digital Together<\/title>\n<meta name=\"robots\" content=\"index, follow, max-snippet:-1, max-image-preview:large, max-video-preview:-1\" \/>\n<link rel=\"canonical\" href=\"https:\/\/www.bedigitaltogether.be\/de\/\" \/>\n<meta property=\"og:locale\" content=\"de_DE\" \/>\n<meta property=\"og:type\" content=\"article\" \/>\n<meta property=\"og:title\" content=\"Bunte Geschichten f\u00fcr rebellische M\u00e4dchen - BeDigitalTogether - Be Digital Together\" \/>\n<meta property=\"og:description\" content=\"ABB leistet finanzielle Unterst\u00fctzung f\u00fcr das Projekt der VoG ella, \u201eKleurrijke verhalen voor rebelse meisjes\u201c (Farbige Geschichten f\u00fcr rebellische M\u00e4dchen), dessen Ziel es ist, mehr M\u00e4dchen und Teens mit Migrationshintergrund anzusprechen und sie zur Wahl eines technischen oder wissenschaftlichen STEAM-Studiums zu inspirieren. Au\u00dferdem soll das Projekt auch allgemein mit geschlechts- und v\u00f6lkerspezifischen Klischees aufr\u00e4umen. Um [&hellip;]\" \/>\n<meta property=\"og:url\" content=\"https:\/\/www.bedigitaltogether.be\/de\/\" \/>\n<meta property=\"og:site_name\" content=\"BeDigitalTogether\" \/>\n<meta property=\"article:published_time\" content=\"2022-03-17T13:39:19+00:00\" \/>\n<meta property=\"article:modified_time\" content=\"2024-09-13T10:34:08+00:00\" \/>\n<meta property=\"og:image\" content=\"https:\/\/www.bedigitaltogether.be\/wp-content\/uploads\/2022\/03\/kleurrijke-verhalen-voor-rebelse-meisje.jpeg\" \/>\n\t<meta property=\"og:image:width\" content=\"2560\" \/>\n\t<meta property=\"og:image:height\" content=\"1707\" \/>\n\t<meta property=\"og:image:type\" content=\"image\/jpeg\" \/>\n<meta name=\"author\" content=\"admin\" \/>\n<meta name=\"twitter:card\" content=\"summary_large_image\" \/>\n<meta name=\"twitter:label1\" content=\"Verfasst von\" \/>\n\t<meta name=\"twitter:data1\" content=\"admin\" \/>\n\t<meta name=\"twitter:label2\" content=\"Gesch\u00e4tzte Lesezeit\" \/>\n\t<meta name=\"twitter:data2\" content=\"1\u00a0Minute\" \/>\n<script type=\"application\/ld+json\" class=\"yoast-schema-graph\">{\"@context\":\"https:\\\/\\\/schema.org\",\"@graph\":[{\"@type\":\"Article\",\"@id\":\"https:\\\/\\\/www.bedigitaltogether.be\\\/de\\\/bunte-geschichten-fuer-rebellische-maedchen\\\/#article\",\"isPartOf\":{\"@id\":\"https:\\\/\\\/www.bedigitaltogether.be\\\/de\\\/bunte-geschichten-fuer-rebellische-maedchen\\\/\"},\"author\":{\"name\":\"admin\",\"@id\":\"https:\\\/\\\/www.bedigitaltogether.be\\\/de\\\/#\\\/schema\\\/person\\\/b56960572f725379f0873aa9fbd131c9\"},\"headline\":\"Bunte Geschichten f\u00fcr rebellische M\u00e4dchen\",\"datePublished\":\"2022-03-17T13:39:19+00:00\",\"dateModified\":\"2024-09-13T10:34:08+00:00\",\"mainEntityOfPage\":{\"@id\":\"https:\\\/\\\/www.bedigitaltogether.be\\\/de\\\/bunte-geschichten-fuer-rebellische-maedchen\\\/\"},\"wordCount\":116,\"commentCount\":0,\"image\":{\"@id\":\"https:\\\/\\\/www.bedigitaltogether.be\\\/de\\\/bunte-geschichten-fuer-rebellische-maedchen\\\/#primaryimage\"},\"thumbnailUrl\":\"https:\\\/\\\/www.bedigitaltogether.be\\\/wp-content\\\/uploads\\\/2022\\\/03\\\/kleurrijke-verhalen-voor-rebelse-meisje.jpeg\",\"keywords\":[\"Initiative\"],\"articleSection\":[\"Studien\"],\"inLanguage\":\"de\",\"potentialAction\":[{\"@type\":\"CommentAction\",\"name\":\"Comment\",\"target\":[\"https:\\\/\\\/www.bedigitaltogether.be\\\/de\\\/bunte-geschichten-fuer-rebellische-maedchen\\\/#respond\"]}]},{\"@type\":\"WebPage\",\"@id\":\"https:\\\/\\\/www.bedigitaltogether.be\\\/de\\\/bunte-geschichten-fuer-rebellische-maedchen\\\/\",\"url\":\"https:\\\/\\\/www.bedigitaltogether.be\\\/de\\\/bunte-geschichten-fuer-rebellische-maedchen\\\/\",\"name\":\"Bunte Geschichten f\u00fcr rebellische M\u00e4dchen - BeDigitalTogether - Be Digital Together\",\"isPartOf\":{\"@id\":\"https:\\\/\\\/www.bedigitaltogether.be\\\/de\\\/#website\"},\"primaryImageOfPage\":{\"@id\":\"https:\\\/\\\/www.bedigitaltogether.be\\\/de\\\/bunte-geschichten-fuer-rebellische-maedchen\\\/#primaryimage\"},\"image\":{\"@id\":\"https:\\\/\\\/www.bedigitaltogether.be\\\/de\\\/bunte-geschichten-fuer-rebellische-maedchen\\\/#primaryimage\"},\"thumbnailUrl\":\"https:\\\/\\\/www.bedigitaltogether.be\\\/wp-content\\\/uploads\\\/2022\\\/03\\\/kleurrijke-verhalen-voor-rebelse-meisje.jpeg\",\"datePublished\":\"2022-03-17T13:39:19+00:00\",\"dateModified\":\"2024-09-13T10:34:08+00:00\",\"author\":{\"@id\":\"https:\\\/\\\/www.bedigitaltogether.be\\\/de\\\/#\\\/schema\\\/person\\\/b56960572f725379f0873aa9fbd131c9\"},\"breadcrumb\":{\"@id\":\"https:\\\/\\\/www.bedigitaltogether.be\\\/de\\\/bunte-geschichten-fuer-rebellische-maedchen\\\/#breadcrumb\"},\"inLanguage\":\"de\",\"potentialAction\":[{\"@type\":\"ReadAction\",\"target\":[\"https:\\\/\\\/www.bedigitaltogether.be\\\/de\\\/bunte-geschichten-fuer-rebellische-maedchen\\\/\"]}]},{\"@type\":\"ImageObject\",\"inLanguage\":\"de\",\"@id\":\"https:\\\/\\\/www.bedigitaltogether.be\\\/de\\\/bunte-geschichten-fuer-rebellische-maedchen\\\/#primaryimage\",\"url\":\"https:\\\/\\\/www.bedigitaltogether.be\\\/wp-content\\\/uploads\\\/2022\\\/03\\\/kleurrijke-verhalen-voor-rebelse-meisje.jpeg\",\"contentUrl\":\"https:\\\/\\\/www.bedigitaltogether.be\\\/wp-content\\\/uploads\\\/2022\\\/03\\\/kleurrijke-verhalen-voor-rebelse-meisje.jpeg\",\"width\":2560,\"height\":1707},{\"@type\":\"BreadcrumbList\",\"@id\":\"https:\\\/\\\/www.bedigitaltogether.be\\\/de\\\/bunte-geschichten-fuer-rebellische-maedchen\\\/#breadcrumb\",\"itemListElement\":[{\"@type\":\"ListItem\",\"position\":1,\"name\":\"Zuhause\",\"item\":\"https:\\\/\\\/www.bedigitaltogether.be\\\/de\\\/\"},{\"@type\":\"ListItem\",\"position\":2,\"name\":\"Studien\",\"item\":\"https:\\\/\\\/www.bedigitaltogether.be\\\/de\\\/category\\\/studien\\\/\"},{\"@type\":\"ListItem\",\"position\":3,\"name\":\"Bunte Geschichten f\u00fcr rebellische M\u00e4dchen\"}]},{\"@type\":\"WebSite\",\"@id\":\"https:\\\/\\\/www.bedigitaltogether.be\\\/de\\\/#website\",\"url\":\"https:\\\/\\\/www.bedigitaltogether.be\\\/de\\\/\",\"name\":\"BeDigitalTogether\",\"description\":\"\",\"potentialAction\":[{\"@type\":\"SearchAction\",\"target\":{\"@type\":\"EntryPoint\",\"urlTemplate\":\"https:\\\/\\\/www.bedigitaltogether.be\\\/de\\\/?s={search_term_string}\"},\"query-input\":{\"@type\":\"PropertyValueSpecification\",\"valueRequired\":true,\"valueName\":\"search_term_string\"}}],\"inLanguage\":\"de\"},{\"@type\":\"Person\",\"@id\":\"https:\\\/\\\/www.bedigitaltogether.be\\\/de\\\/#\\\/schema\\\/person\\\/b56960572f725379f0873aa9fbd131c9\",\"name\":\"admin\",\"image\":{\"@type\":\"ImageObject\",\"inLanguage\":\"de\",\"@id\":\"https:\\\/\\\/secure.gravatar.com\\\/avatar\\\/c64dbd098148d05d0d68c4c59f1bc02d90e703757e02c60e5fa7878c6f6c4855?s=96&d=mm&r=g\",\"url\":\"https:\\\/\\\/secure.gravatar.com\\\/avatar\\\/c64dbd098148d05d0d68c4c59f1bc02d90e703757e02c60e5fa7878c6f6c4855?s=96&d=mm&r=g\",\"contentUrl\":\"https:\\\/\\\/secure.gravatar.com\\\/avatar\\\/c64dbd098148d05d0d68c4c59f1bc02d90e703757e02c60e5fa7878c6f6c4855?s=96&d=mm&r=g\",\"caption\":\"admin\"},\"sameAs\":[\"https:\\\/\\\/www.bedigitaltogether.be\"],\"url\":\"https:\\\/\\\/www.bedigitaltogether.be\\\/de\\\/author\\\/lh_2l609ggp\\\/\"}]}<\/script>\n<!-- \/ Yoast SEO plugin. -->","yoast_head_json":{"title":"Bunte Geschichten f\u00fcr rebellische M\u00e4dchen - BeDigitalTogether - Be Digital Together","robots":{"index":"index","follow":"follow","max-snippet":"max-snippet:-1","max-image-preview":"max-image-preview:large","max-video-preview":"max-video-preview:-1"},"canonical":"https:\/\/www.bedigitaltogether.be\/de\/","og_locale":"de_DE","og_type":"article","og_title":"Bunte Geschichten f\u00fcr rebellische M\u00e4dchen - BeDigitalTogether - Be Digital Together","og_description":"ABB leistet finanzielle Unterst\u00fctzung f\u00fcr das Projekt der VoG ella, \u201eKleurrijke verhalen voor rebelse meisjes\u201c (Farbige Geschichten f\u00fcr rebellische M\u00e4dchen), dessen Ziel es ist, mehr M\u00e4dchen und Teens mit Migrationshintergrund anzusprechen und sie zur Wahl eines technischen oder wissenschaftlichen STEAM-Studiums zu inspirieren. Au\u00dferdem soll das Projekt auch allgemein mit geschlechts- und v\u00f6lkerspezifischen Klischees aufr\u00e4umen. Um [&hellip;]","og_url":"https:\/\/www.bedigitaltogether.be\/de\/","og_site_name":"BeDigitalTogether","article_published_time":"2022-03-17T13:39:19+00:00","article_modified_time":"2024-09-13T10:34:08+00:00","og_image":[{"width":2560,"height":1707,"url":"https:\/\/www.bedigitaltogether.be\/wp-content\/uploads\/2022\/03\/kleurrijke-verhalen-voor-rebelse-meisje.jpeg","type":"image\/jpeg"}],"author":"admin","twitter_card":"summary_large_image","twitter_misc":{"Verfasst von":"admin","Gesch\u00e4tzte Lesezeit":"1\u00a0Minute"},"schema":{"@context":"https:\/\/schema.org","@graph":[{"@type":"Article","@id":"https:\/\/www.bedigitaltogether.be\/de\/bunte-geschichten-fuer-rebellische-maedchen\/#article","isPartOf":{"@id":"https:\/\/www.bedigitaltogether.be\/de\/bunte-geschichten-fuer-rebellische-maedchen\/"},"author":{"name":"admin","@id":"https:\/\/www.bedigitaltogether.be\/de\/#\/schema\/person\/b56960572f725379f0873aa9fbd131c9"},"headline":"Bunte Geschichten f\u00fcr rebellische M\u00e4dchen","datePublished":"2022-03-17T13:39:19+00:00","dateModified":"2024-09-13T10:34:08+00:00","mainEntityOfPage":{"@id":"https:\/\/www.bedigitaltogether.be\/de\/bunte-geschichten-fuer-rebellische-maedchen\/"},"wordCount":116,"commentCount":0,"image":{"@id":"https:\/\/www.bedigitaltogether.be\/de\/bunte-geschichten-fuer-rebellische-maedchen\/#primaryimage"},"thumbnailUrl":"https:\/\/www.bedigitaltogether.be\/wp-content\/uploads\/2022\/03\/kleurrijke-verhalen-voor-rebelse-meisje.jpeg","keywords":["Initiative"],"articleSection":["Studien"],"inLanguage":"de","potentialAction":[{"@type":"CommentAction","name":"Comment","target":["https:\/\/www.bedigitaltogether.be\/de\/bunte-geschichten-fuer-rebellische-maedchen\/#respond"]}]},{"@type":"WebPage","@id":"https:\/\/www.bedigitaltogether.be\/de\/bunte-geschichten-fuer-rebellische-maedchen\/","url":"https:\/\/www.bedigitaltogether.be\/de\/bunte-geschichten-fuer-rebellische-maedchen\/","name":"Bunte Geschichten f\u00fcr rebellische M\u00e4dchen - BeDigitalTogether - Be Digital Together","isPartOf":{"@id":"https:\/\/www.bedigitaltogether.be\/de\/#website"},"primaryImageOfPage":{"@id":"https:\/\/www.bedigitaltogether.be\/de\/bunte-geschichten-fuer-rebellische-maedchen\/#primaryimage"},"image":{"@id":"https:\/\/www.bedigitaltogether.be\/de\/bunte-geschichten-fuer-rebellische-maedchen\/#primaryimage"},"thumbnailUrl":"https:\/\/www.bedigitaltogether.be\/wp-content\/uploads\/2022\/03\/kleurrijke-verhalen-voor-rebelse-meisje.jpeg","datePublished":"2022-03-17T13:39:19+00:00","dateModified":"2024-09-13T10:34:08+00:00","author":{"@id":"https:\/\/www.bedigitaltogether.be\/de\/#\/schema\/person\/b56960572f725379f0873aa9fbd131c9"},"breadcrumb":{"@id":"https:\/\/www.bedigitaltogether.be\/de\/bunte-geschichten-fuer-rebellische-maedchen\/#breadcrumb"},"inLanguage":"de","potentialAction":[{"@type":"ReadAction","target":["https:\/\/www.bedigitaltogether.be\/de\/bunte-geschichten-fuer-rebellische-maedchen\/"]}]},{"@type":"ImageObject","inLanguage":"de","@id":"https:\/\/www.bedigitaltogether.be\/de\/bunte-geschichten-fuer-rebellische-maedchen\/#primaryimage","url":"https:\/\/www.bedigitaltogether.be\/wp-content\/uploads\/2022\/03\/kleurrijke-verhalen-voor-rebelse-meisje.jpeg","contentUrl":"https:\/\/www.bedigitaltogether.be\/wp-content\/uploads\/2022\/03\/kleurrijke-verhalen-voor-rebelse-meisje.jpeg","width":2560,"height":1707},{"@type":"BreadcrumbList","@id":"https:\/\/www.bedigitaltogether.be\/de\/bunte-geschichten-fuer-rebellische-maedchen\/#breadcrumb","itemListElement":[{"@type":"ListItem","position":1,"name":"Zuhause","item":"https:\/\/www.bedigitaltogether.be\/de\/"},{"@type":"ListItem","position":2,"name":"Studien","item":"https:\/\/www.bedigitaltogether.be\/de\/category\/studien\/"},{"@type":"ListItem","position":3,"name":"Bunte Geschichten f\u00fcr rebellische M\u00e4dchen"}]},{"@type":"WebSite","@id":"https:\/\/www.bedigitaltogether.be\/de\/#website","url":"https:\/\/www.bedigitaltogether.be\/de\/","name":"BeDigitalTogether","description":"","potentialAction":[{"@type":"SearchAction","target":{"@type":"EntryPoint","urlTemplate":"https:\/\/www.bedigitaltogether.be\/de\/?s={search_term_string}"},"query-input":{"@type":"PropertyValueSpecification","valueRequired":true,"valueName":"search_term_string"}}],"inLanguage":"de"},{"@type":"Person","@id":"https:\/\/www.bedigitaltogether.be\/de\/#\/schema\/person\/b56960572f725379f0873aa9fbd131c9","name":"admin","image":{"@type":"ImageObject","inLanguage":"de","@id":"https:\/\/secure.gravatar.com\/avatar\/c64dbd098148d05d0d68c4c59f1bc02d90e703757e02c60e5fa7878c6f6c4855?s=96&d=mm&r=g","url":"https:\/\/secure.gravatar.com\/avatar\/c64dbd098148d05d0d68c4c59f1bc02d90e703757e02c60e5fa7878c6f6c4855?s=96&d=mm&r=g","contentUrl":"https:\/\/secure.gravatar.com\/avatar\/c64dbd098148d05d0d68c4c59f1bc02d90e703757e02c60e5fa7878c6f6c4855?s=96&d=mm&r=g","caption":"admin"},"sameAs":["https:\/\/www.bedigitaltogether.be"],"url":"https:\/\/www.bedigitaltogether.be\/de\/author\/lh_2l609ggp\/"}]}},"_links":{"self":[{"href":"https:\/\/www.bedigitaltogether.be\/de\/wp-json\/wp\/v2\/posts\/6780","targetHints":{"allow":["GET"]}}],"collection":[{"href":"https:\/\/www.bedigitaltogether.be\/de\/wp-json\/wp\/v2\/posts"}],"about":[{"href":"https:\/\/www.bedigitaltogether.be\/de\/wp-json\/wp\/v2\/types\/post"}],"author":[{"embeddable":true,"href":"https:\/\/www.bedigitaltogether.be\/de\/wp-json\/wp\/v2\/users\/1"}],"replies":[{"embeddable":true,"href":"https:\/\/www.bedigitaltogether.be\/de\/wp-json\/wp\/v2\/comments?post=6780"}],"version-history":[{"count":1,"href":"https:\/\/www.bedigitaltogether.be\/de\/wp-json\/wp\/v2\/posts\/6780\/revisions"}],"predecessor-version":[{"id":6781,"href":"https:\/\/www.bedigitaltogether.be\/de\/wp-json\/wp\/v2\/posts\/6780\/revisions\/6781"}],"wp:featuredmedia":[{"embeddable":true,"href":"https:\/\/www.bedigitaltogether.be\/de\/wp-json\/wp\/v2\/media\/4203"}],"wp:attachment":[{"href":"https:\/\/www.bedigitaltogether.be\/de\/wp-json\/wp\/v2\/media?parent=6780"}],"wp:term":[{"taxonomy":"category","embeddable":true,"href":"https:\/\/www.bedigitaltogether.be\/de\/wp-json\/wp\/v2\/categories?post=6780"},{"taxonomy":"post_tag","embeddable":true,"href":"https:\/\/www.bedigitaltogether.be\/de\/wp-json\/wp\/v2\/tags?post=6780"},{"taxonomy":"active","embeddable":true,"href":"https:\/\/www.bedigitaltogether.be\/de\/wp-json\/wp\/v2\/active?post=6780"}],"curies":[{"name":"wp","href":"https:\/\/api.w.org\/{rel}","templated":true}]}}