{"id":6137,"date":"2022-03-28T14:09:09","date_gmt":"2022-03-28T14:09:09","guid":{"rendered":"https:\/\/godigitall.artwhere.co\/digitaler-schulungsplan-aktion-1-bis-5\/"},"modified":"2022-03-30T13:41:26","modified_gmt":"2022-03-30T13:41:26","slug":"digitaler-schulungsplan-aktion-1-bis-5","status":"publish","type":"post","link":"https:\/\/www.bedigitaltogether.be\/de\/digitaler-schulungsplan-aktion-1-bis-5\/","title":{"rendered":"Digitaler Schulungsplan &#8211; Aktion 1 bis 5"},"content":{"rendered":"\n<p>Aufkl\u00e4rung der breiten \u00d6ffentlichkeit \u00fcber die Nutzung digitaler Instrumente in ihrem Privat- oder Berufsleben, auch unter dem Gesichtspunkt der Entwicklung einer kritischen Geisteshaltung.<\/p>\n\n<p>M\u00f6gen sich alle Br\u00fcsseler die digitale Technik im Bereich der Besch\u00e4ftigung, Bildung, Kaufkraft, sozialen Bindung und der Emanzipation zunutze machen k\u00f6nnen! Die Region Br\u00fcssel-Hauptstadt verpflichtet sich, diese Herausforderung bis 2024 mittels des digitalen Zugangsplans anzunehmen.<\/p>\n","protected":false},"excerpt":{"rendered":"<p>Aufkl\u00e4rung der breiten \u00d6ffentlichkeit \u00fcber die Nutzung digitaler Instrumente in ihrem Privat- oder Berufsleben, auch unter dem Gesichtspunkt der Entwicklung einer kritischen Geisteshaltung. M\u00f6gen sich alle Br\u00fcsseler die digitale Technik im Bereich der Besch\u00e4ftigung, Bildung, Kaufkraft, sozialen Bindung und der Emanzipation zunutze machen k\u00f6nnen! Die Region Br\u00fcssel-Hauptstadt verpflichtet sich, diese Herausforderung bis 2024 mittels des [&hellip;]<\/p>\n","protected":false},"author":1,"featured_media":0,"comment_status":"open","ping_status":"closed","sticky":false,"template":"","format":"standard","meta":{"_acf_changed":false,"footnotes":""},"categories":[102],"tags":[119],"active":[147],"class_list":["post-6137","post","type-post","status-publish","format-standard","hentry","category-studien","tag-initiative-de","active-active-de"],"acf":[],"yoast_head":"<!-- This site is optimized with the Yoast SEO plugin v27.5 - https:\/\/yoast.com\/product\/yoast-seo-wordpress\/ -->\n<title>Digitaler Schulungsplan - Aktion 1 bis 5 - BeDigitalTogether - Be Digital Together<\/title>\n<meta name=\"robots\" content=\"index, follow, max-snippet:-1, max-image-preview:large, max-video-preview:-1\" \/>\n<link rel=\"canonical\" href=\"https:\/\/www.bedigitaltogether.be\/de\/\" \/>\n<meta property=\"og:locale\" content=\"de_DE\" \/>\n<meta property=\"og:type\" content=\"article\" \/>\n<meta property=\"og:title\" content=\"Digitaler Schulungsplan - Aktion 1 bis 5 - BeDigitalTogether - Be Digital Together\" \/>\n<meta property=\"og:description\" content=\"Aufkl\u00e4rung der breiten \u00d6ffentlichkeit \u00fcber die Nutzung digitaler Instrumente in ihrem Privat- oder Berufsleben, auch unter dem Gesichtspunkt der Entwicklung einer kritischen Geisteshaltung. M\u00f6gen sich alle Br\u00fcsseler die digitale Technik im Bereich der Besch\u00e4ftigung, Bildung, Kaufkraft, sozialen Bindung und der Emanzipation zunutze machen k\u00f6nnen! Die Region Br\u00fcssel-Hauptstadt verpflichtet sich, diese Herausforderung bis 2024 mittels des [&hellip;]\" \/>\n<meta property=\"og:url\" content=\"https:\/\/www.bedigitaltogether.be\/de\/\" \/>\n<meta property=\"og:site_name\" content=\"BeDigitalTogether\" \/>\n<meta property=\"article:published_time\" content=\"2022-03-28T14:09:09+00:00\" \/>\n<meta property=\"article:modified_time\" content=\"2022-03-30T13:41:26+00:00\" \/>\n<meta name=\"author\" content=\"admin\" \/>\n<meta name=\"twitter:card\" content=\"summary_large_image\" \/>\n<meta name=\"twitter:label1\" content=\"Verfasst von\" \/>\n\t<meta name=\"twitter:data1\" content=\"admin\" \/>\n<script type=\"application\/ld+json\" class=\"yoast-schema-graph\">{\"@context\":\"https:\\\/\\\/schema.org\",\"@graph\":[{\"@type\":\"Article\",\"@id\":\"https:\\\/\\\/www.bedigitaltogether.be\\\/de\\\/digitaler-schulungsplan-aktion-1-bis-5\\\/#article\",\"isPartOf\":{\"@id\":\"https:\\\/\\\/www.bedigitaltogether.be\\\/de\\\/digitaler-schulungsplan-aktion-1-bis-5\\\/\"},\"author\":{\"name\":\"admin\",\"@id\":\"https:\\\/\\\/www.bedigitaltogether.be\\\/de\\\/#\\\/schema\\\/person\\\/b56960572f725379f0873aa9fbd131c9\"},\"headline\":\"Digitaler Schulungsplan &#8211; Aktion 1 bis 5\",\"datePublished\":\"2022-03-28T14:09:09+00:00\",\"dateModified\":\"2022-03-30T13:41:26+00:00\",\"mainEntityOfPage\":{\"@id\":\"https:\\\/\\\/www.bedigitaltogether.be\\\/de\\\/digitaler-schulungsplan-aktion-1-bis-5\\\/\"},\"wordCount\":68,\"commentCount\":0,\"keywords\":[\"Initiative\"],\"articleSection\":[\"Studien\"],\"inLanguage\":\"de\",\"potentialAction\":[{\"@type\":\"CommentAction\",\"name\":\"Comment\",\"target\":[\"https:\\\/\\\/www.bedigitaltogether.be\\\/de\\\/digitaler-schulungsplan-aktion-1-bis-5\\\/#respond\"]}]},{\"@type\":\"WebPage\",\"@id\":\"https:\\\/\\\/www.bedigitaltogether.be\\\/de\\\/digitaler-schulungsplan-aktion-1-bis-5\\\/\",\"url\":\"https:\\\/\\\/www.bedigitaltogether.be\\\/de\\\/digitaler-schulungsplan-aktion-1-bis-5\\\/\",\"name\":\"Digitaler Schulungsplan - Aktion 1 bis 5 - BeDigitalTogether - Be Digital Together\",\"isPartOf\":{\"@id\":\"https:\\\/\\\/www.bedigitaltogether.be\\\/de\\\/#website\"},\"datePublished\":\"2022-03-28T14:09:09+00:00\",\"dateModified\":\"2022-03-30T13:41:26+00:00\",\"author\":{\"@id\":\"https:\\\/\\\/www.bedigitaltogether.be\\\/de\\\/#\\\/schema\\\/person\\\/b56960572f725379f0873aa9fbd131c9\"},\"breadcrumb\":{\"@id\":\"https:\\\/\\\/www.bedigitaltogether.be\\\/de\\\/digitaler-schulungsplan-aktion-1-bis-5\\\/#breadcrumb\"},\"inLanguage\":\"de\",\"potentialAction\":[{\"@type\":\"ReadAction\",\"target\":[\"https:\\\/\\\/www.bedigitaltogether.be\\\/de\\\/digitaler-schulungsplan-aktion-1-bis-5\\\/\"]}]},{\"@type\":\"BreadcrumbList\",\"@id\":\"https:\\\/\\\/www.bedigitaltogether.be\\\/de\\\/digitaler-schulungsplan-aktion-1-bis-5\\\/#breadcrumb\",\"itemListElement\":[{\"@type\":\"ListItem\",\"position\":1,\"name\":\"Zuhause\",\"item\":\"https:\\\/\\\/www.bedigitaltogether.be\\\/de\\\/\"},{\"@type\":\"ListItem\",\"position\":2,\"name\":\"Studien\",\"item\":\"https:\\\/\\\/www.bedigitaltogether.be\\\/de\\\/category\\\/studien\\\/\"},{\"@type\":\"ListItem\",\"position\":3,\"name\":\"Digitaler Schulungsplan &#8211; Aktion 1 bis 5\"}]},{\"@type\":\"WebSite\",\"@id\":\"https:\\\/\\\/www.bedigitaltogether.be\\\/de\\\/#website\",\"url\":\"https:\\\/\\\/www.bedigitaltogether.be\\\/de\\\/\",\"name\":\"BeDigitalTogether\",\"description\":\"\",\"potentialAction\":[{\"@type\":\"SearchAction\",\"target\":{\"@type\":\"EntryPoint\",\"urlTemplate\":\"https:\\\/\\\/www.bedigitaltogether.be\\\/de\\\/?s={search_term_string}\"},\"query-input\":{\"@type\":\"PropertyValueSpecification\",\"valueRequired\":true,\"valueName\":\"search_term_string\"}}],\"inLanguage\":\"de\"},{\"@type\":\"Person\",\"@id\":\"https:\\\/\\\/www.bedigitaltogether.be\\\/de\\\/#\\\/schema\\\/person\\\/b56960572f725379f0873aa9fbd131c9\",\"name\":\"admin\",\"image\":{\"@type\":\"ImageObject\",\"inLanguage\":\"de\",\"@id\":\"https:\\\/\\\/secure.gravatar.com\\\/avatar\\\/c64dbd098148d05d0d68c4c59f1bc02d90e703757e02c60e5fa7878c6f6c4855?s=96&d=mm&r=g\",\"url\":\"https:\\\/\\\/secure.gravatar.com\\\/avatar\\\/c64dbd098148d05d0d68c4c59f1bc02d90e703757e02c60e5fa7878c6f6c4855?s=96&d=mm&r=g\",\"contentUrl\":\"https:\\\/\\\/secure.gravatar.com\\\/avatar\\\/c64dbd098148d05d0d68c4c59f1bc02d90e703757e02c60e5fa7878c6f6c4855?s=96&d=mm&r=g\",\"caption\":\"admin\"},\"sameAs\":[\"https:\\\/\\\/www.bedigitaltogether.be\"],\"url\":\"https:\\\/\\\/www.bedigitaltogether.be\\\/de\\\/author\\\/lh_2l609ggp\\\/\"}]}<\/script>\n<!-- \/ Yoast SEO plugin. -->","yoast_head_json":{"title":"Digitaler Schulungsplan - Aktion 1 bis 5 - BeDigitalTogether - Be Digital Together","robots":{"index":"index","follow":"follow","max-snippet":"max-snippet:-1","max-image-preview":"max-image-preview:large","max-video-preview":"max-video-preview:-1"},"canonical":"https:\/\/www.bedigitaltogether.be\/de\/","og_locale":"de_DE","og_type":"article","og_title":"Digitaler Schulungsplan - Aktion 1 bis 5 - BeDigitalTogether - Be Digital Together","og_description":"Aufkl\u00e4rung der breiten \u00d6ffentlichkeit \u00fcber die Nutzung digitaler Instrumente in ihrem Privat- oder Berufsleben, auch unter dem Gesichtspunkt der Entwicklung einer kritischen Geisteshaltung. M\u00f6gen sich alle Br\u00fcsseler die digitale Technik im Bereich der Besch\u00e4ftigung, Bildung, Kaufkraft, sozialen Bindung und der Emanzipation zunutze machen k\u00f6nnen! Die Region Br\u00fcssel-Hauptstadt verpflichtet sich, diese Herausforderung bis 2024 mittels des [&hellip;]","og_url":"https:\/\/www.bedigitaltogether.be\/de\/","og_site_name":"BeDigitalTogether","article_published_time":"2022-03-28T14:09:09+00:00","article_modified_time":"2022-03-30T13:41:26+00:00","author":"admin","twitter_card":"summary_large_image","twitter_misc":{"Verfasst von":"admin"},"schema":{"@context":"https:\/\/schema.org","@graph":[{"@type":"Article","@id":"https:\/\/www.bedigitaltogether.be\/de\/digitaler-schulungsplan-aktion-1-bis-5\/#article","isPartOf":{"@id":"https:\/\/www.bedigitaltogether.be\/de\/digitaler-schulungsplan-aktion-1-bis-5\/"},"author":{"name":"admin","@id":"https:\/\/www.bedigitaltogether.be\/de\/#\/schema\/person\/b56960572f725379f0873aa9fbd131c9"},"headline":"Digitaler Schulungsplan &#8211; Aktion 1 bis 5","datePublished":"2022-03-28T14:09:09+00:00","dateModified":"2022-03-30T13:41:26+00:00","mainEntityOfPage":{"@id":"https:\/\/www.bedigitaltogether.be\/de\/digitaler-schulungsplan-aktion-1-bis-5\/"},"wordCount":68,"commentCount":0,"keywords":["Initiative"],"articleSection":["Studien"],"inLanguage":"de","potentialAction":[{"@type":"CommentAction","name":"Comment","target":["https:\/\/www.bedigitaltogether.be\/de\/digitaler-schulungsplan-aktion-1-bis-5\/#respond"]}]},{"@type":"WebPage","@id":"https:\/\/www.bedigitaltogether.be\/de\/digitaler-schulungsplan-aktion-1-bis-5\/","url":"https:\/\/www.bedigitaltogether.be\/de\/digitaler-schulungsplan-aktion-1-bis-5\/","name":"Digitaler Schulungsplan - Aktion 1 bis 5 - BeDigitalTogether - Be Digital Together","isPartOf":{"@id":"https:\/\/www.bedigitaltogether.be\/de\/#website"},"datePublished":"2022-03-28T14:09:09+00:00","dateModified":"2022-03-30T13:41:26+00:00","author":{"@id":"https:\/\/www.bedigitaltogether.be\/de\/#\/schema\/person\/b56960572f725379f0873aa9fbd131c9"},"breadcrumb":{"@id":"https:\/\/www.bedigitaltogether.be\/de\/digitaler-schulungsplan-aktion-1-bis-5\/#breadcrumb"},"inLanguage":"de","potentialAction":[{"@type":"ReadAction","target":["https:\/\/www.bedigitaltogether.be\/de\/digitaler-schulungsplan-aktion-1-bis-5\/"]}]},{"@type":"BreadcrumbList","@id":"https:\/\/www.bedigitaltogether.be\/de\/digitaler-schulungsplan-aktion-1-bis-5\/#breadcrumb","itemListElement":[{"@type":"ListItem","position":1,"name":"Zuhause","item":"https:\/\/www.bedigitaltogether.be\/de\/"},{"@type":"ListItem","position":2,"name":"Studien","item":"https:\/\/www.bedigitaltogether.be\/de\/category\/studien\/"},{"@type":"ListItem","position":3,"name":"Digitaler Schulungsplan &#8211; Aktion 1 bis 5"}]},{"@type":"WebSite","@id":"https:\/\/www.bedigitaltogether.be\/de\/#website","url":"https:\/\/www.bedigitaltogether.be\/de\/","name":"BeDigitalTogether","description":"","potentialAction":[{"@type":"SearchAction","target":{"@type":"EntryPoint","urlTemplate":"https:\/\/www.bedigitaltogether.be\/de\/?s={search_term_string}"},"query-input":{"@type":"PropertyValueSpecification","valueRequired":true,"valueName":"search_term_string"}}],"inLanguage":"de"},{"@type":"Person","@id":"https:\/\/www.bedigitaltogether.be\/de\/#\/schema\/person\/b56960572f725379f0873aa9fbd131c9","name":"admin","image":{"@type":"ImageObject","inLanguage":"de","@id":"https:\/\/secure.gravatar.com\/avatar\/c64dbd098148d05d0d68c4c59f1bc02d90e703757e02c60e5fa7878c6f6c4855?s=96&d=mm&r=g","url":"https:\/\/secure.gravatar.com\/avatar\/c64dbd098148d05d0d68c4c59f1bc02d90e703757e02c60e5fa7878c6f6c4855?s=96&d=mm&r=g","contentUrl":"https:\/\/secure.gravatar.com\/avatar\/c64dbd098148d05d0d68c4c59f1bc02d90e703757e02c60e5fa7878c6f6c4855?s=96&d=mm&r=g","caption":"admin"},"sameAs":["https:\/\/www.bedigitaltogether.be"],"url":"https:\/\/www.bedigitaltogether.be\/de\/author\/lh_2l609ggp\/"}]}},"_links":{"self":[{"href":"https:\/\/www.bedigitaltogether.be\/de\/wp-json\/wp\/v2\/posts\/6137","targetHints":{"allow":["GET"]}}],"collection":[{"href":"https:\/\/www.bedigitaltogether.be\/de\/wp-json\/wp\/v2\/posts"}],"about":[{"href":"https:\/\/www.bedigitaltogether.be\/de\/wp-json\/wp\/v2\/types\/post"}],"author":[{"embeddable":true,"href":"https:\/\/www.bedigitaltogether.be\/de\/wp-json\/wp\/v2\/users\/1"}],"replies":[{"embeddable":true,"href":"https:\/\/www.bedigitaltogether.be\/de\/wp-json\/wp\/v2\/comments?post=6137"}],"version-history":[{"count":1,"href":"https:\/\/www.bedigitaltogether.be\/de\/wp-json\/wp\/v2\/posts\/6137\/revisions"}],"predecessor-version":[{"id":6138,"href":"https:\/\/www.bedigitaltogether.be\/de\/wp-json\/wp\/v2\/posts\/6137\/revisions\/6138"}],"wp:attachment":[{"href":"https:\/\/www.bedigitaltogether.be\/de\/wp-json\/wp\/v2\/media?parent=6137"}],"wp:term":[{"taxonomy":"category","embeddable":true,"href":"https:\/\/www.bedigitaltogether.be\/de\/wp-json\/wp\/v2\/categories?post=6137"},{"taxonomy":"post_tag","embeddable":true,"href":"https:\/\/www.bedigitaltogether.be\/de\/wp-json\/wp\/v2\/tags?post=6137"},{"taxonomy":"active","embeddable":true,"href":"https:\/\/www.bedigitaltogether.be\/de\/wp-json\/wp\/v2\/active?post=6137"}],"curies":[{"name":"wp","href":"https:\/\/api.w.org\/{rel}","templated":true}]}}