{"id":10888,"date":"2025-10-31T13:02:46","date_gmt":"2025-10-31T13:02:46","guid":{"rendered":"https:\/\/www.bedigitaltogether.be\/the-future-of-tech-is-female\/"},"modified":"2025-11-04T12:19:19","modified_gmt":"2025-11-04T12:19:19","slug":"the-future-of-tech-is-female","status":"publish","type":"post","link":"https:\/\/www.bedigitaltogether.be\/de\/the-future-of-tech-is-female\/","title":{"rendered":"The Future of Tech is Female"},"content":{"rendered":"\t\t<div data-elementor-type=\"wp-post\" data-elementor-id=\"10888\" class=\"elementor elementor-10888 elementor-10885\" data-elementor-post-type=\"post\">\n\t\t\t\t\t\t<section class=\"elementor-section elementor-top-section elementor-element elementor-element-e7d946c elementor-section-boxed elementor-section-height-default elementor-section-height-default\" data-id=\"e7d946c\" data-element_type=\"section\">\n\t\t\t\t\t\t<div class=\"elementor-container elementor-column-gap-default\">\n\t\t\t\t\t<div class=\"elementor-column elementor-col-100 elementor-top-column elementor-element elementor-element-df18468\" data-id=\"df18468\" data-element_type=\"column\">\n\t\t\t<div class=\"elementor-widget-wrap elementor-element-populated\">\n\t\t\t\t\t\t<div class=\"elementor-element elementor-element-f9fb6ff elementor-widget elementor-widget-text-editor\" data-id=\"f9fb6ff\" data-element_type=\"widget\" data-widget_type=\"text-editor.default\">\n\t\t\t\t<div class=\"elementor-widget-container\">\n\t\t\t\t\t\t\t\t\t<p style=\"font-weight: 400;\"><strong>The Future of Tech is Female (FoTiF)<\/strong> w\u00fcrdigt und st\u00e4rkt die Pr\u00e4senz von Frauen in den Bereichen Technologie, Innovation und Unternehmertum. Diese richtungsweisende Veranstaltung findet von <strong>Montag, 24. November, bis Freitag, 28. November 2025, <\/strong>im <strong>BeCentral <\/strong>(Cantersteen 12, 1000 Br\u00fcssel) statt.<\/p>\n<p><\/p>\n<p style=\"font-weight: 400;\">Eine Woche lang versammelt <strong>FoTiF<\/strong> IT-Akteurinnen, Unternehmerinnen, Expertinnen und engagierte Organisationen, um ein inklusiveres technologisches \u00d6kosystem zu schaffen.<\/p>\n<p>&nbsp;<\/p>\n<p style=\"font-weight: 400;\"><strong>Programm:<\/strong><\/p>\n<ul style=\"font-weight: 400;\">\n<li><strong>Freitag, 28 November:<\/strong> der <strong>erste<\/strong> in Br\u00fcssel organisierte <strong>FemTech Hackathon<\/strong>!<\/li>\n<li><strong>Vom 24. bis 28. November:<\/strong>\u00a0<strong>Open House for Female-led Businesses<\/strong> \u2013 BeCentral hei\u00dft alle Unternehmerinnen willkommen, die in einem Gemeinschaftsbereich arbeiten, sich austauschen und sich inspirieren lassen m\u00f6chten.<\/li>\n<\/ul>\n<p><\/p>\n<p style=\"font-weight: 400;\">\n<p><\/p>\n<p style=\"font-weight: 400;\"><strong>Kommen Sie vorbei<\/strong> und feiern Sie mit uns Diversit\u00e4t, Innovation und Female Leadership im Tech-Bereich.<\/p>\n<p><\/p>\n<p style=\"font-weight: 400;\">\n<p><\/p>\n<p style=\"font-weight: 400;\"><strong>In Kooperation mit:<\/strong><\/p>\n<p><\/p>\n<p style=\"font-weight: 400;\">WeAreFounders, 42 Belgium, High Her, Clusity, FARI, Proximus ADA, Boosteke, SPF \u00c9conomie und Women in Business (hub.brussels).<\/p>\n\t\t\t\t\t\t\t\t<\/div>\n\t\t\t\t<\/div>\n\t\t\t\t\t<\/div>\n\t\t<\/div>\n\t\t\t\t\t<\/div>\n\t\t<\/section>\n\t\t\t\t<section class=\"elementor-section elementor-top-section elementor-element elementor-element-1007464 elementor-section-boxed elementor-section-height-default elementor-section-height-default\" data-id=\"1007464\" data-element_type=\"section\">\n\t\t\t\t\t\t<div class=\"elementor-container elementor-column-gap-default\">\n\t\t\t\t\t<div class=\"elementor-column elementor-col-100 elementor-top-column elementor-element elementor-element-bca09c1\" data-id=\"bca09c1\" data-element_type=\"column\">\n\t\t\t<div class=\"elementor-widget-wrap elementor-element-populated\">\n\t\t\t\t\t\t<div class=\"elementor-element elementor-element-b6584df elementor-widget elementor-widget-image\" data-id=\"b6584df\" data-element_type=\"widget\" data-widget_type=\"image.default\">\n\t\t\t\t<div class=\"elementor-widget-container\">\n\t\t\t\t\t\t\t\t\t\t\t\t\t\t\t<img fetchpriority=\"high\" decoding=\"async\" width=\"800\" height=\"450\" src=\"https:\/\/www.bedigitaltogether.be\/wp-content\/uploads\/2025\/10\/Poster_FoTiFweek--1024x576.jpg\" class=\"attachment-large size-large wp-image-10876\" alt=\"\" srcset=\"https:\/\/www.bedigitaltogether.be\/wp-content\/uploads\/2025\/10\/Poster_FoTiFweek--1024x576.jpg 1024w, https:\/\/www.bedigitaltogether.be\/wp-content\/uploads\/2025\/10\/Poster_FoTiFweek--300x169.jpg 300w, https:\/\/www.bedigitaltogether.be\/wp-content\/uploads\/2025\/10\/Poster_FoTiFweek--768x432.jpg 768w, https:\/\/www.bedigitaltogether.be\/wp-content\/uploads\/2025\/10\/Poster_FoTiFweek--1536x864.jpg 1536w, https:\/\/www.bedigitaltogether.be\/wp-content\/uploads\/2025\/10\/Poster_FoTiFweek-.jpg 2048w\" sizes=\"(max-width: 800px) 100vw, 800px\" \/>\t\t\t\t\t\t\t\t\t\t\t\t\t\t\t<\/div>\n\t\t\t\t<\/div>\n\t\t\t\t\t<\/div>\n\t\t<\/div>\n\t\t\t\t\t<\/div>\n\t\t<\/section>\n\t\t\t\t<\/div>\n\t\t","protected":false},"excerpt":{"rendered":"<p>The Future of Tech is Female (FoTiF) w\u00fcrdigt und st\u00e4rkt die Pr\u00e4senz von Frauen in den Bereichen Technologie, Innovation und Unternehmertum. Diese richtungsweisende Veranstaltung findet von Montag, 24. November, bis Freitag, 28. November 2025, im BeCentral (Cantersteen 12, 1000 Br\u00fcssel) statt. Eine Woche lang versammelt FoTiF IT-Akteurinnen, Unternehmerinnen, Expertinnen und engagierte Organisationen, um ein inklusiveres [&hellip;]<\/p>\n","protected":false},"author":3,"featured_media":10865,"comment_status":"closed","ping_status":"closed","sticky":false,"template":"","format":"standard","meta":{"_acf_changed":false,"footnotes":""},"categories":[108,143],"tags":[],"active":[147],"class_list":["post-10888","post","type-post","status-publish","format-standard","has-post-thumbnail","hentry","category-bilder","category-blog-de","active-active-de"],"acf":[],"yoast_head":"<!-- This site is optimized with the Yoast SEO plugin v27.5 - https:\/\/yoast.com\/product\/yoast-seo-wordpress\/ -->\n<title>The Future of Tech is Female - BeDigitalTogether - Be Digital Together<\/title>\n<meta name=\"robots\" content=\"index, follow, max-snippet:-1, max-image-preview:large, max-video-preview:-1\" \/>\n<link rel=\"canonical\" href=\"https:\/\/www.bedigitaltogether.be\/de\/\" \/>\n<meta property=\"og:locale\" content=\"de_DE\" \/>\n<meta property=\"og:type\" content=\"article\" \/>\n<meta property=\"og:title\" content=\"The Future of Tech is Female - BeDigitalTogether - Be Digital Together\" \/>\n<meta property=\"og:description\" content=\"The Future of Tech is Female (FoTiF) w\u00fcrdigt und st\u00e4rkt die Pr\u00e4senz von Frauen in den Bereichen Technologie, Innovation und Unternehmertum. Diese richtungsweisende Veranstaltung findet von Montag, 24. November, bis Freitag, 28. November 2025, im BeCentral (Cantersteen 12, 1000 Br\u00fcssel) statt. Eine Woche lang versammelt FoTiF IT-Akteurinnen, Unternehmerinnen, Expertinnen und engagierte Organisationen, um ein inklusiveres [&hellip;]\" \/>\n<meta property=\"og:url\" content=\"https:\/\/www.bedigitaltogether.be\/de\/\" \/>\n<meta property=\"og:site_name\" content=\"BeDigitalTogether\" \/>\n<meta property=\"article:published_time\" content=\"2025-10-31T13:02:46+00:00\" \/>\n<meta property=\"article:modified_time\" content=\"2025-11-04T12:19:19+00:00\" \/>\n<meta property=\"og:image\" content=\"https:\/\/www.bedigitaltogether.be\/wp-content\/uploads\/2025\/10\/futureoftech.png\" \/>\n\t<meta property=\"og:image:width\" content=\"550\" \/>\n\t<meta property=\"og:image:height\" content=\"368\" \/>\n\t<meta property=\"og:image:type\" content=\"image\/png\" \/>\n<meta name=\"author\" content=\"Pierre\" \/>\n<meta name=\"twitter:card\" content=\"summary_large_image\" \/>\n<meta name=\"twitter:label1\" content=\"Verfasst von\" \/>\n\t<meta name=\"twitter:data1\" content=\"Pierre\" \/>\n\t<meta name=\"twitter:label2\" content=\"Gesch\u00e4tzte Lesezeit\" \/>\n\t<meta name=\"twitter:data2\" content=\"1\u00a0Minute\" \/>\n<script type=\"application\/ld+json\" class=\"yoast-schema-graph\">{\"@context\":\"https:\\\/\\\/schema.org\",\"@graph\":[{\"@type\":\"Article\",\"@id\":\"https:\\\/\\\/www.bedigitaltogether.be\\\/de\\\/the-future-of-tech-is-female\\\/#article\",\"isPartOf\":{\"@id\":\"https:\\\/\\\/www.bedigitaltogether.be\\\/de\\\/the-future-of-tech-is-female\\\/\"},\"author\":{\"name\":\"Pierre\",\"@id\":\"https:\\\/\\\/www.bedigitaltogether.be\\\/de\\\/#\\\/schema\\\/person\\\/c3722c9f6ae2f22bc468e0468cc276d4\"},\"headline\":\"The Future of Tech is Female\",\"datePublished\":\"2025-10-31T13:02:46+00:00\",\"dateModified\":\"2025-11-04T12:19:19+00:00\",\"mainEntityOfPage\":{\"@id\":\"https:\\\/\\\/www.bedigitaltogether.be\\\/de\\\/the-future-of-tech-is-female\\\/\"},\"wordCount\":139,\"image\":{\"@id\":\"https:\\\/\\\/www.bedigitaltogether.be\\\/de\\\/the-future-of-tech-is-female\\\/#primaryimage\"},\"thumbnailUrl\":\"https:\\\/\\\/www.bedigitaltogether.be\\\/wp-content\\\/uploads\\\/2025\\\/10\\\/futureoftech.png\",\"articleSection\":[\"Bilder\",\"Blog\"],\"inLanguage\":\"de\"},{\"@type\":\"WebPage\",\"@id\":\"https:\\\/\\\/www.bedigitaltogether.be\\\/de\\\/the-future-of-tech-is-female\\\/\",\"url\":\"https:\\\/\\\/www.bedigitaltogether.be\\\/de\\\/the-future-of-tech-is-female\\\/\",\"name\":\"The Future of Tech is Female - BeDigitalTogether - Be Digital Together\",\"isPartOf\":{\"@id\":\"https:\\\/\\\/www.bedigitaltogether.be\\\/de\\\/#website\"},\"primaryImageOfPage\":{\"@id\":\"https:\\\/\\\/www.bedigitaltogether.be\\\/de\\\/the-future-of-tech-is-female\\\/#primaryimage\"},\"image\":{\"@id\":\"https:\\\/\\\/www.bedigitaltogether.be\\\/de\\\/the-future-of-tech-is-female\\\/#primaryimage\"},\"thumbnailUrl\":\"https:\\\/\\\/www.bedigitaltogether.be\\\/wp-content\\\/uploads\\\/2025\\\/10\\\/futureoftech.png\",\"datePublished\":\"2025-10-31T13:02:46+00:00\",\"dateModified\":\"2025-11-04T12:19:19+00:00\",\"author\":{\"@id\":\"https:\\\/\\\/www.bedigitaltogether.be\\\/de\\\/#\\\/schema\\\/person\\\/c3722c9f6ae2f22bc468e0468cc276d4\"},\"breadcrumb\":{\"@id\":\"https:\\\/\\\/www.bedigitaltogether.be\\\/de\\\/the-future-of-tech-is-female\\\/#breadcrumb\"},\"inLanguage\":\"de\",\"potentialAction\":[{\"@type\":\"ReadAction\",\"target\":[\"https:\\\/\\\/www.bedigitaltogether.be\\\/de\\\/the-future-of-tech-is-female\\\/\"]}]},{\"@type\":\"ImageObject\",\"inLanguage\":\"de\",\"@id\":\"https:\\\/\\\/www.bedigitaltogether.be\\\/de\\\/the-future-of-tech-is-female\\\/#primaryimage\",\"url\":\"https:\\\/\\\/www.bedigitaltogether.be\\\/wp-content\\\/uploads\\\/2025\\\/10\\\/futureoftech.png\",\"contentUrl\":\"https:\\\/\\\/www.bedigitaltogether.be\\\/wp-content\\\/uploads\\\/2025\\\/10\\\/futureoftech.png\",\"width\":550,\"height\":368},{\"@type\":\"BreadcrumbList\",\"@id\":\"https:\\\/\\\/www.bedigitaltogether.be\\\/de\\\/the-future-of-tech-is-female\\\/#breadcrumb\",\"itemListElement\":[{\"@type\":\"ListItem\",\"position\":1,\"name\":\"Zuhause\",\"item\":\"https:\\\/\\\/www.bedigitaltogether.be\\\/de\\\/\"},{\"@type\":\"ListItem\",\"position\":2,\"name\":\"Unkategorisiert\",\"item\":\"https:\\\/\\\/www.bedigitaltogether.be\\\/de\\\/category\\\/unkategorisiert\\\/\"},{\"@type\":\"ListItem\",\"position\":3,\"name\":\"The Future of Tech is Female\"}]},{\"@type\":\"WebSite\",\"@id\":\"https:\\\/\\\/www.bedigitaltogether.be\\\/de\\\/#website\",\"url\":\"https:\\\/\\\/www.bedigitaltogether.be\\\/de\\\/\",\"name\":\"BeDigitalTogether\",\"description\":\"\",\"potentialAction\":[{\"@type\":\"SearchAction\",\"target\":{\"@type\":\"EntryPoint\",\"urlTemplate\":\"https:\\\/\\\/www.bedigitaltogether.be\\\/de\\\/?s={search_term_string}\"},\"query-input\":{\"@type\":\"PropertyValueSpecification\",\"valueRequired\":true,\"valueName\":\"search_term_string\"}}],\"inLanguage\":\"de\"},{\"@type\":\"Person\",\"@id\":\"https:\\\/\\\/www.bedigitaltogether.be\\\/de\\\/#\\\/schema\\\/person\\\/c3722c9f6ae2f22bc468e0468cc276d4\",\"name\":\"Pierre\",\"image\":{\"@type\":\"ImageObject\",\"inLanguage\":\"de\",\"@id\":\"https:\\\/\\\/secure.gravatar.com\\\/avatar\\\/0014f2ba89c362b3698258bdca87ea80bf638afe793c6a820bef9cb601ca2a41?s=96&d=mm&r=g\",\"url\":\"https:\\\/\\\/secure.gravatar.com\\\/avatar\\\/0014f2ba89c362b3698258bdca87ea80bf638afe793c6a820bef9cb601ca2a41?s=96&d=mm&r=g\",\"contentUrl\":\"https:\\\/\\\/secure.gravatar.com\\\/avatar\\\/0014f2ba89c362b3698258bdca87ea80bf638afe793c6a820bef9cb601ca2a41?s=96&d=mm&r=g\",\"caption\":\"Pierre\"},\"url\":\"https:\\\/\\\/www.bedigitaltogether.be\\\/de\\\/author\\\/pierre\\\/\"}]}<\/script>\n<!-- \/ Yoast SEO plugin. -->","yoast_head_json":{"title":"The Future of Tech is Female - BeDigitalTogether - Be Digital Together","robots":{"index":"index","follow":"follow","max-snippet":"max-snippet:-1","max-image-preview":"max-image-preview:large","max-video-preview":"max-video-preview:-1"},"canonical":"https:\/\/www.bedigitaltogether.be\/de\/","og_locale":"de_DE","og_type":"article","og_title":"The Future of Tech is Female - BeDigitalTogether - Be Digital Together","og_description":"The Future of Tech is Female (FoTiF) w\u00fcrdigt und st\u00e4rkt die Pr\u00e4senz von Frauen in den Bereichen Technologie, Innovation und Unternehmertum. Diese richtungsweisende Veranstaltung findet von Montag, 24. November, bis Freitag, 28. November 2025, im BeCentral (Cantersteen 12, 1000 Br\u00fcssel) statt. Eine Woche lang versammelt FoTiF IT-Akteurinnen, Unternehmerinnen, Expertinnen und engagierte Organisationen, um ein inklusiveres [&hellip;]","og_url":"https:\/\/www.bedigitaltogether.be\/de\/","og_site_name":"BeDigitalTogether","article_published_time":"2025-10-31T13:02:46+00:00","article_modified_time":"2025-11-04T12:19:19+00:00","og_image":[{"width":550,"height":368,"url":"https:\/\/www.bedigitaltogether.be\/wp-content\/uploads\/2025\/10\/futureoftech.png","type":"image\/png"}],"author":"Pierre","twitter_card":"summary_large_image","twitter_misc":{"Verfasst von":"Pierre","Gesch\u00e4tzte Lesezeit":"1\u00a0Minute"},"schema":{"@context":"https:\/\/schema.org","@graph":[{"@type":"Article","@id":"https:\/\/www.bedigitaltogether.be\/de\/the-future-of-tech-is-female\/#article","isPartOf":{"@id":"https:\/\/www.bedigitaltogether.be\/de\/the-future-of-tech-is-female\/"},"author":{"name":"Pierre","@id":"https:\/\/www.bedigitaltogether.be\/de\/#\/schema\/person\/c3722c9f6ae2f22bc468e0468cc276d4"},"headline":"The Future of Tech is Female","datePublished":"2025-10-31T13:02:46+00:00","dateModified":"2025-11-04T12:19:19+00:00","mainEntityOfPage":{"@id":"https:\/\/www.bedigitaltogether.be\/de\/the-future-of-tech-is-female\/"},"wordCount":139,"image":{"@id":"https:\/\/www.bedigitaltogether.be\/de\/the-future-of-tech-is-female\/#primaryimage"},"thumbnailUrl":"https:\/\/www.bedigitaltogether.be\/wp-content\/uploads\/2025\/10\/futureoftech.png","articleSection":["Bilder","Blog"],"inLanguage":"de"},{"@type":"WebPage","@id":"https:\/\/www.bedigitaltogether.be\/de\/the-future-of-tech-is-female\/","url":"https:\/\/www.bedigitaltogether.be\/de\/the-future-of-tech-is-female\/","name":"The Future of Tech is Female - BeDigitalTogether - Be Digital Together","isPartOf":{"@id":"https:\/\/www.bedigitaltogether.be\/de\/#website"},"primaryImageOfPage":{"@id":"https:\/\/www.bedigitaltogether.be\/de\/the-future-of-tech-is-female\/#primaryimage"},"image":{"@id":"https:\/\/www.bedigitaltogether.be\/de\/the-future-of-tech-is-female\/#primaryimage"},"thumbnailUrl":"https:\/\/www.bedigitaltogether.be\/wp-content\/uploads\/2025\/10\/futureoftech.png","datePublished":"2025-10-31T13:02:46+00:00","dateModified":"2025-11-04T12:19:19+00:00","author":{"@id":"https:\/\/www.bedigitaltogether.be\/de\/#\/schema\/person\/c3722c9f6ae2f22bc468e0468cc276d4"},"breadcrumb":{"@id":"https:\/\/www.bedigitaltogether.be\/de\/the-future-of-tech-is-female\/#breadcrumb"},"inLanguage":"de","potentialAction":[{"@type":"ReadAction","target":["https:\/\/www.bedigitaltogether.be\/de\/the-future-of-tech-is-female\/"]}]},{"@type":"ImageObject","inLanguage":"de","@id":"https:\/\/www.bedigitaltogether.be\/de\/the-future-of-tech-is-female\/#primaryimage","url":"https:\/\/www.bedigitaltogether.be\/wp-content\/uploads\/2025\/10\/futureoftech.png","contentUrl":"https:\/\/www.bedigitaltogether.be\/wp-content\/uploads\/2025\/10\/futureoftech.png","width":550,"height":368},{"@type":"BreadcrumbList","@id":"https:\/\/www.bedigitaltogether.be\/de\/the-future-of-tech-is-female\/#breadcrumb","itemListElement":[{"@type":"ListItem","position":1,"name":"Zuhause","item":"https:\/\/www.bedigitaltogether.be\/de\/"},{"@type":"ListItem","position":2,"name":"Unkategorisiert","item":"https:\/\/www.bedigitaltogether.be\/de\/category\/unkategorisiert\/"},{"@type":"ListItem","position":3,"name":"The Future of Tech is Female"}]},{"@type":"WebSite","@id":"https:\/\/www.bedigitaltogether.be\/de\/#website","url":"https:\/\/www.bedigitaltogether.be\/de\/","name":"BeDigitalTogether","description":"","potentialAction":[{"@type":"SearchAction","target":{"@type":"EntryPoint","urlTemplate":"https:\/\/www.bedigitaltogether.be\/de\/?s={search_term_string}"},"query-input":{"@type":"PropertyValueSpecification","valueRequired":true,"valueName":"search_term_string"}}],"inLanguage":"de"},{"@type":"Person","@id":"https:\/\/www.bedigitaltogether.be\/de\/#\/schema\/person\/c3722c9f6ae2f22bc468e0468cc276d4","name":"Pierre","image":{"@type":"ImageObject","inLanguage":"de","@id":"https:\/\/secure.gravatar.com\/avatar\/0014f2ba89c362b3698258bdca87ea80bf638afe793c6a820bef9cb601ca2a41?s=96&d=mm&r=g","url":"https:\/\/secure.gravatar.com\/avatar\/0014f2ba89c362b3698258bdca87ea80bf638afe793c6a820bef9cb601ca2a41?s=96&d=mm&r=g","contentUrl":"https:\/\/secure.gravatar.com\/avatar\/0014f2ba89c362b3698258bdca87ea80bf638afe793c6a820bef9cb601ca2a41?s=96&d=mm&r=g","caption":"Pierre"},"url":"https:\/\/www.bedigitaltogether.be\/de\/author\/pierre\/"}]}},"_links":{"self":[{"href":"https:\/\/www.bedigitaltogether.be\/de\/wp-json\/wp\/v2\/posts\/10888","targetHints":{"allow":["GET"]}}],"collection":[{"href":"https:\/\/www.bedigitaltogether.be\/de\/wp-json\/wp\/v2\/posts"}],"about":[{"href":"https:\/\/www.bedigitaltogether.be\/de\/wp-json\/wp\/v2\/types\/post"}],"author":[{"embeddable":true,"href":"https:\/\/www.bedigitaltogether.be\/de\/wp-json\/wp\/v2\/users\/3"}],"replies":[{"embeddable":true,"href":"https:\/\/www.bedigitaltogether.be\/de\/wp-json\/wp\/v2\/comments?post=10888"}],"version-history":[{"count":1,"href":"https:\/\/www.bedigitaltogether.be\/de\/wp-json\/wp\/v2\/posts\/10888\/revisions"}],"predecessor-version":[{"id":10889,"href":"https:\/\/www.bedigitaltogether.be\/de\/wp-json\/wp\/v2\/posts\/10888\/revisions\/10889"}],"wp:featuredmedia":[{"embeddable":true,"href":"https:\/\/www.bedigitaltogether.be\/de\/wp-json\/wp\/v2\/media\/10865"}],"wp:attachment":[{"href":"https:\/\/www.bedigitaltogether.be\/de\/wp-json\/wp\/v2\/media?parent=10888"}],"wp:term":[{"taxonomy":"category","embeddable":true,"href":"https:\/\/www.bedigitaltogether.be\/de\/wp-json\/wp\/v2\/categories?post=10888"},{"taxonomy":"post_tag","embeddable":true,"href":"https:\/\/www.bedigitaltogether.be\/de\/wp-json\/wp\/v2\/tags?post=10888"},{"taxonomy":"active","embeddable":true,"href":"https:\/\/www.bedigitaltogether.be\/de\/wp-json\/wp\/v2\/active?post=10888"}],"curies":[{"name":"wp","href":"https:\/\/api.w.org\/{rel}","templated":true}]}}