{"id":10816,"date":"2025-10-09T14:38:58","date_gmt":"2025-10-09T14:38:58","guid":{"rendered":"https:\/\/www.bedigitaltogether.be\/veranstaltung-women-in-tech-und-wenn-ki-ein-spiegel-waere\/"},"modified":"2025-10-15T07:19:52","modified_gmt":"2025-10-15T07:19:52","slug":"veranstaltung-women-in-tech-und-wenn-ki-ein-spiegel-waere","status":"publish","type":"post","link":"https:\/\/www.bedigitaltogether.be\/de\/veranstaltung-women-in-tech-und-wenn-ki-ein-spiegel-waere\/","title":{"rendered":"Veranstaltung \u201eWomen in Tech\u201c: Und wenn KI ein Spiegel w\u00e4re"},"content":{"rendered":"\t\t<div data-elementor-type=\"wp-post\" data-elementor-id=\"10816\" class=\"elementor elementor-10816 elementor-10774\" data-elementor-post-type=\"post\">\n\t\t\t\t\t\t<section class=\"elementor-section elementor-top-section elementor-element elementor-element-54a940e elementor-section-boxed elementor-section-height-default elementor-section-height-default\" data-id=\"54a940e\" data-element_type=\"section\">\n\t\t\t\t\t\t<div class=\"elementor-container elementor-column-gap-default\">\n\t\t\t\t\t<div class=\"elementor-column elementor-col-100 elementor-top-column elementor-element elementor-element-2d6dfb3\" data-id=\"2d6dfb3\" data-element_type=\"column\">\n\t\t\t<div class=\"elementor-widget-wrap elementor-element-populated\">\n\t\t\t\t\t\t<div class=\"elementor-element elementor-element-ddbf4b0 elementor-widget elementor-widget-text-editor\" data-id=\"ddbf4b0\" data-element_type=\"widget\" data-widget_type=\"text-editor.default\">\n\t\t\t\t<div class=\"elementor-widget-container\">\n\t\t\t\t\t\t\t\t\t<p style=\"font-weight: 400;\">Im Rahmen von <strong>Vortr\u00e4gen<\/strong>, einer <strong>lebhaften Diskussion<\/strong> und einem <strong>Networking-Abend k\u00f6nnen Sie sich austauschen und Ihre Standpunkte<\/strong> zu menschlichen, ethischen und gesellschaftlichen Herausforderungen teilen, die mit KI einhergehen.<\/p><br><p style=\"font-weight: 400;\"><\/p><br><p style=\"font-weight: 400;\">W\u00e4hrend der Veranstaltung <strong>bekommen Sie die Gelegenheit, sich mit einem Thema auseinanderzusetzen, das alle Unterhaltungen gemeinsam haben: K\u00fcnstliche Intelligenz<\/strong>.<\/p><br><p style=\"font-weight: 400;\"><\/p><br><p style=\"font-weight: 400;\"><strong>An diesem Abend <\/strong>m\u00f6chten wir Ihnen<strong> L\u00f6sungen an die Hand geben, K\u00fcnstliche Intelligenz besser zu verstehen, <\/strong>und Sie <strong>anregen, diese auf ethische, transparente und souver\u00e4ne Weise zu gestalten<\/strong>.<\/p><br><p style=\"font-weight: 400;\"><strong>Datum:<\/strong> 3. November\r\n<strong>Ort:<\/strong> NRB &#8211; Network Research Belgium &#8211; 2e Avenue 65 &#8211; Parc Industriel des Hauts Sarts &#8211; 4040 Herstal<\/p><br><p style=\"font-weight: 400;\">Weitere Informationen und Anmeldem\u00f6glichkeiten finden Sie auf der <strong>offiziellen Seite der Veranstaltung<\/strong>: <a href=\"https:\/\/www.agoria.be\/en\/services\/expertise\/digitisation\/artificial-intelligence\/agenda\/et-si-lia-etait-un-miroir\">Und wenn KI ein Spiegel w\u00e4re?<\/a><a href=\"https:\/\/www.agoria.be\/en\/services\/expertise\/digitisation\/artificial-intelligence\/agenda\/et-si-lia-etait-un-miroir\"> | Agoria<\/a><\/p><br><p style=\"font-weight: 400;\"><strong>Bitte beachten Sie, dass diese Veranstaltung auf Franz\u00f6sisch stattfinden wird<\/strong><\/p>\t\t\t\t\t\t\t\t<\/div>\n\t\t\t\t<\/div>\n\t\t\t\t\t<\/div>\n\t\t<\/div>\n\t\t\t\t\t<\/div>\n\t\t<\/section>\n\t\t\t\t<\/div>\n\t\t","protected":false},"excerpt":{"rendered":"<p>Im Rahmen von Vortr\u00e4gen, einer lebhaften Diskussion und einem Networking-Abend k\u00f6nnen Sie sich austauschen und Ihre Standpunkte zu menschlichen, ethischen und gesellschaftlichen Herausforderungen teilen, die mit KI einhergehen. W\u00e4hrend der Veranstaltung bekommen Sie die Gelegenheit, sich mit einem Thema auseinanderzusetzen, das alle Unterhaltungen gemeinsam haben: K\u00fcnstliche Intelligenz. An diesem Abend m\u00f6chten wir Ihnen L\u00f6sungen an [&hellip;]<\/p>\n","protected":false},"author":3,"featured_media":10778,"comment_status":"closed","ping_status":"closed","sticky":false,"template":"","format":"standard","meta":{"_acf_changed":false,"footnotes":""},"categories":[99],"tags":[121],"active":[147],"class_list":["post-10816","post","type-post","status-publish","format-standard","has-post-thumbnail","hentry","category-arbeitswelt","tag-fall","active-active-de"],"acf":[],"yoast_head":"<!-- This site is optimized with the Yoast SEO plugin v27.5 - https:\/\/yoast.com\/product\/yoast-seo-wordpress\/ -->\n<title>Veranstaltung \u201eWomen in Tech\u201c: Und wenn KI ein Spiegel w\u00e4re - BeDigitalTogether - Be Digital Together<\/title>\n<meta name=\"robots\" content=\"index, follow, max-snippet:-1, max-image-preview:large, max-video-preview:-1\" \/>\n<link rel=\"canonical\" href=\"https:\/\/www.bedigitaltogether.be\/de\/\" \/>\n<meta property=\"og:locale\" content=\"de_DE\" \/>\n<meta property=\"og:type\" content=\"article\" \/>\n<meta property=\"og:title\" content=\"Veranstaltung \u201eWomen in Tech\u201c: Und wenn KI ein Spiegel w\u00e4re - BeDigitalTogether - Be Digital Together\" \/>\n<meta property=\"og:description\" content=\"Im Rahmen von Vortr\u00e4gen, einer lebhaften Diskussion und einem Networking-Abend k\u00f6nnen Sie sich austauschen und Ihre Standpunkte zu menschlichen, ethischen und gesellschaftlichen Herausforderungen teilen, die mit KI einhergehen. W\u00e4hrend der Veranstaltung bekommen Sie die Gelegenheit, sich mit einem Thema auseinanderzusetzen, das alle Unterhaltungen gemeinsam haben: K\u00fcnstliche Intelligenz. An diesem Abend m\u00f6chten wir Ihnen L\u00f6sungen an [&hellip;]\" \/>\n<meta property=\"og:url\" content=\"https:\/\/www.bedigitaltogether.be\/de\/\" \/>\n<meta property=\"og:site_name\" content=\"BeDigitalTogether\" \/>\n<meta property=\"article:published_time\" content=\"2025-10-09T14:38:58+00:00\" \/>\n<meta property=\"article:modified_time\" content=\"2025-10-15T07:19:52+00:00\" \/>\n<meta property=\"og:image\" content=\"https:\/\/www.bedigitaltogether.be\/wp-content\/uploads\/2025\/10\/IA.png\" \/>\n\t<meta property=\"og:image:width\" content=\"550\" \/>\n\t<meta property=\"og:image:height\" content=\"368\" \/>\n\t<meta property=\"og:image:type\" content=\"image\/png\" \/>\n<meta name=\"author\" content=\"Pierre\" \/>\n<meta name=\"twitter:card\" content=\"summary_large_image\" \/>\n<meta name=\"twitter:label1\" content=\"Verfasst von\" \/>\n\t<meta name=\"twitter:data1\" content=\"Pierre\" \/>\n\t<meta name=\"twitter:label2\" content=\"Gesch\u00e4tzte Lesezeit\" \/>\n\t<meta name=\"twitter:data2\" content=\"1\u00a0Minute\" \/>\n<script type=\"application\/ld+json\" class=\"yoast-schema-graph\">{\"@context\":\"https:\\\/\\\/schema.org\",\"@graph\":[{\"@type\":\"Article\",\"@id\":\"https:\\\/\\\/www.bedigitaltogether.be\\\/de\\\/veranstaltung-women-in-tech-und-wenn-ki-ein-spiegel-waere\\\/#article\",\"isPartOf\":{\"@id\":\"https:\\\/\\\/www.bedigitaltogether.be\\\/de\\\/veranstaltung-women-in-tech-und-wenn-ki-ein-spiegel-waere\\\/\"},\"author\":{\"name\":\"Pierre\",\"@id\":\"https:\\\/\\\/www.bedigitaltogether.be\\\/de\\\/#\\\/schema\\\/person\\\/c3722c9f6ae2f22bc468e0468cc276d4\"},\"headline\":\"Veranstaltung \u201eWomen in Tech\u201c: Und wenn KI ein Spiegel w\u00e4re\",\"datePublished\":\"2025-10-09T14:38:58+00:00\",\"dateModified\":\"2025-10-15T07:19:52+00:00\",\"mainEntityOfPage\":{\"@id\":\"https:\\\/\\\/www.bedigitaltogether.be\\\/de\\\/veranstaltung-women-in-tech-und-wenn-ki-ein-spiegel-waere\\\/\"},\"wordCount\":145,\"image\":{\"@id\":\"https:\\\/\\\/www.bedigitaltogether.be\\\/de\\\/veranstaltung-women-in-tech-und-wenn-ki-ein-spiegel-waere\\\/#primaryimage\"},\"thumbnailUrl\":\"https:\\\/\\\/www.bedigitaltogether.be\\\/wp-content\\\/uploads\\\/2025\\\/10\\\/IA.png\",\"keywords\":[\"Fall\"],\"articleSection\":[\"Arbeitswelt\"],\"inLanguage\":\"de\"},{\"@type\":\"WebPage\",\"@id\":\"https:\\\/\\\/www.bedigitaltogether.be\\\/de\\\/veranstaltung-women-in-tech-und-wenn-ki-ein-spiegel-waere\\\/\",\"url\":\"https:\\\/\\\/www.bedigitaltogether.be\\\/de\\\/veranstaltung-women-in-tech-und-wenn-ki-ein-spiegel-waere\\\/\",\"name\":\"Veranstaltung \u201eWomen in Tech\u201c: Und wenn KI ein Spiegel w\u00e4re - BeDigitalTogether - Be Digital Together\",\"isPartOf\":{\"@id\":\"https:\\\/\\\/www.bedigitaltogether.be\\\/de\\\/#website\"},\"primaryImageOfPage\":{\"@id\":\"https:\\\/\\\/www.bedigitaltogether.be\\\/de\\\/veranstaltung-women-in-tech-und-wenn-ki-ein-spiegel-waere\\\/#primaryimage\"},\"image\":{\"@id\":\"https:\\\/\\\/www.bedigitaltogether.be\\\/de\\\/veranstaltung-women-in-tech-und-wenn-ki-ein-spiegel-waere\\\/#primaryimage\"},\"thumbnailUrl\":\"https:\\\/\\\/www.bedigitaltogether.be\\\/wp-content\\\/uploads\\\/2025\\\/10\\\/IA.png\",\"datePublished\":\"2025-10-09T14:38:58+00:00\",\"dateModified\":\"2025-10-15T07:19:52+00:00\",\"author\":{\"@id\":\"https:\\\/\\\/www.bedigitaltogether.be\\\/de\\\/#\\\/schema\\\/person\\\/c3722c9f6ae2f22bc468e0468cc276d4\"},\"breadcrumb\":{\"@id\":\"https:\\\/\\\/www.bedigitaltogether.be\\\/de\\\/veranstaltung-women-in-tech-und-wenn-ki-ein-spiegel-waere\\\/#breadcrumb\"},\"inLanguage\":\"de\",\"potentialAction\":[{\"@type\":\"ReadAction\",\"target\":[\"https:\\\/\\\/www.bedigitaltogether.be\\\/de\\\/veranstaltung-women-in-tech-und-wenn-ki-ein-spiegel-waere\\\/\"]}]},{\"@type\":\"ImageObject\",\"inLanguage\":\"de\",\"@id\":\"https:\\\/\\\/www.bedigitaltogether.be\\\/de\\\/veranstaltung-women-in-tech-und-wenn-ki-ein-spiegel-waere\\\/#primaryimage\",\"url\":\"https:\\\/\\\/www.bedigitaltogether.be\\\/wp-content\\\/uploads\\\/2025\\\/10\\\/IA.png\",\"contentUrl\":\"https:\\\/\\\/www.bedigitaltogether.be\\\/wp-content\\\/uploads\\\/2025\\\/10\\\/IA.png\",\"width\":550,\"height\":368},{\"@type\":\"BreadcrumbList\",\"@id\":\"https:\\\/\\\/www.bedigitaltogether.be\\\/de\\\/veranstaltung-women-in-tech-und-wenn-ki-ein-spiegel-waere\\\/#breadcrumb\",\"itemListElement\":[{\"@type\":\"ListItem\",\"position\":1,\"name\":\"Zuhause\",\"item\":\"https:\\\/\\\/www.bedigitaltogether.be\\\/de\\\/\"},{\"@type\":\"ListItem\",\"position\":2,\"name\":\"Unkategorisiert\",\"item\":\"https:\\\/\\\/www.bedigitaltogether.be\\\/de\\\/category\\\/unkategorisiert\\\/\"},{\"@type\":\"ListItem\",\"position\":3,\"name\":\"Veranstaltung \u201eWomen in Tech\u201c: Und wenn KI ein Spiegel w\u00e4re\"}]},{\"@type\":\"WebSite\",\"@id\":\"https:\\\/\\\/www.bedigitaltogether.be\\\/de\\\/#website\",\"url\":\"https:\\\/\\\/www.bedigitaltogether.be\\\/de\\\/\",\"name\":\"BeDigitalTogether\",\"description\":\"\",\"potentialAction\":[{\"@type\":\"SearchAction\",\"target\":{\"@type\":\"EntryPoint\",\"urlTemplate\":\"https:\\\/\\\/www.bedigitaltogether.be\\\/de\\\/?s={search_term_string}\"},\"query-input\":{\"@type\":\"PropertyValueSpecification\",\"valueRequired\":true,\"valueName\":\"search_term_string\"}}],\"inLanguage\":\"de\"},{\"@type\":\"Person\",\"@id\":\"https:\\\/\\\/www.bedigitaltogether.be\\\/de\\\/#\\\/schema\\\/person\\\/c3722c9f6ae2f22bc468e0468cc276d4\",\"name\":\"Pierre\",\"image\":{\"@type\":\"ImageObject\",\"inLanguage\":\"de\",\"@id\":\"https:\\\/\\\/secure.gravatar.com\\\/avatar\\\/0014f2ba89c362b3698258bdca87ea80bf638afe793c6a820bef9cb601ca2a41?s=96&d=mm&r=g\",\"url\":\"https:\\\/\\\/secure.gravatar.com\\\/avatar\\\/0014f2ba89c362b3698258bdca87ea80bf638afe793c6a820bef9cb601ca2a41?s=96&d=mm&r=g\",\"contentUrl\":\"https:\\\/\\\/secure.gravatar.com\\\/avatar\\\/0014f2ba89c362b3698258bdca87ea80bf638afe793c6a820bef9cb601ca2a41?s=96&d=mm&r=g\",\"caption\":\"Pierre\"},\"url\":\"https:\\\/\\\/www.bedigitaltogether.be\\\/de\\\/author\\\/pierre\\\/\"}]}<\/script>\n<!-- \/ Yoast SEO plugin. -->","yoast_head_json":{"title":"Veranstaltung \u201eWomen in Tech\u201c: Und wenn KI ein Spiegel w\u00e4re - BeDigitalTogether - Be Digital Together","robots":{"index":"index","follow":"follow","max-snippet":"max-snippet:-1","max-image-preview":"max-image-preview:large","max-video-preview":"max-video-preview:-1"},"canonical":"https:\/\/www.bedigitaltogether.be\/de\/","og_locale":"de_DE","og_type":"article","og_title":"Veranstaltung \u201eWomen in Tech\u201c: Und wenn KI ein Spiegel w\u00e4re - BeDigitalTogether - Be Digital Together","og_description":"Im Rahmen von Vortr\u00e4gen, einer lebhaften Diskussion und einem Networking-Abend k\u00f6nnen Sie sich austauschen und Ihre Standpunkte zu menschlichen, ethischen und gesellschaftlichen Herausforderungen teilen, die mit KI einhergehen. W\u00e4hrend der Veranstaltung bekommen Sie die Gelegenheit, sich mit einem Thema auseinanderzusetzen, das alle Unterhaltungen gemeinsam haben: K\u00fcnstliche Intelligenz. An diesem Abend m\u00f6chten wir Ihnen L\u00f6sungen an [&hellip;]","og_url":"https:\/\/www.bedigitaltogether.be\/de\/","og_site_name":"BeDigitalTogether","article_published_time":"2025-10-09T14:38:58+00:00","article_modified_time":"2025-10-15T07:19:52+00:00","og_image":[{"width":550,"height":368,"url":"https:\/\/www.bedigitaltogether.be\/wp-content\/uploads\/2025\/10\/IA.png","type":"image\/png"}],"author":"Pierre","twitter_card":"summary_large_image","twitter_misc":{"Verfasst von":"Pierre","Gesch\u00e4tzte Lesezeit":"1\u00a0Minute"},"schema":{"@context":"https:\/\/schema.org","@graph":[{"@type":"Article","@id":"https:\/\/www.bedigitaltogether.be\/de\/veranstaltung-women-in-tech-und-wenn-ki-ein-spiegel-waere\/#article","isPartOf":{"@id":"https:\/\/www.bedigitaltogether.be\/de\/veranstaltung-women-in-tech-und-wenn-ki-ein-spiegel-waere\/"},"author":{"name":"Pierre","@id":"https:\/\/www.bedigitaltogether.be\/de\/#\/schema\/person\/c3722c9f6ae2f22bc468e0468cc276d4"},"headline":"Veranstaltung \u201eWomen in Tech\u201c: Und wenn KI ein Spiegel w\u00e4re","datePublished":"2025-10-09T14:38:58+00:00","dateModified":"2025-10-15T07:19:52+00:00","mainEntityOfPage":{"@id":"https:\/\/www.bedigitaltogether.be\/de\/veranstaltung-women-in-tech-und-wenn-ki-ein-spiegel-waere\/"},"wordCount":145,"image":{"@id":"https:\/\/www.bedigitaltogether.be\/de\/veranstaltung-women-in-tech-und-wenn-ki-ein-spiegel-waere\/#primaryimage"},"thumbnailUrl":"https:\/\/www.bedigitaltogether.be\/wp-content\/uploads\/2025\/10\/IA.png","keywords":["Fall"],"articleSection":["Arbeitswelt"],"inLanguage":"de"},{"@type":"WebPage","@id":"https:\/\/www.bedigitaltogether.be\/de\/veranstaltung-women-in-tech-und-wenn-ki-ein-spiegel-waere\/","url":"https:\/\/www.bedigitaltogether.be\/de\/veranstaltung-women-in-tech-und-wenn-ki-ein-spiegel-waere\/","name":"Veranstaltung \u201eWomen in Tech\u201c: Und wenn KI ein Spiegel w\u00e4re - BeDigitalTogether - Be Digital Together","isPartOf":{"@id":"https:\/\/www.bedigitaltogether.be\/de\/#website"},"primaryImageOfPage":{"@id":"https:\/\/www.bedigitaltogether.be\/de\/veranstaltung-women-in-tech-und-wenn-ki-ein-spiegel-waere\/#primaryimage"},"image":{"@id":"https:\/\/www.bedigitaltogether.be\/de\/veranstaltung-women-in-tech-und-wenn-ki-ein-spiegel-waere\/#primaryimage"},"thumbnailUrl":"https:\/\/www.bedigitaltogether.be\/wp-content\/uploads\/2025\/10\/IA.png","datePublished":"2025-10-09T14:38:58+00:00","dateModified":"2025-10-15T07:19:52+00:00","author":{"@id":"https:\/\/www.bedigitaltogether.be\/de\/#\/schema\/person\/c3722c9f6ae2f22bc468e0468cc276d4"},"breadcrumb":{"@id":"https:\/\/www.bedigitaltogether.be\/de\/veranstaltung-women-in-tech-und-wenn-ki-ein-spiegel-waere\/#breadcrumb"},"inLanguage":"de","potentialAction":[{"@type":"ReadAction","target":["https:\/\/www.bedigitaltogether.be\/de\/veranstaltung-women-in-tech-und-wenn-ki-ein-spiegel-waere\/"]}]},{"@type":"ImageObject","inLanguage":"de","@id":"https:\/\/www.bedigitaltogether.be\/de\/veranstaltung-women-in-tech-und-wenn-ki-ein-spiegel-waere\/#primaryimage","url":"https:\/\/www.bedigitaltogether.be\/wp-content\/uploads\/2025\/10\/IA.png","contentUrl":"https:\/\/www.bedigitaltogether.be\/wp-content\/uploads\/2025\/10\/IA.png","width":550,"height":368},{"@type":"BreadcrumbList","@id":"https:\/\/www.bedigitaltogether.be\/de\/veranstaltung-women-in-tech-und-wenn-ki-ein-spiegel-waere\/#breadcrumb","itemListElement":[{"@type":"ListItem","position":1,"name":"Zuhause","item":"https:\/\/www.bedigitaltogether.be\/de\/"},{"@type":"ListItem","position":2,"name":"Unkategorisiert","item":"https:\/\/www.bedigitaltogether.be\/de\/category\/unkategorisiert\/"},{"@type":"ListItem","position":3,"name":"Veranstaltung \u201eWomen in Tech\u201c: Und wenn KI ein Spiegel w\u00e4re"}]},{"@type":"WebSite","@id":"https:\/\/www.bedigitaltogether.be\/de\/#website","url":"https:\/\/www.bedigitaltogether.be\/de\/","name":"BeDigitalTogether","description":"","potentialAction":[{"@type":"SearchAction","target":{"@type":"EntryPoint","urlTemplate":"https:\/\/www.bedigitaltogether.be\/de\/?s={search_term_string}"},"query-input":{"@type":"PropertyValueSpecification","valueRequired":true,"valueName":"search_term_string"}}],"inLanguage":"de"},{"@type":"Person","@id":"https:\/\/www.bedigitaltogether.be\/de\/#\/schema\/person\/c3722c9f6ae2f22bc468e0468cc276d4","name":"Pierre","image":{"@type":"ImageObject","inLanguage":"de","@id":"https:\/\/secure.gravatar.com\/avatar\/0014f2ba89c362b3698258bdca87ea80bf638afe793c6a820bef9cb601ca2a41?s=96&d=mm&r=g","url":"https:\/\/secure.gravatar.com\/avatar\/0014f2ba89c362b3698258bdca87ea80bf638afe793c6a820bef9cb601ca2a41?s=96&d=mm&r=g","contentUrl":"https:\/\/secure.gravatar.com\/avatar\/0014f2ba89c362b3698258bdca87ea80bf638afe793c6a820bef9cb601ca2a41?s=96&d=mm&r=g","caption":"Pierre"},"url":"https:\/\/www.bedigitaltogether.be\/de\/author\/pierre\/"}]}},"_links":{"self":[{"href":"https:\/\/www.bedigitaltogether.be\/de\/wp-json\/wp\/v2\/posts\/10816","targetHints":{"allow":["GET"]}}],"collection":[{"href":"https:\/\/www.bedigitaltogether.be\/de\/wp-json\/wp\/v2\/posts"}],"about":[{"href":"https:\/\/www.bedigitaltogether.be\/de\/wp-json\/wp\/v2\/types\/post"}],"author":[{"embeddable":true,"href":"https:\/\/www.bedigitaltogether.be\/de\/wp-json\/wp\/v2\/users\/3"}],"replies":[{"embeddable":true,"href":"https:\/\/www.bedigitaltogether.be\/de\/wp-json\/wp\/v2\/comments?post=10816"}],"version-history":[{"count":1,"href":"https:\/\/www.bedigitaltogether.be\/de\/wp-json\/wp\/v2\/posts\/10816\/revisions"}],"predecessor-version":[{"id":10817,"href":"https:\/\/www.bedigitaltogether.be\/de\/wp-json\/wp\/v2\/posts\/10816\/revisions\/10817"}],"wp:featuredmedia":[{"embeddable":true,"href":"https:\/\/www.bedigitaltogether.be\/de\/wp-json\/wp\/v2\/media\/10778"}],"wp:attachment":[{"href":"https:\/\/www.bedigitaltogether.be\/de\/wp-json\/wp\/v2\/media?parent=10816"}],"wp:term":[{"taxonomy":"category","embeddable":true,"href":"https:\/\/www.bedigitaltogether.be\/de\/wp-json\/wp\/v2\/categories?post=10816"},{"taxonomy":"post_tag","embeddable":true,"href":"https:\/\/www.bedigitaltogether.be\/de\/wp-json\/wp\/v2\/tags?post=10816"},{"taxonomy":"active","embeddable":true,"href":"https:\/\/www.bedigitaltogether.be\/de\/wp-json\/wp\/v2\/active?post=10816"}],"curies":[{"name":"wp","href":"https:\/\/api.w.org\/{rel}","templated":true}]}}