{"id":10754,"date":"2025-08-27T10:34:46","date_gmt":"2025-08-27T10:34:46","guid":{"rendered":"https:\/\/www.bedigitaltogether.be\/digitale-inklusion-projektaufruf-2025\/"},"modified":"2025-08-28T12:37:37","modified_gmt":"2025-08-28T12:37:37","slug":"digitale-inklusion-projektaufruf-2025","status":"publish","type":"post","link":"https:\/\/www.bedigitaltogether.be\/de\/digitale-inklusion-projektaufruf-2025\/","title":{"rendered":"Digitale Inklusion: Projektaufruf 2025"},"content":{"rendered":"\t\t<div data-elementor-type=\"wp-post\" data-elementor-id=\"10754\" class=\"elementor elementor-10754 elementor-10737\" data-elementor-post-type=\"post\">\n\t\t\t\t\t\t<section class=\"elementor-section elementor-top-section elementor-element elementor-element-e7d946c elementor-section-boxed elementor-section-height-default elementor-section-height-default\" data-id=\"e7d946c\" data-element_type=\"section\">\n\t\t\t\t\t\t<div class=\"elementor-container elementor-column-gap-default\">\n\t\t\t\t\t<div class=\"elementor-column elementor-col-100 elementor-top-column elementor-element elementor-element-df18468\" data-id=\"df18468\" data-element_type=\"column\">\n\t\t\t<div class=\"elementor-widget-wrap elementor-element-populated\">\n\t\t\t\t\t\t<div class=\"elementor-element elementor-element-f9fb6ff elementor-widget elementor-widget-text-editor\" data-id=\"f9fb6ff\" data-element_type=\"widget\" data-widget_type=\"text-editor.default\">\n\t\t\t\t<div class=\"elementor-widget-container\">\n\t\t\t\t\t\t\t\t\t<p>Der Projektaufruf \u201eInclusion Num\u00e9rique\u201c 2025 (\u201eDigitale Inklusion 2025\u201c) des F\u00d6D Wirtschaft wurde ver\u00f6ffentlicht.<\/p>\n<p>Sie haben die M\u00f6glichkeit, Projektvorschl\u00e4ge zu den folgenden Themen einzureichen: <strong>Aneignung von digitalen Technologien<\/strong>, <strong>digitale<\/strong><br \/><strong>Barrierefreiheit<\/strong> und <strong>Women in Digital<\/strong>.<\/p>\n<p>Allgemeine Richtlinien zum Einreichen eines Projekts:<\/p>\n<ul>\n<li><strong>Frist zum Einreichen von Projektvorschl\u00e4gen<\/strong>: 30. September 2025<\/li>\n<li><strong>Subventionsh\u00f6he<\/strong>: zwischen <strong>80.000<\/strong> \u20ac (mindestens) und <strong>200.000 \u20ac<\/strong> (h\u00f6chstens)<\/li>\n<li><strong>Startdatum des Projekts<\/strong>: fr\u00fchestens der 1. Januar 2026<\/li>\n<li><strong>Enddatum des Projekts<\/strong>: sp\u00e4testens der 31. Dezember 2026<\/li>\n<\/ul>\n<p>&nbsp;<\/p>\n<p>Auf unserer <span style=\"color: #0000ff;\"><a href=\"https:\/\/economie.fgov.be\/fr\/themes\/line\/inclusion-numerique\/appel-projets\/inclusion-numerique-appel-1\">Website<\/a>\u00a0<\/span>k\u00f6nnen Sie alle Bedingungen nachlesen.<\/p>\n\t\t\t\t\t\t\t\t<\/div>\n\t\t\t\t<\/div>\n\t\t\t\t\t<\/div>\n\t\t<\/div>\n\t\t\t\t\t<\/div>\n\t\t<\/section>\n\t\t\t\t<\/div>\n\t\t","protected":false},"excerpt":{"rendered":"<p>Der Projektaufruf \u201eInclusion Num\u00e9rique\u201c 2025 (\u201eDigitale Inklusion 2025\u201c) des F\u00d6D Wirtschaft wurde ver\u00f6ffentlicht. Sie haben die M\u00f6glichkeit, Projektvorschl\u00e4ge zu den folgenden Themen einzureichen: Aneignung von digitalen Technologien, digitaleBarrierefreiheit und Women in Digital. Allgemeine Richtlinien zum Einreichen eines Projekts: Frist zum Einreichen von Projektvorschl\u00e4gen: 30. September 2025 Subventionsh\u00f6he: zwischen 80.000 \u20ac (mindestens) und 200.000 \u20ac (h\u00f6chstens) [&hellip;]<\/p>\n","protected":false},"author":3,"featured_media":10736,"comment_status":"closed","ping_status":"closed","sticky":false,"template":"","format":"standard","meta":{"_acf_changed":false,"footnotes":""},"categories":[99,143],"tags":[],"active":[147],"class_list":["post-10754","post","type-post","status-publish","format-standard","has-post-thumbnail","hentry","category-arbeitswelt","category-blog-de","active-active-de"],"acf":[],"yoast_head":"<!-- This site is optimized with the Yoast SEO plugin v27.5 - https:\/\/yoast.com\/product\/yoast-seo-wordpress\/ -->\n<title>Digitale Inklusion: Projektaufruf 2025 - BeDigitalTogether - Be Digital Together<\/title>\n<meta name=\"robots\" content=\"index, follow, max-snippet:-1, max-image-preview:large, max-video-preview:-1\" \/>\n<link rel=\"canonical\" href=\"https:\/\/www.bedigitaltogether.be\/de\/\" \/>\n<meta property=\"og:locale\" content=\"de_DE\" \/>\n<meta property=\"og:type\" content=\"article\" \/>\n<meta property=\"og:title\" content=\"Digitale Inklusion: Projektaufruf 2025 - BeDigitalTogether - Be Digital Together\" \/>\n<meta property=\"og:description\" content=\"Der Projektaufruf \u201eInclusion Num\u00e9rique\u201c 2025 (\u201eDigitale Inklusion 2025\u201c) des F\u00d6D Wirtschaft wurde ver\u00f6ffentlicht. Sie haben die M\u00f6glichkeit, Projektvorschl\u00e4ge zu den folgenden Themen einzureichen: Aneignung von digitalen Technologien, digitaleBarrierefreiheit und Women in Digital. Allgemeine Richtlinien zum Einreichen eines Projekts: Frist zum Einreichen von Projektvorschl\u00e4gen: 30. September 2025 Subventionsh\u00f6he: zwischen 80.000 \u20ac (mindestens) und 200.000 \u20ac (h\u00f6chstens) [&hellip;]\" \/>\n<meta property=\"og:url\" content=\"https:\/\/www.bedigitaltogether.be\/de\/\" \/>\n<meta property=\"og:site_name\" content=\"BeDigitalTogether\" \/>\n<meta property=\"article:published_time\" content=\"2025-08-27T10:34:46+00:00\" \/>\n<meta property=\"article:modified_time\" content=\"2025-08-28T12:37:37+00:00\" \/>\n<meta property=\"og:image\" content=\"https:\/\/www.bedigitaltogether.be\/wp-content\/uploads\/2025\/08\/projet.png\" \/>\n\t<meta property=\"og:image:width\" content=\"550\" \/>\n\t<meta property=\"og:image:height\" content=\"368\" \/>\n\t<meta property=\"og:image:type\" content=\"image\/png\" \/>\n<meta name=\"author\" content=\"Pierre\" \/>\n<meta name=\"twitter:card\" content=\"summary_large_image\" \/>\n<meta name=\"twitter:label1\" content=\"Verfasst von\" \/>\n\t<meta name=\"twitter:data1\" content=\"Pierre\" \/>\n<script type=\"application\/ld+json\" class=\"yoast-schema-graph\">{\"@context\":\"https:\\\/\\\/schema.org\",\"@graph\":[{\"@type\":\"Article\",\"@id\":\"https:\\\/\\\/www.bedigitaltogether.be\\\/de\\\/digitale-inklusion-projektaufruf-2025\\\/#article\",\"isPartOf\":{\"@id\":\"https:\\\/\\\/www.bedigitaltogether.be\\\/de\\\/digitale-inklusion-projektaufruf-2025\\\/\"},\"author\":{\"name\":\"Pierre\",\"@id\":\"https:\\\/\\\/www.bedigitaltogether.be\\\/de\\\/#\\\/schema\\\/person\\\/c3722c9f6ae2f22bc468e0468cc276d4\"},\"headline\":\"Digitale Inklusion: Projektaufruf 2025\",\"datePublished\":\"2025-08-27T10:34:46+00:00\",\"dateModified\":\"2025-08-28T12:37:37+00:00\",\"mainEntityOfPage\":{\"@id\":\"https:\\\/\\\/www.bedigitaltogether.be\\\/de\\\/digitale-inklusion-projektaufruf-2025\\\/\"},\"wordCount\":83,\"image\":{\"@id\":\"https:\\\/\\\/www.bedigitaltogether.be\\\/de\\\/digitale-inklusion-projektaufruf-2025\\\/#primaryimage\"},\"thumbnailUrl\":\"https:\\\/\\\/www.bedigitaltogether.be\\\/wp-content\\\/uploads\\\/2025\\\/08\\\/projet.png\",\"articleSection\":[\"Arbeitswelt\",\"Blog\"],\"inLanguage\":\"de\"},{\"@type\":\"WebPage\",\"@id\":\"https:\\\/\\\/www.bedigitaltogether.be\\\/de\\\/digitale-inklusion-projektaufruf-2025\\\/\",\"url\":\"https:\\\/\\\/www.bedigitaltogether.be\\\/de\\\/digitale-inklusion-projektaufruf-2025\\\/\",\"name\":\"Digitale Inklusion: Projektaufruf 2025 - BeDigitalTogether - Be Digital Together\",\"isPartOf\":{\"@id\":\"https:\\\/\\\/www.bedigitaltogether.be\\\/de\\\/#website\"},\"primaryImageOfPage\":{\"@id\":\"https:\\\/\\\/www.bedigitaltogether.be\\\/de\\\/digitale-inklusion-projektaufruf-2025\\\/#primaryimage\"},\"image\":{\"@id\":\"https:\\\/\\\/www.bedigitaltogether.be\\\/de\\\/digitale-inklusion-projektaufruf-2025\\\/#primaryimage\"},\"thumbnailUrl\":\"https:\\\/\\\/www.bedigitaltogether.be\\\/wp-content\\\/uploads\\\/2025\\\/08\\\/projet.png\",\"datePublished\":\"2025-08-27T10:34:46+00:00\",\"dateModified\":\"2025-08-28T12:37:37+00:00\",\"author\":{\"@id\":\"https:\\\/\\\/www.bedigitaltogether.be\\\/de\\\/#\\\/schema\\\/person\\\/c3722c9f6ae2f22bc468e0468cc276d4\"},\"breadcrumb\":{\"@id\":\"https:\\\/\\\/www.bedigitaltogether.be\\\/de\\\/digitale-inklusion-projektaufruf-2025\\\/#breadcrumb\"},\"inLanguage\":\"de\",\"potentialAction\":[{\"@type\":\"ReadAction\",\"target\":[\"https:\\\/\\\/www.bedigitaltogether.be\\\/de\\\/digitale-inklusion-projektaufruf-2025\\\/\"]}]},{\"@type\":\"ImageObject\",\"inLanguage\":\"de\",\"@id\":\"https:\\\/\\\/www.bedigitaltogether.be\\\/de\\\/digitale-inklusion-projektaufruf-2025\\\/#primaryimage\",\"url\":\"https:\\\/\\\/www.bedigitaltogether.be\\\/wp-content\\\/uploads\\\/2025\\\/08\\\/projet.png\",\"contentUrl\":\"https:\\\/\\\/www.bedigitaltogether.be\\\/wp-content\\\/uploads\\\/2025\\\/08\\\/projet.png\",\"width\":550,\"height\":368},{\"@type\":\"BreadcrumbList\",\"@id\":\"https:\\\/\\\/www.bedigitaltogether.be\\\/de\\\/digitale-inklusion-projektaufruf-2025\\\/#breadcrumb\",\"itemListElement\":[{\"@type\":\"ListItem\",\"position\":1,\"name\":\"Zuhause\",\"item\":\"https:\\\/\\\/www.bedigitaltogether.be\\\/de\\\/\"},{\"@type\":\"ListItem\",\"position\":2,\"name\":\"Arbeitswelt\",\"item\":\"https:\\\/\\\/www.bedigitaltogether.be\\\/de\\\/category\\\/arbeitswelt\\\/\"},{\"@type\":\"ListItem\",\"position\":3,\"name\":\"Digitale Inklusion: Projektaufruf 2025\"}]},{\"@type\":\"WebSite\",\"@id\":\"https:\\\/\\\/www.bedigitaltogether.be\\\/de\\\/#website\",\"url\":\"https:\\\/\\\/www.bedigitaltogether.be\\\/de\\\/\",\"name\":\"BeDigitalTogether\",\"description\":\"\",\"potentialAction\":[{\"@type\":\"SearchAction\",\"target\":{\"@type\":\"EntryPoint\",\"urlTemplate\":\"https:\\\/\\\/www.bedigitaltogether.be\\\/de\\\/?s={search_term_string}\"},\"query-input\":{\"@type\":\"PropertyValueSpecification\",\"valueRequired\":true,\"valueName\":\"search_term_string\"}}],\"inLanguage\":\"de\"},{\"@type\":\"Person\",\"@id\":\"https:\\\/\\\/www.bedigitaltogether.be\\\/de\\\/#\\\/schema\\\/person\\\/c3722c9f6ae2f22bc468e0468cc276d4\",\"name\":\"Pierre\",\"image\":{\"@type\":\"ImageObject\",\"inLanguage\":\"de\",\"@id\":\"https:\\\/\\\/secure.gravatar.com\\\/avatar\\\/0014f2ba89c362b3698258bdca87ea80bf638afe793c6a820bef9cb601ca2a41?s=96&d=mm&r=g\",\"url\":\"https:\\\/\\\/secure.gravatar.com\\\/avatar\\\/0014f2ba89c362b3698258bdca87ea80bf638afe793c6a820bef9cb601ca2a41?s=96&d=mm&r=g\",\"contentUrl\":\"https:\\\/\\\/secure.gravatar.com\\\/avatar\\\/0014f2ba89c362b3698258bdca87ea80bf638afe793c6a820bef9cb601ca2a41?s=96&d=mm&r=g\",\"caption\":\"Pierre\"},\"url\":\"https:\\\/\\\/www.bedigitaltogether.be\\\/de\\\/author\\\/pierre\\\/\"}]}<\/script>\n<!-- \/ Yoast SEO plugin. -->","yoast_head_json":{"title":"Digitale Inklusion: Projektaufruf 2025 - BeDigitalTogether - Be Digital Together","robots":{"index":"index","follow":"follow","max-snippet":"max-snippet:-1","max-image-preview":"max-image-preview:large","max-video-preview":"max-video-preview:-1"},"canonical":"https:\/\/www.bedigitaltogether.be\/de\/","og_locale":"de_DE","og_type":"article","og_title":"Digitale Inklusion: Projektaufruf 2025 - BeDigitalTogether - Be Digital Together","og_description":"Der Projektaufruf \u201eInclusion Num\u00e9rique\u201c 2025 (\u201eDigitale Inklusion 2025\u201c) des F\u00d6D Wirtschaft wurde ver\u00f6ffentlicht. Sie haben die M\u00f6glichkeit, Projektvorschl\u00e4ge zu den folgenden Themen einzureichen: Aneignung von digitalen Technologien, digitaleBarrierefreiheit und Women in Digital. Allgemeine Richtlinien zum Einreichen eines Projekts: Frist zum Einreichen von Projektvorschl\u00e4gen: 30. September 2025 Subventionsh\u00f6he: zwischen 80.000 \u20ac (mindestens) und 200.000 \u20ac (h\u00f6chstens) [&hellip;]","og_url":"https:\/\/www.bedigitaltogether.be\/de\/","og_site_name":"BeDigitalTogether","article_published_time":"2025-08-27T10:34:46+00:00","article_modified_time":"2025-08-28T12:37:37+00:00","og_image":[{"width":550,"height":368,"url":"https:\/\/www.bedigitaltogether.be\/wp-content\/uploads\/2025\/08\/projet.png","type":"image\/png"}],"author":"Pierre","twitter_card":"summary_large_image","twitter_misc":{"Verfasst von":"Pierre"},"schema":{"@context":"https:\/\/schema.org","@graph":[{"@type":"Article","@id":"https:\/\/www.bedigitaltogether.be\/de\/digitale-inklusion-projektaufruf-2025\/#article","isPartOf":{"@id":"https:\/\/www.bedigitaltogether.be\/de\/digitale-inklusion-projektaufruf-2025\/"},"author":{"name":"Pierre","@id":"https:\/\/www.bedigitaltogether.be\/de\/#\/schema\/person\/c3722c9f6ae2f22bc468e0468cc276d4"},"headline":"Digitale Inklusion: Projektaufruf 2025","datePublished":"2025-08-27T10:34:46+00:00","dateModified":"2025-08-28T12:37:37+00:00","mainEntityOfPage":{"@id":"https:\/\/www.bedigitaltogether.be\/de\/digitale-inklusion-projektaufruf-2025\/"},"wordCount":83,"image":{"@id":"https:\/\/www.bedigitaltogether.be\/de\/digitale-inklusion-projektaufruf-2025\/#primaryimage"},"thumbnailUrl":"https:\/\/www.bedigitaltogether.be\/wp-content\/uploads\/2025\/08\/projet.png","articleSection":["Arbeitswelt","Blog"],"inLanguage":"de"},{"@type":"WebPage","@id":"https:\/\/www.bedigitaltogether.be\/de\/digitale-inklusion-projektaufruf-2025\/","url":"https:\/\/www.bedigitaltogether.be\/de\/digitale-inklusion-projektaufruf-2025\/","name":"Digitale Inklusion: Projektaufruf 2025 - BeDigitalTogether - Be Digital Together","isPartOf":{"@id":"https:\/\/www.bedigitaltogether.be\/de\/#website"},"primaryImageOfPage":{"@id":"https:\/\/www.bedigitaltogether.be\/de\/digitale-inklusion-projektaufruf-2025\/#primaryimage"},"image":{"@id":"https:\/\/www.bedigitaltogether.be\/de\/digitale-inklusion-projektaufruf-2025\/#primaryimage"},"thumbnailUrl":"https:\/\/www.bedigitaltogether.be\/wp-content\/uploads\/2025\/08\/projet.png","datePublished":"2025-08-27T10:34:46+00:00","dateModified":"2025-08-28T12:37:37+00:00","author":{"@id":"https:\/\/www.bedigitaltogether.be\/de\/#\/schema\/person\/c3722c9f6ae2f22bc468e0468cc276d4"},"breadcrumb":{"@id":"https:\/\/www.bedigitaltogether.be\/de\/digitale-inklusion-projektaufruf-2025\/#breadcrumb"},"inLanguage":"de","potentialAction":[{"@type":"ReadAction","target":["https:\/\/www.bedigitaltogether.be\/de\/digitale-inklusion-projektaufruf-2025\/"]}]},{"@type":"ImageObject","inLanguage":"de","@id":"https:\/\/www.bedigitaltogether.be\/de\/digitale-inklusion-projektaufruf-2025\/#primaryimage","url":"https:\/\/www.bedigitaltogether.be\/wp-content\/uploads\/2025\/08\/projet.png","contentUrl":"https:\/\/www.bedigitaltogether.be\/wp-content\/uploads\/2025\/08\/projet.png","width":550,"height":368},{"@type":"BreadcrumbList","@id":"https:\/\/www.bedigitaltogether.be\/de\/digitale-inklusion-projektaufruf-2025\/#breadcrumb","itemListElement":[{"@type":"ListItem","position":1,"name":"Zuhause","item":"https:\/\/www.bedigitaltogether.be\/de\/"},{"@type":"ListItem","position":2,"name":"Arbeitswelt","item":"https:\/\/www.bedigitaltogether.be\/de\/category\/arbeitswelt\/"},{"@type":"ListItem","position":3,"name":"Digitale Inklusion: Projektaufruf 2025"}]},{"@type":"WebSite","@id":"https:\/\/www.bedigitaltogether.be\/de\/#website","url":"https:\/\/www.bedigitaltogether.be\/de\/","name":"BeDigitalTogether","description":"","potentialAction":[{"@type":"SearchAction","target":{"@type":"EntryPoint","urlTemplate":"https:\/\/www.bedigitaltogether.be\/de\/?s={search_term_string}"},"query-input":{"@type":"PropertyValueSpecification","valueRequired":true,"valueName":"search_term_string"}}],"inLanguage":"de"},{"@type":"Person","@id":"https:\/\/www.bedigitaltogether.be\/de\/#\/schema\/person\/c3722c9f6ae2f22bc468e0468cc276d4","name":"Pierre","image":{"@type":"ImageObject","inLanguage":"de","@id":"https:\/\/secure.gravatar.com\/avatar\/0014f2ba89c362b3698258bdca87ea80bf638afe793c6a820bef9cb601ca2a41?s=96&d=mm&r=g","url":"https:\/\/secure.gravatar.com\/avatar\/0014f2ba89c362b3698258bdca87ea80bf638afe793c6a820bef9cb601ca2a41?s=96&d=mm&r=g","contentUrl":"https:\/\/secure.gravatar.com\/avatar\/0014f2ba89c362b3698258bdca87ea80bf638afe793c6a820bef9cb601ca2a41?s=96&d=mm&r=g","caption":"Pierre"},"url":"https:\/\/www.bedigitaltogether.be\/de\/author\/pierre\/"}]}},"_links":{"self":[{"href":"https:\/\/www.bedigitaltogether.be\/de\/wp-json\/wp\/v2\/posts\/10754","targetHints":{"allow":["GET"]}}],"collection":[{"href":"https:\/\/www.bedigitaltogether.be\/de\/wp-json\/wp\/v2\/posts"}],"about":[{"href":"https:\/\/www.bedigitaltogether.be\/de\/wp-json\/wp\/v2\/types\/post"}],"author":[{"embeddable":true,"href":"https:\/\/www.bedigitaltogether.be\/de\/wp-json\/wp\/v2\/users\/3"}],"replies":[{"embeddable":true,"href":"https:\/\/www.bedigitaltogether.be\/de\/wp-json\/wp\/v2\/comments?post=10754"}],"version-history":[{"count":5,"href":"https:\/\/www.bedigitaltogether.be\/de\/wp-json\/wp\/v2\/posts\/10754\/revisions"}],"predecessor-version":[{"id":10762,"href":"https:\/\/www.bedigitaltogether.be\/de\/wp-json\/wp\/v2\/posts\/10754\/revisions\/10762"}],"wp:featuredmedia":[{"embeddable":true,"href":"https:\/\/www.bedigitaltogether.be\/de\/wp-json\/wp\/v2\/media\/10736"}],"wp:attachment":[{"href":"https:\/\/www.bedigitaltogether.be\/de\/wp-json\/wp\/v2\/media?parent=10754"}],"wp:term":[{"taxonomy":"category","embeddable":true,"href":"https:\/\/www.bedigitaltogether.be\/de\/wp-json\/wp\/v2\/categories?post=10754"},{"taxonomy":"post_tag","embeddable":true,"href":"https:\/\/www.bedigitaltogether.be\/de\/wp-json\/wp\/v2\/tags?post=10754"},{"taxonomy":"active","embeddable":true,"href":"https:\/\/www.bedigitaltogether.be\/de\/wp-json\/wp\/v2\/active?post=10754"}],"curies":[{"name":"wp","href":"https:\/\/api.w.org\/{rel}","templated":true}]}}