{"id":10559,"date":"2025-03-05T08:58:51","date_gmt":"2025-03-05T08:58:51","guid":{"rendered":"https:\/\/www.bedigitaltogether.be\/top-women-tech-brussels-4-april-2025\/"},"modified":"2025-03-12T08:53:49","modified_gmt":"2025-03-12T08:53:49","slug":"top-women-tech-brussels-4-april-2025","status":"publish","type":"post","link":"https:\/\/www.bedigitaltogether.be\/de\/top-women-tech-brussels-4-april-2025\/","title":{"rendered":"Top Women Tech Brussels &#8211; 4 April 2025"},"content":{"rendered":"\n<p>Internationale Rekrutierungsveranstaltung, an der 20 belgische und nicht-belgische Unternehmen sowie 200 Frauen aus dem TECH-Bereich teilnehmen. <\/p>\n\n<p>Am 4. April 2025 kommen die Unternehmen in Br\u00fcssel den ganzen Tag sowohl an den St\u00e4nden als auch bei Pr\u00e4sentationen mit Talenten ins Gespr\u00e4ch. <\/p>\n\n<p>Die Teilnehmerinnen, die aus ganz Europa (und nat\u00fcrlich auch aus Belgien) kommen, werden kontaktiert, ausgew\u00e4hlt und zur Teilnahme an Top Women Tech eingeladen. <\/p>\n\n<p>Ziel ist es, talentierte Frauen mit Unternehmen zusammenzubringen, die Wert auf ein ausgewogenes Geschlechterverh\u00e4ltnis in Technologie-Funktionen legen.<\/p>\n\n<p><\/p>\n","protected":false},"excerpt":{"rendered":"<p>Internationale Rekrutierungsveranstaltung, an der 20 belgische und nicht-belgische Unternehmen sowie 200 Frauen aus dem TECH-Bereich teilnehmen. Am 4. April 2025 kommen die Unternehmen in Br\u00fcssel den ganzen Tag sowohl an den St\u00e4nden als auch bei Pr\u00e4sentationen mit Talenten ins Gespr\u00e4ch. Die Teilnehmerinnen, die aus ganz Europa (und nat\u00fcrlich auch aus Belgien) kommen, werden kontaktiert, ausgew\u00e4hlt [&hellip;]<\/p>\n","protected":false},"author":1,"featured_media":10575,"comment_status":"closed","ping_status":"closed","sticky":false,"template":"","format":"standard","meta":{"_acf_changed":false,"footnotes":""},"categories":[99,105,102],"tags":[],"active":[147],"class_list":["post-10559","post","type-post","status-publish","format-standard","has-post-thumbnail","hentry","category-arbeitswelt","category-frauen-im-digitalen-halten","category-studien","active-active-de"],"acf":[],"yoast_head":"<!-- This site is optimized with the Yoast SEO plugin v27.5 - https:\/\/yoast.com\/product\/yoast-seo-wordpress\/ -->\n<title>Top Women Tech Brussels - 4 April 2025 - BeDigitalTogether - Be Digital Together<\/title>\n<meta name=\"robots\" content=\"index, follow, max-snippet:-1, max-image-preview:large, max-video-preview:-1\" \/>\n<link rel=\"canonical\" href=\"https:\/\/www.bedigitaltogether.be\/de\/\" \/>\n<meta property=\"og:locale\" content=\"de_DE\" \/>\n<meta property=\"og:type\" content=\"article\" \/>\n<meta property=\"og:title\" content=\"Top Women Tech Brussels - 4 April 2025 - BeDigitalTogether - Be Digital Together\" \/>\n<meta property=\"og:description\" content=\"Internationale Rekrutierungsveranstaltung, an der 20 belgische und nicht-belgische Unternehmen sowie 200 Frauen aus dem TECH-Bereich teilnehmen. Am 4. April 2025 kommen die Unternehmen in Br\u00fcssel den ganzen Tag sowohl an den St\u00e4nden als auch bei Pr\u00e4sentationen mit Talenten ins Gespr\u00e4ch. Die Teilnehmerinnen, die aus ganz Europa (und nat\u00fcrlich auch aus Belgien) kommen, werden kontaktiert, ausgew\u00e4hlt [&hellip;]\" \/>\n<meta property=\"og:url\" content=\"https:\/\/www.bedigitaltogether.be\/de\/\" \/>\n<meta property=\"og:site_name\" content=\"BeDigitalTogether\" \/>\n<meta property=\"article:published_time\" content=\"2025-03-05T08:58:51+00:00\" \/>\n<meta property=\"article:modified_time\" content=\"2025-03-12T08:53:49+00:00\" \/>\n<meta property=\"og:image\" content=\"https:\/\/www.bedigitaltogether.be\/wp-content\/uploads\/2025\/03\/TWT.png\" \/>\n\t<meta property=\"og:image:width\" content=\"550\" \/>\n\t<meta property=\"og:image:height\" content=\"368\" \/>\n\t<meta property=\"og:image:type\" content=\"image\/png\" \/>\n<meta name=\"author\" content=\"admin\" \/>\n<meta name=\"twitter:card\" content=\"summary_large_image\" \/>\n<meta name=\"twitter:label1\" content=\"Verfasst von\" \/>\n\t<meta name=\"twitter:data1\" content=\"admin\" \/>\n<script type=\"application\/ld+json\" class=\"yoast-schema-graph\">{\"@context\":\"https:\\\/\\\/schema.org\",\"@graph\":[{\"@type\":\"Article\",\"@id\":\"https:\\\/\\\/www.bedigitaltogether.be\\\/de\\\/top-women-tech-brussels-4-april-2025\\\/#article\",\"isPartOf\":{\"@id\":\"https:\\\/\\\/www.bedigitaltogether.be\\\/de\\\/top-women-tech-brussels-4-april-2025\\\/\"},\"author\":{\"name\":\"admin\",\"@id\":\"https:\\\/\\\/www.bedigitaltogether.be\\\/de\\\/#\\\/schema\\\/person\\\/b56960572f725379f0873aa9fbd131c9\"},\"headline\":\"Top Women Tech Brussels &#8211; 4 April 2025\",\"datePublished\":\"2025-03-05T08:58:51+00:00\",\"dateModified\":\"2025-03-12T08:53:49+00:00\",\"mainEntityOfPage\":{\"@id\":\"https:\\\/\\\/www.bedigitaltogether.be\\\/de\\\/top-women-tech-brussels-4-april-2025\\\/\"},\"wordCount\":89,\"image\":{\"@id\":\"https:\\\/\\\/www.bedigitaltogether.be\\\/de\\\/top-women-tech-brussels-4-april-2025\\\/#primaryimage\"},\"thumbnailUrl\":\"https:\\\/\\\/www.bedigitaltogether.be\\\/wp-content\\\/uploads\\\/2025\\\/03\\\/TWT.png\",\"articleSection\":[\"Arbeitswelt\",\"Frauen im Digitalen halten\",\"Studien\"],\"inLanguage\":\"de\"},{\"@type\":\"WebPage\",\"@id\":\"https:\\\/\\\/www.bedigitaltogether.be\\\/de\\\/top-women-tech-brussels-4-april-2025\\\/\",\"url\":\"https:\\\/\\\/www.bedigitaltogether.be\\\/de\\\/top-women-tech-brussels-4-april-2025\\\/\",\"name\":\"Top Women Tech Brussels - 4 April 2025 - BeDigitalTogether - Be Digital Together\",\"isPartOf\":{\"@id\":\"https:\\\/\\\/www.bedigitaltogether.be\\\/de\\\/#website\"},\"primaryImageOfPage\":{\"@id\":\"https:\\\/\\\/www.bedigitaltogether.be\\\/de\\\/top-women-tech-brussels-4-april-2025\\\/#primaryimage\"},\"image\":{\"@id\":\"https:\\\/\\\/www.bedigitaltogether.be\\\/de\\\/top-women-tech-brussels-4-april-2025\\\/#primaryimage\"},\"thumbnailUrl\":\"https:\\\/\\\/www.bedigitaltogether.be\\\/wp-content\\\/uploads\\\/2025\\\/03\\\/TWT.png\",\"datePublished\":\"2025-03-05T08:58:51+00:00\",\"dateModified\":\"2025-03-12T08:53:49+00:00\",\"author\":{\"@id\":\"https:\\\/\\\/www.bedigitaltogether.be\\\/de\\\/#\\\/schema\\\/person\\\/b56960572f725379f0873aa9fbd131c9\"},\"breadcrumb\":{\"@id\":\"https:\\\/\\\/www.bedigitaltogether.be\\\/de\\\/top-women-tech-brussels-4-april-2025\\\/#breadcrumb\"},\"inLanguage\":\"de\",\"potentialAction\":[{\"@type\":\"ReadAction\",\"target\":[\"https:\\\/\\\/www.bedigitaltogether.be\\\/de\\\/top-women-tech-brussels-4-april-2025\\\/\"]}]},{\"@type\":\"ImageObject\",\"inLanguage\":\"de\",\"@id\":\"https:\\\/\\\/www.bedigitaltogether.be\\\/de\\\/top-women-tech-brussels-4-april-2025\\\/#primaryimage\",\"url\":\"https:\\\/\\\/www.bedigitaltogether.be\\\/wp-content\\\/uploads\\\/2025\\\/03\\\/TWT.png\",\"contentUrl\":\"https:\\\/\\\/www.bedigitaltogether.be\\\/wp-content\\\/uploads\\\/2025\\\/03\\\/TWT.png\",\"width\":550,\"height\":368},{\"@type\":\"BreadcrumbList\",\"@id\":\"https:\\\/\\\/www.bedigitaltogether.be\\\/de\\\/top-women-tech-brussels-4-april-2025\\\/#breadcrumb\",\"itemListElement\":[{\"@type\":\"ListItem\",\"position\":1,\"name\":\"Zuhause\",\"item\":\"https:\\\/\\\/www.bedigitaltogether.be\\\/de\\\/\"},{\"@type\":\"ListItem\",\"position\":2,\"name\":\"Studien\",\"item\":\"https:\\\/\\\/www.bedigitaltogether.be\\\/de\\\/category\\\/studien\\\/\"},{\"@type\":\"ListItem\",\"position\":3,\"name\":\"Top Women Tech Brussels &#8211; 4 April 2025\"}]},{\"@type\":\"WebSite\",\"@id\":\"https:\\\/\\\/www.bedigitaltogether.be\\\/de\\\/#website\",\"url\":\"https:\\\/\\\/www.bedigitaltogether.be\\\/de\\\/\",\"name\":\"BeDigitalTogether\",\"description\":\"\",\"potentialAction\":[{\"@type\":\"SearchAction\",\"target\":{\"@type\":\"EntryPoint\",\"urlTemplate\":\"https:\\\/\\\/www.bedigitaltogether.be\\\/de\\\/?s={search_term_string}\"},\"query-input\":{\"@type\":\"PropertyValueSpecification\",\"valueRequired\":true,\"valueName\":\"search_term_string\"}}],\"inLanguage\":\"de\"},{\"@type\":\"Person\",\"@id\":\"https:\\\/\\\/www.bedigitaltogether.be\\\/de\\\/#\\\/schema\\\/person\\\/b56960572f725379f0873aa9fbd131c9\",\"name\":\"admin\",\"image\":{\"@type\":\"ImageObject\",\"inLanguage\":\"de\",\"@id\":\"https:\\\/\\\/secure.gravatar.com\\\/avatar\\\/c64dbd098148d05d0d68c4c59f1bc02d90e703757e02c60e5fa7878c6f6c4855?s=96&d=mm&r=g\",\"url\":\"https:\\\/\\\/secure.gravatar.com\\\/avatar\\\/c64dbd098148d05d0d68c4c59f1bc02d90e703757e02c60e5fa7878c6f6c4855?s=96&d=mm&r=g\",\"contentUrl\":\"https:\\\/\\\/secure.gravatar.com\\\/avatar\\\/c64dbd098148d05d0d68c4c59f1bc02d90e703757e02c60e5fa7878c6f6c4855?s=96&d=mm&r=g\",\"caption\":\"admin\"},\"sameAs\":[\"https:\\\/\\\/www.bedigitaltogether.be\"],\"url\":\"https:\\\/\\\/www.bedigitaltogether.be\\\/de\\\/author\\\/lh_2l609ggp\\\/\"}]}<\/script>\n<!-- \/ Yoast SEO plugin. -->","yoast_head_json":{"title":"Top Women Tech Brussels - 4 April 2025 - BeDigitalTogether - Be Digital Together","robots":{"index":"index","follow":"follow","max-snippet":"max-snippet:-1","max-image-preview":"max-image-preview:large","max-video-preview":"max-video-preview:-1"},"canonical":"https:\/\/www.bedigitaltogether.be\/de\/","og_locale":"de_DE","og_type":"article","og_title":"Top Women Tech Brussels - 4 April 2025 - BeDigitalTogether - Be Digital Together","og_description":"Internationale Rekrutierungsveranstaltung, an der 20 belgische und nicht-belgische Unternehmen sowie 200 Frauen aus dem TECH-Bereich teilnehmen. Am 4. April 2025 kommen die Unternehmen in Br\u00fcssel den ganzen Tag sowohl an den St\u00e4nden als auch bei Pr\u00e4sentationen mit Talenten ins Gespr\u00e4ch. Die Teilnehmerinnen, die aus ganz Europa (und nat\u00fcrlich auch aus Belgien) kommen, werden kontaktiert, ausgew\u00e4hlt [&hellip;]","og_url":"https:\/\/www.bedigitaltogether.be\/de\/","og_site_name":"BeDigitalTogether","article_published_time":"2025-03-05T08:58:51+00:00","article_modified_time":"2025-03-12T08:53:49+00:00","og_image":[{"width":550,"height":368,"url":"https:\/\/www.bedigitaltogether.be\/wp-content\/uploads\/2025\/03\/TWT.png","type":"image\/png"}],"author":"admin","twitter_card":"summary_large_image","twitter_misc":{"Verfasst von":"admin"},"schema":{"@context":"https:\/\/schema.org","@graph":[{"@type":"Article","@id":"https:\/\/www.bedigitaltogether.be\/de\/top-women-tech-brussels-4-april-2025\/#article","isPartOf":{"@id":"https:\/\/www.bedigitaltogether.be\/de\/top-women-tech-brussels-4-april-2025\/"},"author":{"name":"admin","@id":"https:\/\/www.bedigitaltogether.be\/de\/#\/schema\/person\/b56960572f725379f0873aa9fbd131c9"},"headline":"Top Women Tech Brussels &#8211; 4 April 2025","datePublished":"2025-03-05T08:58:51+00:00","dateModified":"2025-03-12T08:53:49+00:00","mainEntityOfPage":{"@id":"https:\/\/www.bedigitaltogether.be\/de\/top-women-tech-brussels-4-april-2025\/"},"wordCount":89,"image":{"@id":"https:\/\/www.bedigitaltogether.be\/de\/top-women-tech-brussels-4-april-2025\/#primaryimage"},"thumbnailUrl":"https:\/\/www.bedigitaltogether.be\/wp-content\/uploads\/2025\/03\/TWT.png","articleSection":["Arbeitswelt","Frauen im Digitalen halten","Studien"],"inLanguage":"de"},{"@type":"WebPage","@id":"https:\/\/www.bedigitaltogether.be\/de\/top-women-tech-brussels-4-april-2025\/","url":"https:\/\/www.bedigitaltogether.be\/de\/top-women-tech-brussels-4-april-2025\/","name":"Top Women Tech Brussels - 4 April 2025 - BeDigitalTogether - Be Digital Together","isPartOf":{"@id":"https:\/\/www.bedigitaltogether.be\/de\/#website"},"primaryImageOfPage":{"@id":"https:\/\/www.bedigitaltogether.be\/de\/top-women-tech-brussels-4-april-2025\/#primaryimage"},"image":{"@id":"https:\/\/www.bedigitaltogether.be\/de\/top-women-tech-brussels-4-april-2025\/#primaryimage"},"thumbnailUrl":"https:\/\/www.bedigitaltogether.be\/wp-content\/uploads\/2025\/03\/TWT.png","datePublished":"2025-03-05T08:58:51+00:00","dateModified":"2025-03-12T08:53:49+00:00","author":{"@id":"https:\/\/www.bedigitaltogether.be\/de\/#\/schema\/person\/b56960572f725379f0873aa9fbd131c9"},"breadcrumb":{"@id":"https:\/\/www.bedigitaltogether.be\/de\/top-women-tech-brussels-4-april-2025\/#breadcrumb"},"inLanguage":"de","potentialAction":[{"@type":"ReadAction","target":["https:\/\/www.bedigitaltogether.be\/de\/top-women-tech-brussels-4-april-2025\/"]}]},{"@type":"ImageObject","inLanguage":"de","@id":"https:\/\/www.bedigitaltogether.be\/de\/top-women-tech-brussels-4-april-2025\/#primaryimage","url":"https:\/\/www.bedigitaltogether.be\/wp-content\/uploads\/2025\/03\/TWT.png","contentUrl":"https:\/\/www.bedigitaltogether.be\/wp-content\/uploads\/2025\/03\/TWT.png","width":550,"height":368},{"@type":"BreadcrumbList","@id":"https:\/\/www.bedigitaltogether.be\/de\/top-women-tech-brussels-4-april-2025\/#breadcrumb","itemListElement":[{"@type":"ListItem","position":1,"name":"Zuhause","item":"https:\/\/www.bedigitaltogether.be\/de\/"},{"@type":"ListItem","position":2,"name":"Studien","item":"https:\/\/www.bedigitaltogether.be\/de\/category\/studien\/"},{"@type":"ListItem","position":3,"name":"Top Women Tech Brussels &#8211; 4 April 2025"}]},{"@type":"WebSite","@id":"https:\/\/www.bedigitaltogether.be\/de\/#website","url":"https:\/\/www.bedigitaltogether.be\/de\/","name":"BeDigitalTogether","description":"","potentialAction":[{"@type":"SearchAction","target":{"@type":"EntryPoint","urlTemplate":"https:\/\/www.bedigitaltogether.be\/de\/?s={search_term_string}"},"query-input":{"@type":"PropertyValueSpecification","valueRequired":true,"valueName":"search_term_string"}}],"inLanguage":"de"},{"@type":"Person","@id":"https:\/\/www.bedigitaltogether.be\/de\/#\/schema\/person\/b56960572f725379f0873aa9fbd131c9","name":"admin","image":{"@type":"ImageObject","inLanguage":"de","@id":"https:\/\/secure.gravatar.com\/avatar\/c64dbd098148d05d0d68c4c59f1bc02d90e703757e02c60e5fa7878c6f6c4855?s=96&d=mm&r=g","url":"https:\/\/secure.gravatar.com\/avatar\/c64dbd098148d05d0d68c4c59f1bc02d90e703757e02c60e5fa7878c6f6c4855?s=96&d=mm&r=g","contentUrl":"https:\/\/secure.gravatar.com\/avatar\/c64dbd098148d05d0d68c4c59f1bc02d90e703757e02c60e5fa7878c6f6c4855?s=96&d=mm&r=g","caption":"admin"},"sameAs":["https:\/\/www.bedigitaltogether.be"],"url":"https:\/\/www.bedigitaltogether.be\/de\/author\/lh_2l609ggp\/"}]}},"_links":{"self":[{"href":"https:\/\/www.bedigitaltogether.be\/de\/wp-json\/wp\/v2\/posts\/10559","targetHints":{"allow":["GET"]}}],"collection":[{"href":"https:\/\/www.bedigitaltogether.be\/de\/wp-json\/wp\/v2\/posts"}],"about":[{"href":"https:\/\/www.bedigitaltogether.be\/de\/wp-json\/wp\/v2\/types\/post"}],"author":[{"embeddable":true,"href":"https:\/\/www.bedigitaltogether.be\/de\/wp-json\/wp\/v2\/users\/1"}],"replies":[{"embeddable":true,"href":"https:\/\/www.bedigitaltogether.be\/de\/wp-json\/wp\/v2\/comments?post=10559"}],"version-history":[{"count":3,"href":"https:\/\/www.bedigitaltogether.be\/de\/wp-json\/wp\/v2\/posts\/10559\/revisions"}],"predecessor-version":[{"id":10569,"href":"https:\/\/www.bedigitaltogether.be\/de\/wp-json\/wp\/v2\/posts\/10559\/revisions\/10569"}],"wp:featuredmedia":[{"embeddable":true,"href":"https:\/\/www.bedigitaltogether.be\/de\/wp-json\/wp\/v2\/media\/10575"}],"wp:attachment":[{"href":"https:\/\/www.bedigitaltogether.be\/de\/wp-json\/wp\/v2\/media?parent=10559"}],"wp:term":[{"taxonomy":"category","embeddable":true,"href":"https:\/\/www.bedigitaltogether.be\/de\/wp-json\/wp\/v2\/categories?post=10559"},{"taxonomy":"post_tag","embeddable":true,"href":"https:\/\/www.bedigitaltogether.be\/de\/wp-json\/wp\/v2\/tags?post=10559"},{"taxonomy":"active","embeddable":true,"href":"https:\/\/www.bedigitaltogether.be\/de\/wp-json\/wp\/v2\/active?post=10559"}],"curies":[{"name":"wp","href":"https:\/\/api.w.org\/{rel}","templated":true}]}}